{"id":10050,"date":"2026-04-30T07:30:48","date_gmt":"2026-04-30T07:30:48","guid":{"rendered":"https:\/\/revistacienciaecultura.org.br\/?p=10050"},"modified":"2026-04-02T11:55:45","modified_gmt":"2026-04-02T11:55:45","slug":"memoria-sob-ameaca","status":"publish","type":"post","link":"https:\/\/revistacienciaecultura.org.br\/?p=10050","title":{"rendered":"Mem\u00f3ria sob amea\u00e7a"},"content":{"rendered":"<p>As mudan\u00e7as clim\u00e1ticas deixaram de ser apenas uma quest\u00e3o ambiental para se consolidarem como uma amea\u00e7a direta ao patrim\u00f4nio cultural e natural da humanidade. Estima-se que cerca de 60% dos s\u00edtios reconhecidos pela UNESCO estejam expostos a riscos como inunda\u00e7\u00f5es, inc\u00eandios, eros\u00e3o e eleva\u00e7\u00e3o do n\u00edvel do mar, configurando um cen\u00e1rio de vulnerabilidade sem precedentes.<\/p>\n<p>Fen\u00f4menos j\u00e1 observados em diferentes partes do mundo evidenciam a gravidade do problema. O branqueamento da Grande Barreira de Corais, na Austr\u00e1lia, e a eros\u00e3o de s\u00edtios arqueol\u00f3gicos costeiros s\u00e3o exemplos de danos f\u00edsicos muitas vezes irrevers\u00edveis, que ultrapassam a dimens\u00e3o ambiental e atingem diretamente a mem\u00f3ria coletiva.<\/p>\n<p>A destrui\u00e7\u00e3o ou degrada\u00e7\u00e3o desses espa\u00e7os representa mais do que a perda de estruturas f\u00edsicas: significa o enfraquecimento de identidades culturais, hist\u00f3rias compartilhadas e v\u00ednculos sociais que atravessam gera\u00e7\u00f5es.<\/p>\n<p>&nbsp;<\/p>\n<h4 id=\"a-ameaca-que-avanca-mais-rapido\">A amea\u00e7a que avan\u00e7a mais r\u00e1pido<\/h4>\n<p>O alerta mais recente vem de relat\u00f3rios internacionais que colocam as mudan\u00e7as clim\u00e1ticas como a principal amea\u00e7a aos patrim\u00f4nios mundiais da natureza \u2014 e tamb\u00e9m a que mais cresce. Um levantamento global identificou que 43% dos s\u00edtios naturais avaliados j\u00e1 sofrem impactos diretos da crise clim\u00e1tica, n\u00famero que continua em expans\u00e3o.<\/p>\n<p>Desde a \u00faltima avalia\u00e7\u00e3o, novos locais passaram a integrar a lista de amea\u00e7ados, evidenciando a acelera\u00e7\u00e3o do problema. Ao mesmo tempo, a propor\u00e7\u00e3o de s\u00edtios com sinais positivos de conserva\u00e7\u00e3o diminuiu, revelando que os esfor\u00e7os atuais ainda n\u00e3o s\u00e3o suficientes para conter os danos.<\/p>\n<p>&nbsp;<\/p>\n<h4 id=\"a-destruicao-ou-degradacao-desses-espacos-representa-mais-do-que-a-perda-de-estruturas-fisicas-significa-o-enfraquecimento-de-identidades-culturais-historias-compartilhadas-e-vinculos-socia\" style=\"text-align: center;\"><span style=\"color: #800000;\"><em>\u201cA destrui\u00e7\u00e3o ou degrada\u00e7\u00e3o desses espa\u00e7os representa mais do que a perda de estruturas f\u00edsicas: significa o enfraquecimento de identidades culturais, hist\u00f3rias compartilhadas e v\u00ednculos sociais que atravessam gera\u00e7\u00f5es.\u201d <\/em><\/span><\/h4>\n<p>&nbsp;<\/p>\n<p>Os efeitos do clima j\u00e1 superam outras amea\u00e7as tradicionais, como esp\u00e9cies invasoras e doen\u00e7as. Esses fatores, por sua vez, tamb\u00e9m s\u00e3o intensificados pelas altera\u00e7\u00f5es clim\u00e1ticas, criando um ciclo de degrada\u00e7\u00e3o interligado e de dif\u00edcil revers\u00e3o.<\/p>\n<p>&nbsp;<\/p>\n<h4 id=\"como-o-clima-afeta-o-patrimonio\">Como o clima afeta o patrim\u00f4nio<\/h4>\n<p>O impacto das mudan\u00e7as clim\u00e1ticas sobre o patrim\u00f4nio cultural ocorre por diferentes vias, muitas vezes simult\u00e2neas. A varia\u00e7\u00e3o de temperatura e umidade, por exemplo, provoca rachaduras, corros\u00e3o e desintegra\u00e7\u00e3o em materiais como pedra, madeira e metais.<\/p>\n<p>Ambientes internos, como museus, bibliotecas e arquivos, tamb\u00e9m s\u00e3o altamente sens\u00edveis. Pequenas altera\u00e7\u00f5es clim\u00e1ticas favorecem o surgimento de fungos e microrganismos, comprometendo obras de arte, documentos hist\u00f3ricos e acervos cient\u00edficos.<\/p>\n<p>Eventos extremos \u2014 como enchentes, secas prolongadas e deslizamentos \u2014 representam outra amea\u00e7a significativa. Eles n\u00e3o apenas danificam estruturas, mas tamb\u00e9m afetam o solo e a estabilidade de edifica\u00e7\u00f5es hist\u00f3ricas, ampliando o risco de colapso.<\/p>\n<p>&nbsp;<\/p>\n<h4 id=\"cidades-historicas-na-linha-de-frente\">Cidades hist\u00f3ricas na linha de frente<\/h4>\n<p>Cidades hist\u00f3ricas est\u00e3o entre os territ\u00f3rios mais vulner\u00e1veis \u00e0 crise clim\u00e1tica. Em \u00e1reas costeiras, a eleva\u00e7\u00e3o do n\u00edvel do mar amea\u00e7a diretamente constru\u00e7\u00f5es e s\u00edtios arqueol\u00f3gicos. J\u00e1 em regi\u00f5es montanhosas, chuvas intensas aumentam o risco de deslizamentos.<\/p>\n<p>Casos recentes no Brasil ilustram esse cen\u00e1rio. Tempestades e enchentes causaram danos significativos a casar\u00f5es hist\u00f3ricos em cidades como Petr\u00f3polis e Ouro Preto, enquanto chuvas torrenciais no Sul atingiram museus, bibliotecas e centros culturais. Al\u00e9m da perda material, esses eventos comprometem a vida cotidiana das comunidades, afetando pr\u00e1ticas culturais, modos de vida e o pr\u00f3prio sentido de pertencimento aos territ\u00f3rios.<\/p>\n<p>&nbsp;<\/p>\n<h4 id=\"patrimonio-natural-e-arqueologico-sob-pressao\">Patrim\u00f4nio natural e arqueol\u00f3gico sob press\u00e3o<\/h4>\n<p>No Brasil, os impactos tamb\u00e9m atingem patrim\u00f4nios naturais e arqueol\u00f3gicos. Biomas como o Pantanal e a Amaz\u00f4nia enfrentam eventos extremos cada vez mais intensos, como inc\u00eandios e secas prolongadas, que alteram profundamente seus ecossistemas.<\/p>\n<p>S\u00edtios arqueol\u00f3gicos, como os da Serra da Capivara, apesar de protegidos, n\u00e3o est\u00e3o imunes. A eros\u00e3o, as mudan\u00e7as no regime de chuvas e a varia\u00e7\u00e3o t\u00e9rmica afetam diretamente a conserva\u00e7\u00e3o desses registros milenares. Esses espa\u00e7os, al\u00e9m de sua import\u00e2ncia cient\u00edfica, possuem forte valor simb\u00f3lico e cultural, sendo fundamentais para a compreens\u00e3o da hist\u00f3ria humana e da diversidade cultural. (<strong>Figura 1<\/strong>)<\/p>\n<h6 id=\"figura-1-serra-da-capivarafoto-divulgacao\" style=\"text-align: center;\"><img loading=\"lazy\" class=\"aligncenter wp-image-10052\" src=\"https:\/\/revistacienciaecultura.org.br\/wp-content\/uploads\/2026\/04\/CC-Memoria-ameacada-fig1.jpg\" alt=\"\" width=\"500\" height=\"333\" srcset=\"https:\/\/revistacienciaecultura.org.br\/wp-content\/uploads\/2026\/04\/CC-Memoria-ameacada-fig1.jpg 275w, https:\/\/revistacienciaecultura.org.br\/wp-content\/uploads\/2026\/04\/CC-Memoria-ameacada-fig1-18x12.jpg 18w\" sizes=\"(max-width: 500px) 100vw, 500px\" \/><br \/>\n<strong>Figura 1. Serra da Capivara<br \/>\n<\/strong>(Foto: Divulga\u00e7\u00e3o)<\/h6>\n<p>&nbsp;<\/p>\n<h4 id=\"cultura-imaterial-tambem-ameacada\">Cultura imaterial tamb\u00e9m amea\u00e7ada<\/h4>\n<p>As mudan\u00e7as clim\u00e1ticas n\u00e3o afetam apenas estruturas f\u00edsicas. Pr\u00e1ticas culturais, saberes tradicionais e modos de vida tamb\u00e9m est\u00e3o em risco, especialmente quando dependem diretamente do territ\u00f3rio.<\/p>\n<p>Secas prolongadas na Amaz\u00f4nia, por exemplo, t\u00eam impactado comunidades ribeirinhas, comprometendo atividades como a pesca artesanal e alterando din\u00e2micas culturais locais. Quando popula\u00e7\u00f5es s\u00e3o deslocadas por eventos extremos, h\u00e1 risco de ruptura de la\u00e7os sociais e perda de tradi\u00e7\u00f5es. Nesse sentido, a crise clim\u00e1tica se revela tamb\u00e9m como uma crise cultural, capaz de afetar profundamente a transmiss\u00e3o de conhecimentos entre gera\u00e7\u00f5es.<\/p>\n<p>&nbsp;<\/p>\n<h4 id=\"o-desafio-da-preservacao\">O desafio da preserva\u00e7\u00e3o<\/h4>\n<p>Diante desse cen\u00e1rio, cresce a necessidade de integrar o patrim\u00f4nio cultural \u00e0s estrat\u00e9gias de enfrentamento das mudan\u00e7as clim\u00e1ticas. Isso inclui desde o mapeamento de riscos at\u00e9 o desenvolvimento de pol\u00edticas p\u00fablicas espec\u00edficas.<\/p>\n<p>&nbsp;<\/p>\n<h4 id=\"ignorar-essa-dimensao-significa-comprometer-nao-apenas-o-passado-mas-tambem-as-possibilidades-de-adaptacao-e-continuidade-das-sociedades\" style=\"text-align: center;\"><span style=\"color: #800000;\"><em>\u201cIgnorar essa dimens\u00e3o significa comprometer n\u00e3o apenas o passado, mas tamb\u00e9m as possibilidades de adapta\u00e7\u00e3o e continuidade das sociedades.\u201d<\/em><\/span><\/h4>\n<p>&nbsp;<\/p>\n<p>Tecnologias como sensoriamento remoto, intelig\u00eancia artificial e modelagem digital v\u00eam sendo utilizadas para monitorar e prever impactos, permitindo respostas mais r\u00e1pidas e eficazes. As a\u00e7\u00f5es de conserva\u00e7\u00e3o, preserva\u00e7\u00e3o e restaura\u00e7\u00e3o tornam-se cada vez mais complexas, exigindo abordagens interdisciplinares que articulem ci\u00eancia, cultura e gest\u00e3o ambiental.<\/p>\n<p>&nbsp;<\/p>\n<h4 id=\"governanca-e-politicas-publicas\">Governan\u00e7a e pol\u00edticas p\u00fablicas<\/h4>\n<p>Especialistas defendem a cria\u00e7\u00e3o de modelos de governan\u00e7a integrada, que re\u00fanam poder p\u00fablico, pesquisadores, iniciativa privada e comunidades locais. A ideia \u00e9 superar a fragmenta\u00e7\u00e3o institucional e construir respostas mais coordenadas.<\/p>\n<p>No Brasil, iniciativas recentes apontam nessa dire\u00e7\u00e3o, como a inclus\u00e3o do patrim\u00f4nio cultural em debates sobre pol\u00edticas clim\u00e1ticas e a elabora\u00e7\u00e3o de diretrizes espec\u00edficas para sua prote\u00e7\u00e3o. A incorpora\u00e7\u00e3o de cen\u00e1rios clim\u00e1ticos em processos de licenciamento ambiental tamb\u00e9m surge como ferramenta essencial para antecipar riscos e orientar decis\u00f5es mais respons\u00e1veis. (<strong>Figura 2<\/strong>)<\/p>\n<h6 id=\"figura-2-museu-de-arte-do-rio-grande-do-sulfoto-sedac-rs-reproducao\" style=\"text-align: center;\"><img loading=\"lazy\" class=\"aligncenter wp-image-10051\" src=\"https:\/\/revistacienciaecultura.org.br\/wp-content\/uploads\/2026\/04\/CC-Memoria-ameacada-fig2-300x204.webp\" alt=\"\" width=\"500\" height=\"340\" srcset=\"https:\/\/revistacienciaecultura.org.br\/wp-content\/uploads\/2026\/04\/CC-Memoria-ameacada-fig2-300x204.webp 300w, https:\/\/revistacienciaecultura.org.br\/wp-content\/uploads\/2026\/04\/CC-Memoria-ameacada-fig2-18x12.webp 18w, https:\/\/revistacienciaecultura.org.br\/wp-content\/uploads\/2026\/04\/CC-Memoria-ameacada-fig2.webp 754w\" sizes=\"(max-width: 500px) 100vw, 500px\" \/><br \/>\n<strong>Figura 2. Museu de Arte do Rio Grande do Sul<br \/>\n<\/strong>(Foto: SEDAC-RS. Reprodu\u00e7\u00e3o)<\/h6>\n<p>&nbsp;<\/p>\n<h4 id=\"um-chamado-a-acao-global\">Um chamado \u00e0 a\u00e7\u00e3o global<\/h4>\n<p>A intensifica\u00e7\u00e3o dos eventos clim\u00e1ticos extremos refor\u00e7a a urg\u00eancia de agir. Mais do que preservar monumentos ou paisagens, trata-se de proteger a mem\u00f3ria coletiva, os v\u00ednculos sociais e os conhecimentos que ajudam sociedades a enfrentar crises.<\/p>\n<p>O patrim\u00f4nio cultural, material e imaterial, \u00e9 parte fundamental da resili\u00eancia humana. Ele oferece refer\u00eancias, identidade e at\u00e9 solu\u00e7\u00f5es baseadas em saberes tradicionais para lidar com um futuro incerto. Ignorar essa dimens\u00e3o significa comprometer n\u00e3o apenas o passado, mas tamb\u00e9m as possibilidades de adapta\u00e7\u00e3o e continuidade das sociedades.<\/p>\n<p>&nbsp;<\/p>\n<h6 id=\"capa-museu-casa-do-pontal-rjfoto-reproducao\"><strong>Capa. Museu Casa do Pontal (RJ)<br \/>\n<\/strong>(Foto: Reprodu\u00e7\u00e3o)<\/h6>\n<h6 id=\"\"><\/h6>\n<h6 id=\"ciencia-cultura-2022-by-sbpc-is-licensed-under-cc-by-sa-4-0\" style=\"text-align: center;\"><span style=\"color: #808080;\"><a style=\"color: #808080;\" href=\"https:\/\/revistacienciaecultura.org.br\/\">Ci\u00eancia &amp; Cultura<\/a>\u00a0\u00a9 2022 by\u00a0<a style=\"color: #808080;\" href=\"http:\/\/www.sbpcnet.org.br\/\">SBPC<\/a>\u00a0is licensed under\u00a0<a style=\"color: #808080;\" href=\"https:\/\/creativecommons.org\/licenses\/by-sa\/4.0\/\">CC BY-SA 4.0 \u00a0 <\/a><img loading=\"lazy\" class=\"\" src=\"https:\/\/mirrors.creativecommons.org\/presskit\/icons\/cc.svg\" alt=\"\" width=\"30\" height=\"30\" \/><img loading=\"lazy\" class=\"\" src=\"https:\/\/mirrors.creativecommons.org\/presskit\/icons\/by.svg\" alt=\"\" width=\"30\" height=\"30\" \/><img loading=\"lazy\" class=\"\" src=\"https:\/\/mirrors.creativecommons.org\/presskit\/icons\/sa.svg\" alt=\"\" width=\"30\" height=\"30\" \/><\/span><\/h6>\n","protected":false},"excerpt":{"rendered":"As mudan\u00e7as clim\u00e1ticas deixaram de ser apenas uma quest\u00e3o ambiental para se&hellip;\n","protected":false},"author":19,"featured_media":10053,"comment_status":"open","ping_status":"open","sticky":false,"template":"","format":"standard","meta":[],"categories":[1,2],"tags":[],"acf":[],"_links":{"self":[{"href":"https:\/\/revistacienciaecultura.org.br\/index.php?rest_route=\/wp\/v2\/posts\/10050"}],"collection":[{"href":"https:\/\/revistacienciaecultura.org.br\/index.php?rest_route=\/wp\/v2\/posts"}],"about":[{"href":"https:\/\/revistacienciaecultura.org.br\/index.php?rest_route=\/wp\/v2\/types\/post"}],"author":[{"embeddable":true,"href":"https:\/\/revistacienciaecultura.org.br\/index.php?rest_route=\/wp\/v2\/users\/19"}],"replies":[{"embeddable":true,"href":"https:\/\/revistacienciaecultura.org.br\/index.php?rest_route=%2Fwp%2Fv2%2Fcomments&post=10050"}],"version-history":[{"count":2,"href":"https:\/\/revistacienciaecultura.org.br\/index.php?rest_route=\/wp\/v2\/posts\/10050\/revisions"}],"predecessor-version":[{"id":10055,"href":"https:\/\/revistacienciaecultura.org.br\/index.php?rest_route=\/wp\/v2\/posts\/10050\/revisions\/10055"}],"wp:featuredmedia":[{"embeddable":true,"href":"https:\/\/revistacienciaecultura.org.br\/index.php?rest_route=\/wp\/v2\/media\/10053"}],"wp:attachment":[{"href":"https:\/\/revistacienciaecultura.org.br\/index.php?rest_route=%2Fwp%2Fv2%2Fmedia&parent=10050"}],"wp:term":[{"taxonomy":"category","embeddable":true,"href":"https:\/\/revistacienciaecultura.org.br\/index.php?rest_route=%2Fwp%2Fv2%2Fcategories&post=10050"},{"taxonomy":"post_tag","embeddable":true,"href":"https:\/\/revistacienciaecultura.org.br\/index.php?rest_route=%2Fwp%2Fv2%2Ftags&post=10050"}],"curies":[{"name":"wp","href":"https:\/\/api.w.org\/{rel}","templated":true}]}}