{"id":10067,"date":"2026-04-28T07:30:11","date_gmt":"2026-04-28T07:30:11","guid":{"rendered":"https:\/\/revistacienciaecultura.org.br\/?p=10067"},"modified":"2026-04-27T17:56:47","modified_gmt":"2026-04-27T17:56:47","slug":"ultimos-dias-para-se-inscrever-no-premio-sbpc-tiktok-de-divulgacao-cientifica","status":"publish","type":"post","link":"https:\/\/revistacienciaecultura.org.br\/?p=10067","title":{"rendered":"\u00daltimos dias para se inscrever no Pr\u00eamio SBPC-TikTok de Divulga\u00e7\u00e3o Cient\u00edfica"},"content":{"rendered":"<p>Faltam nove dias para o encerramento das inscri\u00e7\u00f5es do\u00a0<strong>Pr\u00eamio SBPC-TikTok de Divulga\u00e7\u00e3o Cient\u00edfica<\/strong>, iniciativa que busca reconhecer criadores e institui\u00e7\u00f5es que transformam conhecimento em conte\u00fado acess\u00edvel, criativo e embasado nas redes digitais.<\/p>\n<p>Lan\u00e7ado pela Sociedade Brasileira para o Progresso da Ci\u00eancia (SBPC), em parceria com o TikTok, o pr\u00eamio volta-se \u00e0 crescente produ\u00e7\u00e3o de conte\u00fados de divulga\u00e7\u00e3o cient\u00edfica na plataforma, reunindo iniciativas que ampliam o alcance do conhecimento e dialogam com novos p\u00fablicos.<\/p>\n<p>A premia\u00e7\u00e3o contempla tr\u00eas categorias:<\/p>\n<ul>\n<li><strong>\u201cRevela\u00e7\u00e3o da Divulga\u00e7\u00e3o Cient\u00edfica\u201d<\/strong>, voltada a novos criadores, maiores de 18 anos, que podem ser estudantes do Ensino M\u00e9dio, Gradua\u00e7\u00e3o ou P\u00f3s-gradua\u00e7\u00e3o, e que possuem perfil no TikTok dedicado a conte\u00fados de difus\u00e3o cient\u00edfica com at\u00e9 3 (tr\u00eas) anos de cria\u00e7\u00e3o;<\/li>\n<\/ul>\n<p>&nbsp;<\/p>\n<ul>\n<li><strong>\u201cMelhor Perfil de Divulga\u00e7\u00e3o Cient\u00edfica\u201d<\/strong>, para comunicadores j\u00e1 consolidados, tamb\u00e9m maiores de 18 anos, que v\u00eam atuando em prol da difus\u00e3o da ci\u00eancia e tecnologia no Brasil por meio do TikTok e que possuem perfis com mais de 3 (tr\u00eas) anos de atividade; e<\/li>\n<\/ul>\n<p>&nbsp;<\/p>\n<ul>\n<li><strong>\u201cMelhor Divulga\u00e7\u00e3o Cient\u00edfica Institucional\u201d<\/strong>, dedicada a institui\u00e7\u00f5es, coletivos e organiza\u00e7\u00f5es que atuam na \u00e1rea.<\/li>\n<\/ul>\n<p>Para participar, \u00e9 necess\u00e1rio preencher um formul\u00e1rio online com uma mini-apresenta\u00e7\u00e3o do perfil do TikTok a ser inscrito, o link do perfil e tr\u00eas exemplos de v\u00eddeos que s\u00e3o considerados conte\u00fados de divulga\u00e7\u00e3o cient\u00edfica. O inscrito tamb\u00e9m dever\u00e1 anexar um documento com foto, um termo de consentimento assinado pelo sistema\u00a0<span style=\"color: #800000;\"><strong><a style=\"color: #800000;\" href=\"http:\/\/gov.br\/\">gov.br<\/a><\/strong><\/span>, al\u00e9m de declarar que os conte\u00fados publicados no perfil s\u00e3o de autoria pr\u00f3pria. No caso de inscri\u00e7\u00f5es de institui\u00e7\u00f5es ou organiza\u00e7\u00f5es sociais, \u00e9 necess\u00e1ria a atribui\u00e7\u00e3o de um representante como pessoa f\u00edsica.<\/p>\n<p><strong>Vale ressaltar que os participantes do \u201cPr\u00eamio SBPC TikTok de Divulga\u00e7\u00e3o Cient\u00edfica\u201d devem demonstrar compromisso com os princ\u00edpios da integridade cient\u00edfica, da responsabilidade p\u00fablica na comunica\u00e7\u00e3o do conhecimento e do respeito \u00e0s normas \u00e9ticas no ambiente digital.<\/strong><\/p>\n<p>Os participantes concorrem a pr\u00eamios, trof\u00e9us, curso do TikTok e participa\u00e7\u00e3o na 78\u00aa Reuni\u00e3o Anual da SBPC, que ser\u00e1 realizada em Niter\u00f3i (RJ), entre os dias 26 de julho e 1\u00ba de agosto de 2026.<\/p>\n<p>Mais do que uma premia\u00e7\u00e3o, a iniciativa funciona como um convite direto \u00e0 comunidade cient\u00edfica e aos comunicadores: ocupar o ambiente digital com conte\u00fados respons\u00e1veis, criativos e comprometidos com a qualidade da informa\u00e7\u00e3o.<\/p>\n<p>Se voc\u00ea produz conte\u00fado de divulga\u00e7\u00e3o cient\u00edfica no TikTok, esta \u00e9 a oportunidade de dar visibilidade ao seu trabalho.<\/p>\n<p>Todas as informa\u00e7\u00f5es sobre o\u00a0<strong>Pr\u00eamio SBPC-TikTok de Divulga\u00e7\u00e3o Cient\u00edfica\u00a0<\/strong>est\u00e3o no Edital,\u00a0<span style=\"color: #800000;\"><strong><a style=\"color: #800000;\" href=\"http:\/\/www.jornaldaciencia.org.br\/wp-content\/uploads\/2026\/04\/Edital-Pr%C3%AAmio-SBPC-TikTok-de-Divulga%C3%A7%C3%A3o-Cient%C3%ADfica-8-4-26.pdf\" target=\"_blank\" rel=\"noopener\">neste link<\/a><\/strong><\/span>.<\/p>\n<p>Pr\u00eamio SBPC-TikTok de Divulga\u00e7\u00e3o Cient\u00edfica! Reconhecer, inspirar e fortalecer a ci\u00eancia no ambiente digital! INSCREVA-SE at\u00e9\u00a0<strong>6 de maio<\/strong>!<\/p>\n<p><span style=\"color: #808080;\"><em>Jornal da Ci\u00eancia<\/em><\/span><\/p>\n","protected":false},"excerpt":{"rendered":"Faltam nove dias para o encerramento das inscri\u00e7\u00f5es do\u00a0Pr\u00eamio SBPC-TikTok de Divulga\u00e7\u00e3o&hellip;\n","protected":false},"author":19,"featured_media":10062,"comment_status":"open","ping_status":"open","sticky":false,"template":"","format":"standard","meta":[],"categories":[1,2],"tags":[],"acf":[],"_links":{"self":[{"href":"https:\/\/revistacienciaecultura.org.br\/index.php?rest_route=\/wp\/v2\/posts\/10067"}],"collection":[{"href":"https:\/\/revistacienciaecultura.org.br\/index.php?rest_route=\/wp\/v2\/posts"}],"about":[{"href":"https:\/\/revistacienciaecultura.org.br\/index.php?rest_route=\/wp\/v2\/types\/post"}],"author":[{"embeddable":true,"href":"https:\/\/revistacienciaecultura.org.br\/index.php?rest_route=\/wp\/v2\/users\/19"}],"replies":[{"embeddable":true,"href":"https:\/\/revistacienciaecultura.org.br\/index.php?rest_route=%2Fwp%2Fv2%2Fcomments&post=10067"}],"version-history":[{"count":1,"href":"https:\/\/revistacienciaecultura.org.br\/index.php?rest_route=\/wp\/v2\/posts\/10067\/revisions"}],"predecessor-version":[{"id":10068,"href":"https:\/\/revistacienciaecultura.org.br\/index.php?rest_route=\/wp\/v2\/posts\/10067\/revisions\/10068"}],"wp:featuredmedia":[{"embeddable":true,"href":"https:\/\/revistacienciaecultura.org.br\/index.php?rest_route=\/wp\/v2\/media\/10062"}],"wp:attachment":[{"href":"https:\/\/revistacienciaecultura.org.br\/index.php?rest_route=%2Fwp%2Fv2%2Fmedia&parent=10067"}],"wp:term":[{"taxonomy":"category","embeddable":true,"href":"https:\/\/revistacienciaecultura.org.br\/index.php?rest_route=%2Fwp%2Fv2%2Fcategories&post=10067"},{"taxonomy":"post_tag","embeddable":true,"href":"https:\/\/revistacienciaecultura.org.br\/index.php?rest_route=%2Fwp%2Fv2%2Ftags&post=10067"}],"curies":[{"name":"wp","href":"https:\/\/api.w.org\/{rel}","templated":true}]}}