{"id":10676,"date":"2026-09-02T07:55:16","date_gmt":"2026-09-02T07:55:16","guid":{"rendered":"https:\/\/revistacienciaecultura.org.br\/?p=10676"},"modified":"2026-08-31T10:18:36","modified_gmt":"2026-08-31T10:18:36","slug":"pedras-do-patrimonio","status":"publish","type":"post","link":"https:\/\/revistacienciaecultura.org.br\/?p=10676","title":{"rendered":"Pedras do Patrim\u00f4nio"},"content":{"rendered":"<p>A pedra constitui parte essencial da materialidade do patrim\u00f4nio cultural. Desde o Neol\u00edtico, foi escolhida para edifica\u00e7\u00f5es, monumentos, objetos de arte e estruturas simb\u00f3licas por reunir resist\u00eancia, durabilidade, disponibilidade e beleza. Seu uso registra n\u00e3o apenas t\u00e9cnicas construtivas e escolhas est\u00e9ticas, mas tamb\u00e9m formas de organiza\u00e7\u00e3o social, cren\u00e7as, rotas comerciais, dom\u00ednio territorial e rela\u00e7\u00e3o entre cultura e natureza. Ao longo da hist\u00f3ria, diferentes sociedades tanto aproveitaram rochas pertencentes aos\u00a0 seus territ\u00f3rios como transportaram materiais de grande valor simb\u00f3lico por longas dist\u00e2ncias. Monumentos megal\u00edticos, templos, pir\u00e2mides, esculturas, cidades antigas, pal\u00e1cios e catedrais mostram que a escolha da rocha nunca foi apenas t\u00e9cnica: envolveu tamb\u00e9m prest\u00edgio, espiritualidade e identidade. <sup>[1]<\/sup><\/p>\n<p>A pedra sustenta at\u00e9 hoje monumentos de mais de 10.000 anos, como G\u00f6bekli Teppe, na Turquia, com pilares esculpidos em calc\u00e1rio; Stonehenge, no Reino Unido, constru\u00eddo com silcrete, rochas vulc\u00e2nicas e arenitos, incluindo blocos transportados por centenas de quil\u00f4metros; e as obras do Egito Antigo, nas quais calc\u00e1rios, arenitos, granitos e outras rochas do Vale do Nilo foram amplamente empregados em pir\u00e2mides, templos, tumbas e esculturas. Na \u00c1sia, destacam-se cidades em pedra, como Shimao, na China; templos escavados em maci\u00e7os de rocha, como Ellora e Ajanta, e na \u00cdndia, em monumentos como o Taj-Mahal, em M\u00e1rmore Makrana. Os gregos criaram bel\u00edssimas obras arquitet\u00f4nicas e art\u00edsticas, com seus m\u00e1rmores brancos e os romanos, por sua vez, aperfei\u00e7oaram as t\u00e9cnicas e difundiram uma verdadeira \u201ccultura da pedra\u201d, explorando rochas locais e importando outras de atributos est\u00e9ticos especiais ou simb\u00f3licos em todo seu imp\u00e9rio. Nas Am\u00e9ricas, exemplos como as Cabe\u00e7as Olmecas e Teotihuac\u00e1n, no M\u00e9xico, ou Chav\u00edn de Hu\u00e1ntar e Machu Picchu, no Peru, evidenciam o uso de rochas vulc\u00e2nicas, gran\u00edticas e sedimentares em diferentes contextos culturais (<strong>Figura 1<\/strong>). Na Europa medieval e moderna, a pedra continuou central nas arquiteturas bizantina, rom\u00e2nica, g\u00f3tica, renascentista, barroca e neocl\u00e1ssica.<\/p>\n<p><img loading=\"lazy\" class=\"aligncenter wp-image-10677\" src=\"https:\/\/revistacienciaecultura.org.br\/wp-content\/uploads\/2026\/08\/CC-3E26-opiniao-Pedras-do-Patrimonio-figura-1-300x187.jpg\" alt=\"\" width=\"500\" height=\"313\" srcset=\"https:\/\/revistacienciaecultura.org.br\/wp-content\/uploads\/2026\/08\/CC-3E26-opiniao-Pedras-do-Patrimonio-figura-1-300x187.jpg 300w, https:\/\/revistacienciaecultura.org.br\/wp-content\/uploads\/2026\/08\/CC-3E26-opiniao-Pedras-do-Patrimonio-figura-1-1024x640.jpg 1024w, https:\/\/revistacienciaecultura.org.br\/wp-content\/uploads\/2026\/08\/CC-3E26-opiniao-Pedras-do-Patrimonio-figura-1-768x480.jpg 768w, https:\/\/revistacienciaecultura.org.br\/wp-content\/uploads\/2026\/08\/CC-3E26-opiniao-Pedras-do-Patrimonio-figura-1-1536x960.jpg 1536w, https:\/\/revistacienciaecultura.org.br\/wp-content\/uploads\/2026\/08\/CC-3E26-opiniao-Pedras-do-Patrimonio-figura-1-2048x1280.jpg 2048w, https:\/\/revistacienciaecultura.org.br\/wp-content\/uploads\/2026\/08\/CC-3E26-opiniao-Pedras-do-Patrimonio-figura-1-18x12.jpg 18w, https:\/\/revistacienciaecultura.org.br\/wp-content\/uploads\/2026\/08\/CC-3E26-opiniao-Pedras-do-Patrimonio-figura-1-800x500.jpg 800w, https:\/\/revistacienciaecultura.org.br\/wp-content\/uploads\/2026\/08\/CC-3E26-opiniao-Pedras-do-Patrimonio-figura-1-1160x725.jpg 1160w, https:\/\/revistacienciaecultura.org.br\/wp-content\/uploads\/2026\/08\/CC-3E26-opiniao-Pedras-do-Patrimonio-figura-1-scaled.jpg 2560w\" sizes=\"(max-width: 500px) 100vw, 500px\" \/><\/p>\n<h6 id=\"figura-1-exemplos-de-monumentos-em-pedra-piramide-de-queops-blocos-de-calcario-local-acropole-e-partenon-construido-com-marmore-branco-do-monte-pentelico-vista-geral-de-machu-p\" style=\"text-align: center;\"><strong>Figura 1. Exemplos de monumentos em pedra: <\/strong><strong>Pir\u00e2mide de Qu\u00e9ops \u2013 blocos de calc\u00e1rio local;<\/strong> <strong>Acropole e Partenon \u2013 construido com m\u00e1rmore branco do Monte Pent\u00e9lico; Vista geral de Machu Picchu; e Taj Mahal, de M\u00e1rmore\u00a0 Makrana<br \/>\n<\/strong>(Foto: Maria Heloisa Frasc\u00e1. Reprodu\u00e7\u00e3o.)<\/h6>\n<p>&nbsp;<\/p>\n<p>As rochas s\u00e3o recursos naturais formados ao longo de milh\u00f5es de anos e, portanto, n\u00e3o renov\u00e1veis na escala de tempo humana. O que as torna \u00fanicas e relevantes na arquitetura e patrim\u00f4nio \u00e9 que cada uma tem sua hist\u00f3ria geol\u00f3gica pr\u00f3pria, expressa nos aspectos est\u00e9ticos e nas propriedades tecnol\u00f3gicas, condicionadas por sua composi\u00e7\u00e3o mineral, textura e estrutura. Denominam-se pedras naturais ou rochas ornamentais quando extra\u00eddas e trabalhadas para uso arquitet\u00f4nico, decorativo, funer\u00e1rio ou art\u00edstico. Ao serem incorporadas a edifica\u00e7\u00f5es, monumentos e obras de arte, tornam-se tamb\u00e9m recursos culturais, passando a integrar a hist\u00f3ria das sociedades como materiais de constru\u00e7\u00e3o e de express\u00e3o est\u00e9tica e simb\u00f3lica.<\/p>\n<p>&nbsp;<\/p>\n<h4 id=\"ao-serem-incorporadas-a-edificacoes-monumentos-e-obras-de-arte-tornam-se-tambem-recursos-culturais-passando-a-integrar-a-historia-das-sociedades\" style=\"text-align: center;\"><span style=\"color: #800000;\"><em>\u201cAo serem incorporadas a edifica\u00e7\u00f5es, monumentos e obras de arte, tornam-se tamb\u00e9m recursos culturais, passando a integrar a hist\u00f3ria das sociedades.\u201d <\/em><\/span><\/h4>\n<p>&nbsp;<\/p>\n<p>O Brasil possui um patrim\u00f4nio em pedra amplo e diversificado, mas, infelizmente, insuficientemente documentado. Nele, se combinam rochas locais e importadas, empregadas em fortes, igrejas, monumentos e edif\u00edcios, hist\u00f3ricos e contempor\u00e2neos. Dois raros exemplos bem documentados s\u00e3o o Gnaisse Facoidal, do Rio de Janeiro, e a Pedra Sab\u00e3o, de Minas Gerais.<\/p>\n<p>O Gnaisse Facoidal (<strong>Figura 2<\/strong>) \u00e9 uma rocha resultante do metamorfismo de um granito, formada h\u00e1 cerca de 560 milh\u00f5es de anos, per\u00edodo em que o Brasil e parte da \u00c1frica se uniram pela movimenta\u00e7\u00e3o das placas tect\u00f4nicas. \u00c9 a rocha mais abundante ao redor da Ba\u00eda da Guanabara e, por isso, a mais utilizada nas constru\u00e7\u00f5es do Rio de Janeiro e de Niter\u00f3i at\u00e9 o s\u00e9culo XX, e a principal respons\u00e1vel pela sua bela paisagem, exemplificada pelo P\u00e3o de A\u00e7\u00facar, inspiradora de muitas cria\u00e7\u00f5es art\u00edsticas e marca consagrada da cidade do Rio de Janeiro. <sup>[2,3]<\/sup><\/p>\n<p><img loading=\"lazy\" class=\"aligncenter wp-image-10683\" src=\"https:\/\/revistacienciaecultura.org.br\/wp-content\/uploads\/2026\/08\/CC-3E26-opiniao-Pedras-do-Patrimonio-figura-2-300x225.jpg\" alt=\"\" width=\"500\" height=\"375\" srcset=\"https:\/\/revistacienciaecultura.org.br\/wp-content\/uploads\/2026\/08\/CC-3E26-opiniao-Pedras-do-Patrimonio-figura-2-300x225.jpg 300w, https:\/\/revistacienciaecultura.org.br\/wp-content\/uploads\/2026\/08\/CC-3E26-opiniao-Pedras-do-Patrimonio-figura-2-1024x768.jpg 1024w, https:\/\/revistacienciaecultura.org.br\/wp-content\/uploads\/2026\/08\/CC-3E26-opiniao-Pedras-do-Patrimonio-figura-2-768x576.jpg 768w, https:\/\/revistacienciaecultura.org.br\/wp-content\/uploads\/2026\/08\/CC-3E26-opiniao-Pedras-do-Patrimonio-figura-2-16x12.jpg 16w, https:\/\/revistacienciaecultura.org.br\/wp-content\/uploads\/2026\/08\/CC-3E26-opiniao-Pedras-do-Patrimonio-figura-2-800x600.jpg 800w, https:\/\/revistacienciaecultura.org.br\/wp-content\/uploads\/2026\/08\/CC-3E26-opiniao-Pedras-do-Patrimonio-figura-2-1160x870.jpg 1160w, https:\/\/revistacienciaecultura.org.br\/wp-content\/uploads\/2026\/08\/CC-3E26-opiniao-Pedras-do-Patrimonio-figura-2.jpg 1200w\" sizes=\"(max-width: 500px) 100vw, 500px\" \/><\/p>\n<h6 id=\"figura-2-interior-da-ilha-fiscal-no-rio-de-janeiro-construida-com-gnaisse-facoidal-foto-nuria-castro-reproducao\" style=\"text-align: center;\"><strong>Figura 2. Interior da Ilha Fiscal, no Rio de Janeiro, constru\u00edda com Gnaisse Facoidal.<br \/>\n<\/strong>(Foto: Nuria Castro. Reprodu\u00e7\u00e3o)<\/h6>\n<p>&nbsp;<\/p>\n<p>A Pedra Sab\u00e3o de Minas Gerais (<strong>Figura 3<\/strong>) \u00e9 s\u00edmbolo da identidade mineira: uma rocha metam\u00f3rfica formada a partir de rochas ultram\u00e1ficas, ricas em ferro e magn\u00e9sio, h\u00e1 mais de 2 bilh\u00f5es de anos. \u00c9 a pedra do Barroco Mineiro que ornamenta in\u00fameros monumentos da arquitetura colonial, com a qual o Ant\u00f4nio Francisco Lisboa, o Aleijadinho, imortalizou os profetas do Santu\u00e1rio de Bom Jesus de Matosinhos, em Congonhas (MG). Tamb\u00e9m \u00e9 a pedra que reveste o Cristo Redentor no Rio de Janeiro e utilizada secularmente para utens\u00edlios de cozinha e artesanato. <sup>[4]<\/sup><\/p>\n<p><img loading=\"lazy\" class=\"aligncenter wp-image-10678\" src=\"https:\/\/revistacienciaecultura.org.br\/wp-content\/uploads\/2026\/08\/CC-3E26-opiniao-Pedras-do-Patrimonio-figura-3-225x300.jpg\" alt=\"\" width=\"375\" height=\"500\" srcset=\"https:\/\/revistacienciaecultura.org.br\/wp-content\/uploads\/2026\/08\/CC-3E26-opiniao-Pedras-do-Patrimonio-figura-3-225x300.jpg 225w, https:\/\/revistacienciaecultura.org.br\/wp-content\/uploads\/2026\/08\/CC-3E26-opiniao-Pedras-do-Patrimonio-figura-3-768x1024.jpg 768w, https:\/\/revistacienciaecultura.org.br\/wp-content\/uploads\/2026\/08\/CC-3E26-opiniao-Pedras-do-Patrimonio-figura-3-1152x1536.jpg 1152w, https:\/\/revistacienciaecultura.org.br\/wp-content\/uploads\/2026\/08\/CC-3E26-opiniao-Pedras-do-Patrimonio-figura-3-1536x2048.jpg 1536w, https:\/\/revistacienciaecultura.org.br\/wp-content\/uploads\/2026\/08\/CC-3E26-opiniao-Pedras-do-Patrimonio-figura-3-9x12.jpg 9w, https:\/\/revistacienciaecultura.org.br\/wp-content\/uploads\/2026\/08\/CC-3E26-opiniao-Pedras-do-Patrimonio-figura-3-800x1067.jpg 800w, https:\/\/revistacienciaecultura.org.br\/wp-content\/uploads\/2026\/08\/CC-3E26-opiniao-Pedras-do-Patrimonio-figura-3-1160x1547.jpg 1160w, https:\/\/revistacienciaecultura.org.br\/wp-content\/uploads\/2026\/08\/CC-3E26-opiniao-Pedras-do-Patrimonio-figura-3-scaled.jpg 1920w\" sizes=\"(max-width: 375px) 100vw, 375px\" \/><\/p>\n<h6 id=\"figura-3-frontispicio-da-igreja-do-carmo-em-ouro-preto-mg-ornamentado-com-pedra-sabaofoto-nuria-castro-reproducao\" style=\"text-align: center;\"><strong>Figura 3. Frontisp\u00edcio da Igreja do Carmo, em Ouro Preto (MG) ornamentado com Pedra Sab\u00e3o<br \/>\n<\/strong>(Foto: N\u00faria Castro. Reprodu\u00e7\u00e3o)<\/h6>\n<p>&nbsp;<\/p>\n<p>Outros exemplos s\u00e3o as rochas azuis da Bahia, como o Azul Maca\u00fabas e o Granito Azul Bahia, valorizadas globalmente; <sup>[5]<\/sup> os m\u00e1rmores utilizados na constru\u00e7\u00e3o de Bras\u00edlia; <sup>[6]<\/sup> e o \u201cTravertino Nacional\u201d, tamb\u00e9m conhecido como M\u00e1rmore Bege Bahia, que n\u00e3o \u00e9 geologicamente nem travertino nem m\u00e1rmore, mas sim um calc\u00e1rio. <sup>[7]<\/sup><\/p>\n<p>&nbsp;<\/p>\n<h4 id=\"a-importancia-de-conhecer-a-pedra\">A import\u00e2ncia de conhecer a pedra<\/h4>\n<p>Historicamente, a pedra e sua proced\u00eancia raramente foram documentadas. \u201cConstru\u00eddo com pedra\u201d, \u201cpedra de cantaria\u201d ou \u201cfachada de pedra\u201d s\u00e3o express\u00f5es frequentes nas descri\u00e7\u00f5es de monumentos e edifica\u00e7\u00f5es. Mas, afinal, que pedra \u00e9 essa?<\/p>\n<p>Conservar o patrim\u00f4nio em pedra exige conhecer a pedra. Nem todas s\u00e3o iguais e, embora dur\u00e1veis, n\u00e3o s\u00e3o eternas: sofrem altera\u00e7\u00f5es, geralmente lentas, ao longo da hist\u00f3ria geol\u00f3gica e se tornam muito mais r\u00e1pidas ap\u00f3s serem trabalhadas e aplicadas. A apropriada conserva\u00e7\u00e3o da rocha se inicia com sua correta identifica\u00e7\u00e3o, tanto quanto \u00e0 sua origem, como sua composi\u00e7\u00e3o mineral\u00f3gica, textura, estrutura e propriedades tecnol\u00f3gicas. Complementarmente, \u00e9 indispens\u00e1vel o conhecimento do seu comportamento frente aos agentes antr\u00f3picos e ambientais para orientar a manuten\u00e7\u00e3o, limpeza e, eventualmente, sua restaura\u00e7\u00e3o ou a substitui\u00e7\u00e3o de pe\u00e7as por materiais compat\u00edveis. Quando n\u00e3o se disp\u00f5e desses dados, aumentam os riscos de interven\u00e7\u00f5es inadequadas e de perdas irrecuper\u00e1veis de valor patrimonial [8,9]\n<p>&nbsp;<\/p>\n<h4 id=\"o-brasil-possui-um-patrimonio-em-pedra-amplo-e-diversificado-mas-infelizmente-insuficientemente-documentado\" style=\"text-align: center;\"><span style=\"color: #800000;\"><em>\u201cO Brasil possui um patrim\u00f4nio em pedra amplo e diversificado, mas, infelizmente, insuficientemente documentado.\u201d<\/em><\/span><\/h4>\n<p>&nbsp;<\/p>\n<p>A dificuldade de acesso \u00e0 documenta\u00e7\u00e3o cient\u00edfica sobre pedras naturais n\u00e3o \u00e9 exclusiva do Brasil. Nesse contexto, a Uni\u00e3o Internacional das Ci\u00eancias Geol\u00f3gicas (IUGS) estabelece a designa\u00e7\u00e3o Pedra do Patrim\u00f4nio (<em>IUGS Heritage Stone<\/em>), para que rochas usadas em monumentos e constru\u00e7\u00f5es significativas sejam reconhecidas e valorizadas por seu papel na hist\u00f3ria e cultura das civiliza\u00e7\u00f5es, e para que seus atributos geol\u00f3gicos sejam divulgados em favor da conserva\u00e7\u00e3o. A designa\u00e7\u00e3o tamb\u00e9m aproxima a geologia da popula\u00e7\u00e3o, estimula o geoturismo e adiciona valor cient\u00edfico aos monumentos, cujas pedras funcionam como pequenas janelas da hist\u00f3ria da Terra. O reconhecimento como Pedra do Patrim\u00f4nio somente \u00e9 obtido mediante documenta\u00e7\u00e3o cient\u00edfica contendo as caracter\u00edsticas geol\u00f3gicas e tecnol\u00f3gicas, \u00e1reas-fonte, hist\u00f3rico de uso e justificativa de valor patrimonial. At\u00e9 hoje, 69 rochas de 30 pa\u00edses receberam a designa\u00e7\u00e3o, entre elas o M\u00e1rmore Carrara da It\u00e1lia, o Calc\u00e1rio Lioz de Portugal (<strong>Figura 4<\/strong>), muito presentes no patrim\u00f4nio brasileiro, e duas pedras da nossa terra, j\u00e1 citadas: o Gnaisse Facoidal e a Pedra Sab\u00e3o de Minas Gerais. <sup>[10]<\/sup><\/p>\n<p><img loading=\"lazy\" class=\"aligncenter wp-image-10679\" src=\"https:\/\/revistacienciaecultura.org.br\/wp-content\/uploads\/2026\/08\/CC-3E26-opiniao-Pedras-do-Patrimonio-figura-4-300x300.jpg\" alt=\"\" width=\"500\" height=\"500\" srcset=\"https:\/\/revistacienciaecultura.org.br\/wp-content\/uploads\/2026\/08\/CC-3E26-opiniao-Pedras-do-Patrimonio-figura-4-300x300.jpg 300w, https:\/\/revistacienciaecultura.org.br\/wp-content\/uploads\/2026\/08\/CC-3E26-opiniao-Pedras-do-Patrimonio-figura-4-1024x1024.jpg 1024w, https:\/\/revistacienciaecultura.org.br\/wp-content\/uploads\/2026\/08\/CC-3E26-opiniao-Pedras-do-Patrimonio-figura-4-150x150.jpg 150w, https:\/\/revistacienciaecultura.org.br\/wp-content\/uploads\/2026\/08\/CC-3E26-opiniao-Pedras-do-Patrimonio-figura-4-768x768.jpg 768w, https:\/\/revistacienciaecultura.org.br\/wp-content\/uploads\/2026\/08\/CC-3E26-opiniao-Pedras-do-Patrimonio-figura-4-1536x1536.jpg 1536w, https:\/\/revistacienciaecultura.org.br\/wp-content\/uploads\/2026\/08\/CC-3E26-opiniao-Pedras-do-Patrimonio-figura-4-2048x2048.jpg 2048w, https:\/\/revistacienciaecultura.org.br\/wp-content\/uploads\/2026\/08\/CC-3E26-opiniao-Pedras-do-Patrimonio-figura-4-12x12.jpg 12w, https:\/\/revistacienciaecultura.org.br\/wp-content\/uploads\/2026\/08\/CC-3E26-opiniao-Pedras-do-Patrimonio-figura-4-80x80.jpg 80w, https:\/\/revistacienciaecultura.org.br\/wp-content\/uploads\/2026\/08\/CC-3E26-opiniao-Pedras-do-Patrimonio-figura-4-800x800.jpg 800w, https:\/\/revistacienciaecultura.org.br\/wp-content\/uploads\/2026\/08\/CC-3E26-opiniao-Pedras-do-Patrimonio-figura-4-1160x1160.jpg 1160w, https:\/\/revistacienciaecultura.org.br\/wp-content\/uploads\/2026\/08\/CC-3E26-opiniao-Pedras-do-Patrimonio-figura-4-scaled.jpg 2560w\" sizes=\"(max-width: 500px) 100vw, 500px\" \/><\/p>\n<h6 id=\"figura-4-revestimento-no-piso-da-igreja-do-convento-santo-antonio-no-rio-de-janeiro-com-calcario-lioz-bege-e-rosadofoto-felipe-a-monteiro-reproducao\" style=\"text-align: center;\"><strong>Figura 4. Revestimento no piso da Igreja do Convento Santo Antonio, no Rio de Janeiro, com Calc\u00e1rio Lioz (bege e rosado)<br \/>\n<\/strong>(Foto: Felipe A. Monteiro. Reprodu\u00e7\u00e3o)<\/h6>\n<p>&nbsp;<\/p>\n<p>Diversas rochas importadas tamb\u00e9m comp\u00f5em o patrim\u00f4nio brasileiro em pedra, mas, infelizmente, desconhece-se a origem de grande parte delas. A designa\u00e7\u00e3o da IUGS, que tem levado \u00e0 publica\u00e7\u00e3o de informa\u00e7\u00f5es cient\u00edficas sobre pedras do patrim\u00f4nio em diferentes pa\u00edses de todos os continentes, tem sido uma relevante contribui\u00e7\u00e3o para o conhecimento e identifica\u00e7\u00e3o dessas rochas. No Brasil, tamb\u00e9m v\u00eam se consolidando a\u00e7\u00f5es de pesquisa e divulga\u00e7\u00e3o que aproximam geoci\u00eancias, patrim\u00f4nio cultural e sociedade, como roteiros geotur\u00edsticos, <sup>[11, 12, 13]<\/sup> livros, <sup>[14, 15]<\/sup> document\u00e1rios, <sup>[16]<\/sup> e passeios guiados por profissionais. <sup>[17]<\/sup><\/p>\n<p>&nbsp;<\/p>\n<h4 id=\"desafios\">Desafios<\/h4>\n<p>Um dos principais entraves, como comentado, \u00e9 a falta de documenta\u00e7\u00e3o. Raramente est\u00e1 informado o tipo de rocha, sua proveni\u00eancia, propriedades tecnol\u00f3gicas ou as interven\u00e7\u00f5es eventualmente j\u00e1 realizadas, no caso de materiais deteriorados. Essa lacuna dificulta a identifica\u00e7\u00e3o de materiais compat\u00edveis e compromete decis\u00f5es t\u00e9cnicas de conserva\u00e7\u00e3o. A substitui\u00e7\u00e3o por rochas visualmente semelhantes, mas mineral\u00f3gica e fisicamente diferentes, assim como o uso de m\u00e9todos e produtos incompat\u00edveis para limpeza e tratamento, pode agravar processos de deteriora\u00e7\u00e3o ou iniciar outros. Em bens culturais, tais altera\u00e7\u00f5es n\u00e3o representam apenas problemas materiais: implicam perda de autenticidade, valor hist\u00f3rico e legibilidade patrimonial.<\/p>\n<p>&nbsp;<\/p>\n<h4 id=\"tudo-isso-tambem-se-aplica-ao-uso-contemporaneo-da-pedra-natural-que-sera-patrimonio-no-futuro\" style=\"text-align: center;\"><span style=\"color: #800000;\"><em>\u201cTudo isso tamb\u00e9m se aplica ao uso contempor\u00e2neo da pedra natural, que ser\u00e1 patrim\u00f4nio no futuro.\u201d<\/em><\/span><\/h4>\n<p>&nbsp;<\/p>\n<p>Os desafios s\u00e3o m\u00faltiplos: mapear e documentar as pedras utilizadas no patrim\u00f4nio brasileiro; identificar e proteger antigas pedreiras; ampliar a participa\u00e7\u00e3o de geocientistas em projetos de conserva\u00e7\u00e3o; integrar informa\u00e7\u00f5es hist\u00f3ricas, arquitet\u00f4nicas, geol\u00f3gicas e tecnol\u00f3gicas; divulgar esse conhecimento de forma acess\u00edvel; formar profissionais capazes de dialogar entre patrim\u00f4nio e geologia; e garantir que a\u00e7\u00f5es de conserva\u00e7\u00e3o respeitem tanto a materialidade da pedra quanto os valores culturais associados a ela.<\/p>\n<p>Tudo isso tamb\u00e9m se aplica ao uso contempor\u00e2neo da pedra natural, que ser\u00e1 patrim\u00f4nio no futuro. A participa\u00e7\u00e3o de geocientistas especializados \u00e9 essencial para orientar produtores, especificadores e consumidores. No Brasil, esses profissionais ainda s\u00e3o pouco consultados antes da escolha e aplica\u00e7\u00e3o dos materiais e, com frequ\u00eancia, chamados apenas quando surgem problemas. Embora produtores e arquitetos venham destacando a hist\u00f3ria geol\u00f3gica das rochas ornamentais como atributo de singularidade e valor, caracter\u00edsticas geol\u00f3gicas e tecnol\u00f3gicas, bem como a localiza\u00e7\u00e3o das pedreiras, s\u00e3o raramente divulgadas de modo amplo, acess\u00edvel e corretamente interpretado. Assim, persistem riscos de uso e manuten\u00e7\u00e3o inadequados.<\/p>\n<p>&nbsp;<\/p>\n<h6 id=\"capa-as-pedras-que-compoem-o-patrimonio-construido-nao-sao-apenas-o-suporte-e-ornamento-de-edificios-e-monumentos-sao-arquivos-geologicos-historicos-e-culturais-conhece-las-e-divulga-las-nao-so-pe\"><strong>Capa. As pedras que comp\u00f5em o patrim\u00f4nio constru\u00eddo n\u00e3o s\u00e3o apenas o suporte e ornamento de edif\u00edcios e monumentos; s\u00e3o arquivos geol\u00f3gicos, hist\u00f3ricos e culturais. Conhec\u00ea-las e divulg\u00e1-las n\u00e3o s\u00f3 permite conservar melhor o patrim\u00f4nio, como tamb\u00e9m aproximar a sociedade da hist\u00f3ria da Terra.<br \/>\n<\/strong>(Foto: Nuria Castro. Reprodu\u00e7\u00e3o)<\/h6>\n<hr \/>\n<h5 id=\"referencias\"><span style=\"color: #333333;\"><strong>REFER\u00caNCIAS<\/strong><\/span><\/h5>\n<h5 id=\"1-castro-n-f-et-al-pedras-do-patrimonio-da-iugs-historico-e-requisitos-revista-do-instituto-de-geociencias-usp-v-23-n-2-p-41-52-2023-doi-https-doi-org-10-11606-issn-2316-909\"><span style=\"color: #808080;\"><strong>[1] <\/strong>CASTRO, N. F. <em>et al<\/em>. Pedras do patrim\u00f4nio da IUGS: hist\u00f3rico e requisitos. <strong>Revista do Instituto de Geoci\u00eancias &#8211; USP<\/strong>, v. 23, n. 2, p. 41-52, 2023. DOI: <a style=\"color: #808080;\" href=\"https:\/\/doi.org\/10.11606\/issn.2316-9095.v23-204680\">https:\/\/doi.org\/10.11606\/issn.2316-9095.v23-204680<\/a><\/span><\/h5>\n<h5 id=\"2-mansur-k-l-et-al-o-gnaisse-facoidal-a-mais-carioca-das-rochas-anuario-do-instituto-de-geociencias-ufrj-v-31-n-2-p-9-22-2008-doi-https-doi-org-10-11137-2008_2_9-22\"><span style=\"color: #808080;\"><strong>[2]<\/strong> MANSUR, K. L. <em>et al<\/em>. O Gnaisse Facoidal: a mais carioca das rochas. <strong>Anu\u00e1rio do Instituto de Geoci\u00eancias &#8211; UFRJ<\/strong>, v. 31, n. 2, p. 9-22, 2008. DOI: <a style=\"color: #808080;\" href=\"https:\/\/www.google.com\/search?q=https:\/\/doi.org\/10.11137\/2008_2_9-22\">https:\/\/doi.org\/10.11137\/2008_2_9-22<\/a><\/span><\/h5>\n<h5 id=\"3-castro-n-f-et-al-a-heritage-stone-of-rio-de-janeiro-brazil-the-facoidal-gneiss-episodes-v-44-n-1-p-59-74-2021-doi-https-doi-org-10-18814-epiiugs-2020-0200s13\"><span style=\"color: #808080;\"><strong>[3]<\/strong> CASTRO, N. F. <em>et al<\/em>. A heritage stone of Rio de Janeiro (Brazil): the Facoidal gneiss. <strong>Episodes<\/strong>, v. 44, n. 1, p. 59-74, 2021. DOI: <a style=\"color: #808080;\" href=\"https:\/\/doi.org\/10.18814\/epiiugs\/2020\/0200s13\">https:\/\/doi.org\/10.18814\/epiiugs\/2020\/0200s13<\/a>.<\/span><\/h5>\n<h5 id=\"4-costa-a-g-natural-stone-in-the-built-heritage-of-the-interior-of-brazil-the-use-of-stone-in-minas-gerais-in-pereira-d-et-al-ed-global-heritage-stone-towards-international-recognition\"><span style=\"color: #808080;\"><strong>[4]<\/strong> COSTA, A. G. Natural stone in the built heritage of the interior of Brazil: the use of stone in Minas Gerais. In: PEREIRA, D. et al. (ed.). <strong>Global Heritage Stone: towards international recognition of building and ornamental stones<\/strong>. London: Geological Society, 2015. p. 253\u2013261. (Geological Society Special Publication, 407). DOI: <a style=\"color: #808080;\" href=\"https:\/\/doi.org\/10.1144\/SP407.13\">https:\/\/doi.org\/10.1144\/SP407.13<\/a>.<\/span><\/h5>\n<h5 id=\"5-frasca-m-h-b-o-castro-n-f-the-blue-quartzites-and-syenites-from-bahia-brazil-geology-and-technological-characteristics-geoheritage-v-14-art-67-2022-doi-https-doi-org-10-1007-s\"><span style=\"color: #808080;\"><strong>[5] <\/strong>FRASC\u00c1, M. H. B. O.; CASTRO, N. F. The Blue Quartzites and Syenites from Bahia, Brazil: geology and technological characteristics. <strong>Geoheritage<\/strong>, v. 14, art. 67, 2022. DOI: <a style=\"color: #808080;\" href=\"https:\/\/www.google.com\/search?q=https:\/\/doi.org\/10.1007\/s12371-022-00689-6\">https:\/\/doi.org\/10.1007\/s12371-022-00689-6<\/a>.<\/span><\/h5>\n<h5 id=\"6-frasca-m-h-b-o-neves-r-castro-n-f-the-white-marbles-of-brasilia-a-world-heritage-site-and-capital-of-brazil-in-hannibal-j-t-kramar-s-cooper-b-j-ed-global-heritage-ston\"><span style=\"color: #808080;\"><strong>[6]<\/strong> FRASC\u00c1, M. H. B. O.; NEVES, R.; CASTRO, N. F. The white marbles of Bras\u00edlia, a World Heritage site and capital of Brazil. <em>In<\/em>: HANNIBAL, J. T.; KRAMAR, S.; COOPER, B. J. (ed.). <strong>Global Heritage Stone<\/strong>: worldwide examples of heritage stones. London: Geological Society, 2020. p. 217\u2013227. (Geological Society Special Publication, 486). DOI: <a style=\"color: #808080;\" href=\"https:\/\/www.google.com\/search?q=https:\/\/doi.org\/10.1144\/SP486-2018-31\">https:\/\/doi.org\/10.1144\/SP486-2018-31<\/a>.<\/span><\/h5>\n<h5 id=\"7-frasca-m-h-b-o-et-al-bege-bahia-the-calcrete-known-as-brazilian-travertine-geoheritage-v-17-art-16-2025-doi-https-doi-org-10-1007-s12371-024-01060-7\"><span style=\"color: #808080;\"><strong>[7]<\/strong> FRASC\u00c1, M. H. B. O. <em>et al<\/em>. Bege Bahia: the calcrete known as Brazilian travertine. <strong>Geoheritage<\/strong>, v. 17, art. 16, 2025. DOI: <a style=\"color: #808080;\" href=\"https:\/\/doi.org\/10.1007\/s12371-024-01060-7\">https:\/\/doi.org\/10.1007\/s12371-024-01060-7<\/a>.<\/span><\/h5>\n<h5 id=\"8-frasca-m-h-b-o-tipos-de-rochas-ornamentais-e-caracteristicas-tecnologicas-in-vidal-f-w-h-azevedo-h-c-a-castro-n-f-eds-tecnologia-de-rochas-ornamentais-pesquisa-lavra-e-be\"><span style=\"color: #808080;\"><strong>[8]<\/strong> FRASC\u00c1, M. H. B. O. Tipos de rochas ornamentais e caracter\u00edsticas tecnol\u00f3gicas. In: VIDAL, F. W. H.; AZEVEDO, H. C. A.; CASTRO, N. F. (Eds.). Tecnologia de rochas ornamentais: pesquisa, lavra e beneficiamento. Rio de Janeiro: CETEM\/MCTI, 2014. Cap. 2, p. 44-98<\/span><\/h5>\n<h5 id=\"9-doehne-e-f-price-c-a-stone-conservation-an-overview-of-current-research-2-ed-los-angeles-the-getty-conservation-institute-2010-research-in-conservation-isbn-978-1-60606-046-9\"><span style=\"color: #808080;\"><strong>[9]<\/strong> DOEHNE, E. F.; PRICE, C. A. <strong>Stone conservation<\/strong>: an overview of current research. 2. ed. Los Angeles: The Getty Conservation Institute, 2010. (Research in Conservation). ISBN 978-1-60606-046-9.<\/span><\/h5>\n<h5 id=\"10-international-union-of-geological-sciences-subcommission-on-heritage-stones-s-l-iugs-international-commission-on-geoheritage-2026-disponivel-em-https-iugs-geoheritage-org-subcomission\"><span style=\"color: #808080;\"><strong>[10]<\/strong> INTERNATIONAL UNION OF GEOLOGICAL SCIENCES. <strong>Subcommission on Heritage Stones<\/strong>. [<em>S. l.<\/em>]: IUGS International Commission on Geoheritage, 2026. Dispon\u00edvel em: <a style=\"color: #808080;\" href=\"https:\/\/iugs-geoheritage.org\/subcomission-on-stones\/\">https:\/\/iugs-geoheritage.org\/subcomission-on-stones\/<\/a>. Acesso em: 19 ago. 2026.<\/span><\/h5>\n<h5 id=\"11-liccardo-a-mantesso-neto-v-piekarz-g-f-geoturismo-urbano-educacao-e-cultura-anuario-do-instituto-de-geociencias-ufrj-v-35-n-1-p-133-141-2012\"><span style=\"color: #808080;\"><strong>[11]<\/strong> LICCARDO, A.; MANTESSO-NETO, V.; PIEKARZ, G. F. Geoturismo urbano: educa\u00e7\u00e3o e cultura. <strong>Anu\u00e1rio do Instituto de Geoci\u00eancias &#8211; UFRJ<\/strong>, v. 35, n. 1, p. 133-141, 2012.<\/span><\/h5>\n<h5 id=\"12-queiroz-d-s-del-lama-e-a-garcia-m-g-m-proposta-de-roteiro-geoturistico-pelos-predios-historicos-do-centro-de-santos-sp-revista-terrae-didatica-v-15-p-5-11-2019\"><span style=\"color: #808080;\"><strong>[12]<\/strong> QUEIROZ, D. S. ; DEL LAMA, E. A. ; GARCIA, M.G.M. . Proposta de roteiro geotur\u00edstico pelos pr\u00e9dios hist\u00f3ricos do centro de Santos &#8211; SP. <strong>REVISTA TERRAE DIDATICA<\/strong> , v. 15, p. 5-11, 2019<\/span><\/h5>\n<h5 id=\"13-silva-r-e-c-polck-m-a-r-araujo-junior-h-i-geodiversity-in-ecclesiastical-construction-a-geotourism-itinerary-in-the-city-of-rio-de-janeiro-geoheritage-v-16-art-9-2024-doi-ht\"><span style=\"color: #808080;\"><strong>[13] <\/strong>SILVA, R. E. C.; POLCK, M. A. R.; ARA\u00daJO-J\u00daNIOR, H. I. Geodiversity in ecclesiastical construction: a geotourism itinerary in the City of Rio de Janeiro. <strong>Geoheritage<\/strong>, v. 16, art. 9, 2024. DOI: <a style=\"color: #808080;\" href=\"https:\/\/www.google.com\/search?q=https:\/\/doi.org\/10.1007\/s12371-023-00912-y\">https:\/\/doi.org\/10.1007\/s12371-023-00912-y<\/a>.<\/span><\/h5>\n<h5 id=\"14-costa-a-g-rochas-e-historias-do-patrimonio-cultural-do-brasil-e-de-minas-rio-de-janeiro-bem-te-vi-2009-v-1-292-p\"><span style=\"color: #808080;\"><strong>[14]<\/strong> COSTA, A. G. <strong>Rochas e Hist\u00f3rias do Patrim\u00f4nio Cultural do Brasil e de Minas<\/strong>. Rio de Janeiro: Bem-Te-Vi, 2009. v. 1, 292 p.<\/span><\/h5>\n<h5 id=\"15-del-lama-e-a-org-patrimonio-em-pedra-sao-paulo-instituto-de-geociencias-universidade-de-sao-paulo-2021-disponivel-em-http-www-livrosabertos-sibi-usp-br-portaldelivrosusp-catalog-bo\"><span style=\"color: #808080;\"><strong>[15]<\/strong> DEL LAMA, E. A. (org.). <strong>Patrim\u00f4nio em Pedra<\/strong>. S\u00e3o Paulo: Instituto de Geoci\u00eancias, Universidade de S\u00e3o Paulo, 2021. Dispon\u00edvel em: <a style=\"color: #808080;\" href=\"http:\/\/www.livrosabertos.sibi.usp.br\/portaldelivrosUSP\/catalog\/book\/631\">http:\/\/www.livrosabertos.sibi.usp.br\/portaldelivrosUSP\/catalog\/book\/631<\/a>. Acesso em: 2 ago. 2026.<\/span><\/h5>\n<h5 id=\"16-mansur-k-l-castro-n-f-cordeiro-j-gallois-c-j-s-giaroli-r-as-rochas-nos-contam-monumentos-petreos-do-rio-de-janeiro-do-brasil-colonia-ao-modernismo-rio-de-janeiro-museu-da-geo\"><span style=\"color: #808080;\"><strong>[16] <\/strong>MANSUR, K. L.; CASTRO, N. F.; CORDEIRO, J.; GALLOIS, C. J. S.; GIAROLI, R. <strong>As rochas nos contam: monumentos p\u00e9treos do Rio de Janeiro do Brasil Col\u00f4nia ao Modernismo<\/strong>. Rio de Janeiro: Museu da Geodiversidade\/UFRJ: CETEM\/MCTI, 14 dez. 2022. 1 v\u00eddeo (56 min). Dispon\u00edvel em: https:\/\/youtu.be\/wlD3CbFwIgs. Acesso em: 19 ago. 2026.<\/span><\/h5>\n<h5 id=\"17-coppede-r-geotourism-everywhere-discover-rio-through-geotourism-s-l-geotourism-everywhere-2026-disponivel-em-https-geotourismeverywhere-com-acesso-em-19-ago-2026\"><span style=\"color: #808080;\"><strong>[17] <\/strong>COPPED\u00ca, R. <strong>Geotourism Everywhere: discover Rio through geotourism<\/strong>. [S. l.]: Geotourism Everywhere, 2026. Dispon\u00edvel em: https:\/\/geotourismeverywhere.com. Acesso em: 19 ago. 2026.<\/span><\/h5>\n<p>&nbsp;<\/p>\n<h6 id=\"ciencia-cultura-2022-by-sbpc-is-licensed-under-cc-by-sa-4-0\" style=\"text-align: center;\"><span style=\"color: #808080;\"><a style=\"color: #808080;\" href=\"https:\/\/revistacienciaecultura.org.br\/\">Ci\u00eancia &amp; Cultura<\/a>\u00a0\u00a9 2022 by\u00a0<a style=\"color: #808080;\" href=\"http:\/\/www.sbpcnet.org.br\/\">SBPC<\/a>\u00a0is licensed under\u00a0<a style=\"color: #808080;\" href=\"https:\/\/creativecommons.org\/licenses\/by-sa\/4.0\/\">CC BY-SA 4.0 \u00a0 <\/a><img loading=\"lazy\" class=\"\" src=\"https:\/\/mirrors.creativecommons.org\/presskit\/icons\/cc.svg\" alt=\"\" width=\"30\" height=\"30\" \/><img loading=\"lazy\" class=\"\" src=\"https:\/\/mirrors.creativecommons.org\/presskit\/icons\/by.svg\" alt=\"\" width=\"30\" height=\"30\" \/><img loading=\"lazy\" class=\"\" src=\"https:\/\/mirrors.creativecommons.org\/presskit\/icons\/sa.svg\" alt=\"\" width=\"30\" height=\"30\" \/><\/span><\/h6>\n","protected":false},"excerpt":{"rendered":"A pedra constitui parte essencial da materialidade do patrim\u00f4nio cultural. Desde o&hellip;\n","protected":false},"author":381,"featured_media":10682,"comment_status":"open","ping_status":"open","sticky":false,"template":"","format":"standard","meta":[],"categories":[21],"tags":[],"acf":[],"_links":{"self":[{"href":"https:\/\/revistacienciaecultura.org.br\/index.php?rest_route=\/wp\/v2\/posts\/10676"}],"collection":[{"href":"https:\/\/revistacienciaecultura.org.br\/index.php?rest_route=\/wp\/v2\/posts"}],"about":[{"href":"https:\/\/revistacienciaecultura.org.br\/index.php?rest_route=\/wp\/v2\/types\/post"}],"author":[{"embeddable":true,"href":"https:\/\/revistacienciaecultura.org.br\/index.php?rest_route=\/wp\/v2\/users\/381"}],"replies":[{"embeddable":true,"href":"https:\/\/revistacienciaecultura.org.br\/index.php?rest_route=%2Fwp%2Fv2%2Fcomments&post=10676"}],"version-history":[{"count":4,"href":"https:\/\/revistacienciaecultura.org.br\/index.php?rest_route=\/wp\/v2\/posts\/10676\/revisions"}],"predecessor-version":[{"id":10707,"href":"https:\/\/revistacienciaecultura.org.br\/index.php?rest_route=\/wp\/v2\/posts\/10676\/revisions\/10707"}],"wp:featuredmedia":[{"embeddable":true,"href":"https:\/\/revistacienciaecultura.org.br\/index.php?rest_route=\/wp\/v2\/media\/10682"}],"wp:attachment":[{"href":"https:\/\/revistacienciaecultura.org.br\/index.php?rest_route=%2Fwp%2Fv2%2Fmedia&parent=10676"}],"wp:term":[{"taxonomy":"category","embeddable":true,"href":"https:\/\/revistacienciaecultura.org.br\/index.php?rest_route=%2Fwp%2Fv2%2Fcategories&post=10676"},{"taxonomy":"post_tag","embeddable":true,"href":"https:\/\/revistacienciaecultura.org.br\/index.php?rest_route=%2Fwp%2Fv2%2Ftags&post=10676"}],"curies":[{"name":"wp","href":"https:\/\/api.w.org\/{rel}","templated":true}]}}