{"id":1454,"date":"2022-03-01T12:44:00","date_gmt":"2022-03-01T12:44:00","guid":{"rendered":"https:\/\/revistacienciaecultura.org.br\/?p=1454"},"modified":"2022-06-27T10:44:52","modified_gmt":"2022-06-27T10:44:52","slug":"o-futuro-que-queremos-para-o-pais","status":"publish","type":"post","link":"https:\/\/revistacienciaecultura.org.br\/?p=1454","title":{"rendered":"O futuro que queremos para o pa\u00eds"},"content":{"rendered":"<p>Ser fonte essencial de informa\u00e7\u00f5es e ideias que d\u00e3o sentido a um mundo em constante transforma\u00e7\u00e3o. Este \u00e9 o objetivo da revista Ci\u00eancia &amp; Cultura, um dos mais antigos e emblem\u00e1ticos ve\u00edculos de divulga\u00e7\u00e3o cient\u00edfica e cultural brasileiros. Ap\u00f3s um breve per\u00edodo de interrup\u00e7\u00e3o, a revista retoma suas atividades em 2022 \u2013 um ano igualmente emblem\u00e1tico, marcado por elei\u00e7\u00f5es presidenciais, Copa do Mundo, centen\u00e1rio da Semana de Arte Moderna e Bicenten\u00e1rio da Independ\u00eancia.<\/p>\n<p>A revista foi criada em 1949, um ano depois da funda\u00e7\u00e3o da SBPC, visando ser uma publica\u00e7\u00e3o \u201caberta n\u00e3o apenas a cientistas, mas a todos os que se interessem pela ci\u00eancia, por suas aplica\u00e7\u00f5es e pelas consequ\u00eancias destas\u201d, conforme se l\u00ea na contracapa de sua primeira edi\u00e7\u00e3o. Nesse sentido, sua finalidade \u00e9 \u201ccomo \u00f3rg\u00e3o que \u00e9 da SBPC, servir de aproxima\u00e7\u00e3o dos cientistas entre si, e destes com o p\u00fablico, entre todos desenvolvendo forte e indispens\u00e1vel sentimento de solidariedade e compreens\u00e3o\u201d, como registra seu primeiro editorial.<\/p>\n<p>Setenta e tr\u00eas anos depois deste primeiro editorial, a revista est\u00e1 se modernizando para se tornar totalmente digital, possibilitando um maior engajamento com as diversas plataformas. Sua nova proposta pretende ampliar seu p\u00fablico leitor e seu impacto na sociedade brasileira, estimular uma maior proximidade e intera\u00e7\u00e3o entre ci\u00eancia e cultura, integrar a revista com as outras a\u00e7\u00f5es de comunica\u00e7\u00e3o da SBPC e buscar se constituir como ponto fundamental para a consolida\u00e7\u00e3o de uma rede ampla de divulga\u00e7\u00e3o cient\u00edfica.<\/p>\n<p>&nbsp;<\/p>\n<h4 id=\"discutir-o-bicentenario-e-uma-oportunidade-unica-para-olharmos-para-o-passado-compreendermos-o-presente-e-pensarmos-em-perspectivas-e-a-ciencia-e-imprescindivel-para-apontar-caminhos-e-soluco\" style=\"text-align: center;\"><span style=\"color: #800000;\">&#8220;Discutir o Bicenten\u00e1rio \u00e9 uma oportunidade \u00fanica para olharmos para o passado, compreendermos o presente e pensarmos em perspectivas. E a ci\u00eancia \u00e9 imprescind\u00edvel para apontar caminhos e solu\u00e7\u00f5es, rumo ao futuro que queremos para o pa\u00eds.&#8221;<\/span><\/h4>\n<p>&nbsp;<\/p>\n<p>Ao longo de suas mais de sete d\u00e9cadas, a publica\u00e7\u00e3o procurou se comunicar tanto com o grande p\u00fablico quanto com a comunidade cient\u00edfica e leitores especializados, tornando-se uma importante ferramenta para os debates contempor\u00e2neos. Assim, a revista Ci\u00eancia &amp; Cultura se consolidou como uma das publica\u00e7\u00f5es cient\u00edficas mais relevantes do Brasil. Sua linha editorial visa contribuir para o debate dos grandes temas cient\u00edficos da atualidade e atrair a aten\u00e7\u00e3o, principalmente das novas gera\u00e7\u00f5es de pesquisadores em forma\u00e7\u00e3o, para uma reflex\u00e3o continuada e sistem\u00e1tica sobre esses temas.<\/p>\n<p>De publica\u00e7\u00e3o trimestral, a cada edi\u00e7\u00e3o a revista escolhe um tema para abord\u00e1-lo do ponto de vista da ci\u00eancia, cultura, arte e filosofia. Todos os meses, um novo cap\u00edtulo \u00e9 publicado, trazendo novos artigos, ensaios, reportagens jornal\u00edsticas, textos de opini\u00e3o, v\u00eddeos, podcasts e muito mais. Para marcar sua volta \u00e0 ativa, a primeira edi\u00e7\u00e3o da revista aborda o Bicenten\u00e1rio da Independ\u00eancia. Seus textos discutem os diferentes significados da palavra independ\u00eancia e das festas c\u00edvicas que celebram a separa\u00e7\u00e3o de Portugal, as diversas batalhas travadas em diferentes regi\u00f5es, o papel das mulheres no processo da independ\u00eancia, a defini\u00e7\u00e3o do territ\u00f3rio, as rela\u00e7\u00f5es com Angola e outros pa\u00edses da Am\u00e9rica. Tamb\u00e9m entram em debate as grandes figuras e os populares, inclusive ind\u00edgenas e escravizados, que foram fundamentais para tornar o Brasil independente, o papel dos pasquins, os desafios econ\u00f4micos, a arte, a natureza e a culin\u00e1ria no p\u00f3s-independ\u00eancia.<\/p>\n<p>O tema traz a necessidade de reflex\u00e3o sobre esse importante momento hist\u00f3rico, que ainda se faz objeto de reflex\u00e3o na atualidade. A Independ\u00eancia do Brasil \u00e9 um processo complexo, vivo e aberto. Discutir seu Bicenten\u00e1rio \u00e9 uma oportunidade \u00fanica para olharmos para o passado, compreendermos o presente e pensarmos em perspectivas. Mesmo em meio a um cen\u00e1rio adverso, ou justamente por isso, o momento \u00e9 prop\u00edcio para debater as condi\u00e7\u00f5es que geraram nosso presente para, assim, imaginar alternativas. E a ci\u00eancia \u00e9 imprescind\u00edvel para apontar caminhos e solu\u00e7\u00f5es, rumo ao futuro que queremos para o pa\u00eds<\/p>\n","protected":false},"excerpt":{"rendered":"Ser fonte essencial de informa\u00e7\u00f5es e ideias que d\u00e3o sentido a um&hellip;\n","protected":false},"author":11,"featured_media":1462,"comment_status":"open","ping_status":"open","sticky":false,"template":"","format":"standard","meta":[],"categories":[52,21],"tags":[],"acf":[],"_links":{"self":[{"href":"https:\/\/revistacienciaecultura.org.br\/index.php?rest_route=\/wp\/v2\/posts\/1454"}],"collection":[{"href":"https:\/\/revistacienciaecultura.org.br\/index.php?rest_route=\/wp\/v2\/posts"}],"about":[{"href":"https:\/\/revistacienciaecultura.org.br\/index.php?rest_route=\/wp\/v2\/types\/post"}],"author":[{"embeddable":true,"href":"https:\/\/revistacienciaecultura.org.br\/index.php?rest_route=\/wp\/v2\/users\/11"}],"replies":[{"embeddable":true,"href":"https:\/\/revistacienciaecultura.org.br\/index.php?rest_route=%2Fwp%2Fv2%2Fcomments&post=1454"}],"version-history":[{"count":7,"href":"https:\/\/revistacienciaecultura.org.br\/index.php?rest_route=\/wp\/v2\/posts\/1454\/revisions"}],"predecessor-version":[{"id":2480,"href":"https:\/\/revistacienciaecultura.org.br\/index.php?rest_route=\/wp\/v2\/posts\/1454\/revisions\/2480"}],"wp:featuredmedia":[{"embeddable":true,"href":"https:\/\/revistacienciaecultura.org.br\/index.php?rest_route=\/wp\/v2\/media\/1462"}],"wp:attachment":[{"href":"https:\/\/revistacienciaecultura.org.br\/index.php?rest_route=%2Fwp%2Fv2%2Fmedia&parent=1454"}],"wp:term":[{"taxonomy":"category","embeddable":true,"href":"https:\/\/revistacienciaecultura.org.br\/index.php?rest_route=%2Fwp%2Fv2%2Fcategories&post=1454"},{"taxonomy":"post_tag","embeddable":true,"href":"https:\/\/revistacienciaecultura.org.br\/index.php?rest_route=%2Fwp%2Fv2%2Ftags&post=1454"}],"curies":[{"name":"wp","href":"https:\/\/api.w.org\/{rel}","templated":true}]}}