{"id":1506,"date":"2022-03-01T11:38:08","date_gmt":"2022-03-01T11:38:08","guid":{"rendered":"https:\/\/revistacienciaecultura.org.br\/?p=1506"},"modified":"2022-03-08T14:30:17","modified_gmt":"2022-03-08T14:30:17","slug":"sbpc-abre-inscricoes-para-sessao-de-posteres-da-74a-reuniao-anual","status":"publish","type":"post","link":"https:\/\/revistacienciaecultura.org.br\/?p=1506","title":{"rendered":"SBPC abre inscri\u00e7\u00f5es para Sess\u00e3o de P\u00f4steres da 74\u00aa Reuni\u00e3o Anual"},"content":{"rendered":"<p>Os interessados em participar da 74\u00aa Reuni\u00e3o Anual da Sociedade Brasileira para o Progresso da Ci\u00eancia (SBPC), com submiss\u00e3o de trabalho a Sess\u00e3o de P\u00f4steres (que ser\u00e1 realizada de forma virtual), t\u00eam at\u00e9 04 de abril para se inscreverem. O evento deste ano acontecer\u00e1 de forma h\u00edbrida e ter\u00e1 como tema \u201cCi\u00eancia, independ\u00eancia e soberania nacional\u201d, em alus\u00e3o ao ano que marca o bicenten\u00e1rio da Independ\u00eancia do Brasil e o centen\u00e1rio da Semana de Arte Moderna.<\/p>\n<p>Podem ser submetidos trabalhos em todas as \u00e1reas do conhecimento, por estudantes de gradua\u00e7\u00e3o ou p\u00f3s-gradua\u00e7\u00e3o, docentes de Ensino Superior, pesquisadores e outros profissionais, estudantes e professores da Educa\u00e7\u00e3o B\u00e1sica ou Ensino Profissionalizante.<\/p>\n<p>Todas as informa\u00e7\u00f5es para a inscri\u00e7\u00e3o e sobre o processo de submiss\u00e3o do trabalho est\u00e3o dispon\u00edveis no site da\u00a0<a href=\"https:\/\/ra.sbpcnet.org.br\/74RA\/\" target=\"_blank\" rel=\"noopener\">Reuni\u00e3o Anual<\/a>.<\/p>\n<p>Os trabalhos aprovados ser\u00e3o programados para a apresenta\u00e7\u00e3o no formato de v\u00eddeo-p\u00f4steres, pelo canal da SBPC no\u00a0<a href=\"https:\/\/www.youtube.com\/user\/canalsbpc\" target=\"_blank\" rel=\"noopener\">YouTube<\/a>.<\/p>\n<p>Nesta edi\u00e7\u00e3o de 2022, o evento ter\u00e1 um limite de 300 p\u00f4steres. Caso esse limite seja atingido antes da data final do prazo, as inscri\u00e7\u00f5es ser\u00e3o encerradas, mesmo para as Institui\u00e7\u00f5es que objetivam participar da Jornada Nacional de Inicia\u00e7\u00e3o Cient\u00edfica.<\/p>\n<h3 id=\"sobre-as-inscricoes\"><strong>Sobre as inscri\u00e7\u00f5es<\/strong><\/h3>\n<p>As\u00a0<a href=\"http:\/\/www.jornaldaciencia.org.br\/inscreva-se-na-74a-reuniao-anual-da-sbpc-com-desconto\/\" target=\"_blank\" rel=\"noopener\">inscri\u00e7\u00f5es para participar da 74\u00aa Reuni\u00e3o Anual da SBPC<\/a>,\u00a0que ser\u00e1 realizada de 24 a 30 de julho de 2022, est\u00e3o abertas.<\/p>\n<p>O evento \u00e9 aberto ao p\u00fablico e somente h\u00e1 taxa de inscri\u00e7\u00e3o para quem quiser participar de webminicursos ou submeter um trabalho para a Sess\u00e3o de P\u00f4steres, ou ainda obter o certificado de participa\u00e7\u00e3o geral no evento (op\u00e7\u00e3o dispon\u00edvel somente para quem participar presencialmente e efetuar o credenciamento). Por\u00e9m, a dimens\u00e3o do p\u00fablico presencial seguir\u00e1 as determina\u00e7\u00f5es dos \u00f3rg\u00e3os de sa\u00fade p\u00fablica concernentes. Para fins de controle do n\u00famero de inscri\u00e7\u00f5es para participa\u00e7\u00e3o presencial, as inscri\u00e7\u00f5es ser\u00e3o abertas por lotes, sendo o primeiro com 500 inscri\u00e7\u00f5es presenciais.<\/p>\n<p>A inscri\u00e7\u00e3o online sem o envio de trabalho poder\u00e1 ser feita at\u00e9 15 de julho de 2022.<\/p>\n<p>O investimento para participar do evento varia de R$ 80 a R$ 380, de acordo com a categoria e o tipo de atividade a ser realizada. Nesta edi\u00e7\u00e3o, quem se inscrever mais cedo pode contar com desconto especial:\u00a0<strong>5% para inscri\u00e7\u00f5es at\u00e9 28 de fevereiro<\/strong>.<\/p>\n<h3 id=\"a-reuniao-anual\"><strong>A Reuni\u00e3o Anual<\/strong><\/h3>\n<p>Fundada em 1948, a SBPC \u00e9 uma entidade voltada \u00e0 defesa do avan\u00e7o cient\u00edfico e tecnol\u00f3gico e do desenvolvimento educacional e cultural do Brasil. Atualmente possui 170 sociedades cient\u00edficas afiliadas, de todas as \u00e1reas do conhecimento.<\/p>\n<p>A Reuni\u00e3o Anual da SBPC \u00e9 realizada ininterruptamente desde 1949, em um estado brasileiro diferente a cada ano, quase sempre em universidades p\u00fablicas. Em 2020, pela primeira vez, precisou ser realizada de forma virtual, devido ao agravamento da pandemia de coronav\u00edrus. Em 2022 ser\u00e1 realizada no formato h\u00edbrido, com atividades presenciais \u2013 algumas ser\u00e3o transmitidas ao vivo para os canais do YouTube da SBPC e da UnB \u2013 e virtuais.<\/p>\n<p>As reuni\u00f5es anuais da SBPC t\u00eam, concomitantemente, os objetivos de debater pol\u00edticas p\u00fablicas nas \u00e1reas de Ci\u00eancia, Tecnologia, Inova\u00e7\u00e3o e Educa\u00e7\u00e3o e de difundir os avan\u00e7os da Ci\u00eancia nas diversas \u00e1reas do conhecimento para toda a popula\u00e7\u00e3o.<\/p>\n<p>Mais informa\u00e7\u00f5es no site:\u00a0<a href=\"https:\/\/ra.sbpcnet.org.br\/74RA\/\" target=\"_blank\" rel=\"noopener\">https:\/\/ra.sbpcnet.org.br\/74RA\/<\/a>.<\/p>\n<p><em>Jornal da Ci\u00eancia<\/em><\/p>\n","protected":false},"excerpt":{"rendered":"Os interessados em participar da 74\u00aa Reuni\u00e3o Anual da Sociedade Brasileira para&hellip;\n","protected":false},"author":11,"featured_media":1620,"comment_status":"open","ping_status":"open","sticky":false,"template":"","format":"standard","meta":[],"categories":[1,2],"tags":[],"acf":[],"_links":{"self":[{"href":"https:\/\/revistacienciaecultura.org.br\/index.php?rest_route=\/wp\/v2\/posts\/1506"}],"collection":[{"href":"https:\/\/revistacienciaecultura.org.br\/index.php?rest_route=\/wp\/v2\/posts"}],"about":[{"href":"https:\/\/revistacienciaecultura.org.br\/index.php?rest_route=\/wp\/v2\/types\/post"}],"author":[{"embeddable":true,"href":"https:\/\/revistacienciaecultura.org.br\/index.php?rest_route=\/wp\/v2\/users\/11"}],"replies":[{"embeddable":true,"href":"https:\/\/revistacienciaecultura.org.br\/index.php?rest_route=%2Fwp%2Fv2%2Fcomments&post=1506"}],"version-history":[{"count":1,"href":"https:\/\/revistacienciaecultura.org.br\/index.php?rest_route=\/wp\/v2\/posts\/1506\/revisions"}],"predecessor-version":[{"id":1508,"href":"https:\/\/revistacienciaecultura.org.br\/index.php?rest_route=\/wp\/v2\/posts\/1506\/revisions\/1508"}],"wp:featuredmedia":[{"embeddable":true,"href":"https:\/\/revistacienciaecultura.org.br\/index.php?rest_route=\/wp\/v2\/media\/1620"}],"wp:attachment":[{"href":"https:\/\/revistacienciaecultura.org.br\/index.php?rest_route=%2Fwp%2Fv2%2Fmedia&parent=1506"}],"wp:term":[{"taxonomy":"category","embeddable":true,"href":"https:\/\/revistacienciaecultura.org.br\/index.php?rest_route=%2Fwp%2Fv2%2Fcategories&post=1506"},{"taxonomy":"post_tag","embeddable":true,"href":"https:\/\/revistacienciaecultura.org.br\/index.php?rest_route=%2Fwp%2Fv2%2Ftags&post=1506"}],"curies":[{"name":"wp","href":"https:\/\/api.w.org\/{rel}","templated":true}]}}