{"id":1509,"date":"2022-03-02T11:44:50","date_gmt":"2022-03-02T11:44:50","guid":{"rendered":"https:\/\/revistacienciaecultura.org.br\/?p=1509"},"modified":"2022-03-04T14:17:42","modified_gmt":"2022-03-04T14:17:42","slug":"cemaden-e-fundamental-no-enfrentamento-de-desastres-naturais","status":"publish","type":"post","link":"https:\/\/revistacienciaecultura.org.br\/?p=1509","title":{"rendered":"Cemaden \u00e9 fundamental no enfrentamento de desastres naturais"},"content":{"rendered":"<p>Cientistas do clima reunidos pela Sociedade Brasileira para o Progresso da Ci\u00eancia (SBPC) apontaram a necessidade de maior intera\u00e7\u00e3o entre os diversos \u00f3rg\u00e3os e institui\u00e7\u00f5es dedicadas ao monitoramento e a formula\u00e7\u00e3o de uma pol\u00edtica nacional de mitiga\u00e7\u00e3o das vulnerabilidades do pa\u00eds \u00e0s mudan\u00e7as clim\u00e1ticas.<\/p>\n<p>Foi durante o 1\u00ba Semin\u00e1rio Online sobre o papel atual e futuro das Unidades de Pesquisas (UP) do Minist\u00e9rio da Ci\u00eancia, Tecnologia e Inova\u00e7\u00f5es (MCTI), realizado nesta quinta-feira (24\/2) com transmiss\u00e3o ao vivo pelo canal da SBPC no Youtube.<\/p>\n<p>A UP analisada neste primeiro debate foi o Centro Nacional de Monitoramento e Alertas de Desastres Naturais (Cemaden). O evento contou com a participa\u00e7\u00e3o de Osvaldo Luiz de Moraes, diretor do Cemaden; Maria Assun\u00e7\u00e3o Faus da Silva Dias, professora do Instituto de Astronomia, Geof\u00edsica e Ci\u00eancias Atmosf\u00e9ricas da Universidade de S\u00e3o Paulo (IAG-USP); Carlos Nobre, pesquisador do Instituto de Estudos Avan\u00e7ados da USP (IEA-USP) e Moacyr Ara\u00fajo, coordenador da Rede Brasileira de Pesquisas sobre Mudan\u00e7as Clim\u00e1ticas Globais (Rede Clima) do MCTI e vice-Reitor da Universidade Federal de Pernambuco (UFPE).<\/p>\n<p>Osvaldo Moraes fez um relato sobre a hist\u00f3ria e o trabalho desenvolvido pelo Cemaden que foi criado em 2011, ano marcado pela primeira grande trag\u00e9dia clim\u00e1tica na regi\u00e3o Serrana do Rio de Janeiro, repetida no in\u00edcio deste m\u00eas.<\/p>\n<p>\u201cPetr\u00f3polis deixa um grande aprendizado\u201d, afirmou Moraes referindo-se \u00e0 cidade fluminense mais afetada pelas tempestades de ver\u00e3o. Ele lembrou que houve um grande avan\u00e7o dos sistemas de monitoramento desde a \u00faltima trag\u00e9dia na regi\u00e3o em rela\u00e7\u00e3o a amea\u00e7as vindas da natureza. Mas frisou que a efetividade desse trabalho s\u00f3 se completa com a combina\u00e7\u00e3o de medidas contra a \u201camea\u00e7a social\u201d.<\/p>\n<p>\u201cSe n\u00e3o tivermos a capacidade de perceber adequadamente a amea\u00e7a social, paralelamente \u00e0s amea\u00e7as da natureza, n\u00e3o estaremos sabendo como fazer a gest\u00e3o de risco\u201d, declarou o diretor do Cemaden.<\/p>\n<p>O climatologista Carlos Nobre acrescentou que o desastre em Petr\u00f3polis confirma que os efeitos das mudan\u00e7as clim\u00e1ticas tornam os eventos mais extremos e mais frequentes. Para ele, fica sublinhada a necessidade de aumentar os investimentos na ci\u00eancia, nas universidades, em institui\u00e7\u00f5es como o Cemaden e na Rede Clima que mantem unida a comunidade cient\u00edfica contribuindo para a preven\u00e7\u00e3o e solu\u00e7\u00f5es em desastres naturais.<\/p>\n<p>No entanto, afirmou Nobre, \u00e9 necess\u00e1rio tirar as pessoas das zonas mais afetadas. \u201cAs popula\u00e7\u00f5es n\u00e3o podem continuar residindo em \u00e1reas de risco, t\u00eam que ser removidas\u201d, reiterou.<\/p>\n<p>Cientista da atmosfera, a professora s\u00eanior aposentada do IAG-USP, Maria Assun\u00e7\u00e3o Faus da Silva Dias, analisou pontos cr\u00edticos da atua\u00e7\u00e3o do Cemaden e questionou o grau de intera\u00e7\u00e3o operacional e de pesquisas entre o \u00f3rg\u00e3o e diversas outras institui\u00e7\u00f5es dedicadas a algum tipo de monitoramento clim\u00e1tico. \u201cPor que mais uma institui\u00e7\u00e3o federal tem rede de meteorologia se existem v\u00e1rias institui\u00e7\u00f5es como ANA (Ag\u00eancia Nacional de \u00c1guas e Saneamento), CPRM (Centro de Pesquisas de Recursos Minerais), Inmet (Instituto Nacional de Meteorologia), centros estaduais, Aeron\u00e1utica? Quando vamos conseguir unificar as redes? \u201d, indagou.<\/p>\n<p>Coordenador da Rede Clima, o pesquisador Moacyr Ara\u00fajo defendeu a cria\u00e7\u00e3o de uma pol\u00edtica nacional de redu\u00e7\u00e3o de vulnerabilidades a desastres naturais, no modelo do Programa Nacional de Res\u00edduos S\u00f3lidos. Implementado a partir de 2005, este programa teve bons resultados na meta de eliminar os lix\u00f5es das grandes cidades, lembrou Ara\u00fajo. \u201cA gente precisa pegar exemplos que deram certo do ponto de vista de planejamento estrat\u00e9gico do estado brasileiro\u201d.<\/p>\n<p>\u201cIndependentemente da estrutura que temos, precisamos de um plano de longo prazo, uma pol\u00edtica de estado brasileiro de preven\u00e7\u00e3o \u00e0s mudan\u00e7as clim\u00e1ticas que vieram para ficar e est\u00e3o se intensificando\u201d, ressaltou o vice-presidente da SBPC, o f\u00edsico Paulo Artaxo, que mediou o debate.<\/p>\n<h3 id=\"missao-institucional\">Miss\u00e3o institucional<\/h3>\n<p>Este foi o primeiro de uma s\u00e9rie de semin\u00e1rios que a SBPC vai organizar ao longo de 2022, convidando cada uma das 16 UPs do MCTI para apresentar e discutir a sua miss\u00e3o institucional com uma vis\u00e3o de passado, presente e reflex\u00f5es para o futuro. A expectativa \u00e9 que esses semin\u00e1rios aumentem a visibilidade dos institutos do MCTI e sejam um ponto de discuss\u00e3o frut\u00edfera para novos desafios.<\/p>\n<p>Para o presidente da SBPC, Renato Janine Ribeiro, a s\u00e9rie de debates \u00e9 importante n\u00e3o apenas para discutir os problemas que atingem as institui\u00e7\u00f5es de pesquisa brasileiras, mas tamb\u00e9m para que as pessoas as conhe\u00e7am. \u201cTemos institui\u00e7\u00f5es que est\u00e3o fazendo um trabalho muito importante para o Brasil\u201d, afirmou Ribeiro na abertura do debate sobre o Cemaden.<\/p>\n<p>Assista ao semin\u00e1rio na \u00edntegra pelo canal da SBPC no Youtube.<\/p>\n<p><a href=\"http:\/\/www.jornaldaciencia.org.br\/edicoes\/?url=http:\/\/jcnoticias.jornaldaciencia.org.br\/1-cemaden-e-fundamental-no-enfrentamento-de-desastres-naturais\/\"><em>Jornal da Ci\u00eancia<\/em><\/a><\/p>\n<h6 id=\"imagem-por-freepik-com\"><a href=\"https:\/\/br.freepik.com\/fotos-gratis\/fogo-na-estepe-a-grama-esta-queimando-destruindo-tudo-em-seu-caminho_17830980.htm#query=desastre%20natural&amp;position=4&amp;from_view=search\">Imagem por Freepik.com<\/a><\/h6>\n","protected":false},"excerpt":{"rendered":"Cientistas do clima reunidos pela Sociedade Brasileira para o Progresso da Ci\u00eancia&hellip;\n","protected":false},"author":11,"featured_media":1510,"comment_status":"open","ping_status":"open","sticky":false,"template":"","format":"standard","meta":[],"categories":[1,2],"tags":[],"acf":[],"_links":{"self":[{"href":"https:\/\/revistacienciaecultura.org.br\/index.php?rest_route=\/wp\/v2\/posts\/1509"}],"collection":[{"href":"https:\/\/revistacienciaecultura.org.br\/index.php?rest_route=\/wp\/v2\/posts"}],"about":[{"href":"https:\/\/revistacienciaecultura.org.br\/index.php?rest_route=\/wp\/v2\/types\/post"}],"author":[{"embeddable":true,"href":"https:\/\/revistacienciaecultura.org.br\/index.php?rest_route=\/wp\/v2\/users\/11"}],"replies":[{"embeddable":true,"href":"https:\/\/revistacienciaecultura.org.br\/index.php?rest_route=%2Fwp%2Fv2%2Fcomments&post=1509"}],"version-history":[{"count":1,"href":"https:\/\/revistacienciaecultura.org.br\/index.php?rest_route=\/wp\/v2\/posts\/1509\/revisions"}],"predecessor-version":[{"id":1511,"href":"https:\/\/revistacienciaecultura.org.br\/index.php?rest_route=\/wp\/v2\/posts\/1509\/revisions\/1511"}],"wp:featuredmedia":[{"embeddable":true,"href":"https:\/\/revistacienciaecultura.org.br\/index.php?rest_route=\/wp\/v2\/media\/1510"}],"wp:attachment":[{"href":"https:\/\/revistacienciaecultura.org.br\/index.php?rest_route=%2Fwp%2Fv2%2Fmedia&parent=1509"}],"wp:term":[{"taxonomy":"category","embeddable":true,"href":"https:\/\/revistacienciaecultura.org.br\/index.php?rest_route=%2Fwp%2Fv2%2Fcategories&post=1509"},{"taxonomy":"post_tag","embeddable":true,"href":"https:\/\/revistacienciaecultura.org.br\/index.php?rest_route=%2Fwp%2Fv2%2Ftags&post=1509"}],"curies":[{"name":"wp","href":"https:\/\/api.w.org\/{rel}","templated":true}]}}