{"id":1512,"date":"2022-03-03T11:51:41","date_gmt":"2022-03-03T11:51:41","guid":{"rendered":"https:\/\/revistacienciaecultura.org.br\/?p=1512"},"modified":"2022-03-08T12:54:09","modified_gmt":"2022-03-08T12:54:09","slug":"participe-dos-cursos-online-da-sbpc","status":"publish","type":"post","link":"https:\/\/revistacienciaecultura.org.br\/?p=1512","title":{"rendered":"Participe dos cursos online da SBPC"},"content":{"rendered":"<p>Est\u00e3o abertas as inscri\u00e7\u00f5es e matr\u00edculas do 2\u00ba ciclo de webminicursos da Sociedade Brasileira para o Progresso da Ci\u00eancia (SBPC) em sua plataforma de cursos online\u00a0(<a href=\"https:\/\/cursos.sbpcnet.org.br\/\" target=\"_blank\" rel=\"noopener\">https:\/\/cursos.sbpcnet.org.br\/<\/a>).\u00a0A cada trimestre s\u00e3o ofertados webminicursos de todas as \u00e1reas do conhecimento e temas contempor\u00e2neos, ministrados por professores de renomadas institui\u00e7\u00f5es do Pa\u00eds.<\/p>\n<p>A secret\u00e1ria-geral da SBPC, Cl\u00e1udia Linhares Sales, lembra que a ideia de lan\u00e7ar a plataforma de cursos online, que tem o intuito de promover a educa\u00e7\u00e3o cient\u00edfica, surgiu depois que a entidade foi obrigada a realizar as \u00faltimas Reuni\u00f5es Anuais (RA), incluindo os minicursos e outras atividades, virtualmente, por conta da pandemia.<\/p>\n<p>\u201cTivemos uma grande procura pelos webminicursos durante as RA&#8217;s virtuais, criando-se assim a oportunidade de oferec\u00ea-los para interessados de todo o Brasil, que eventualmente n\u00e3o t\u00eam acesso aos webminicursos oferecidos durante as reuni\u00f5es, de forma que os interessados possam faz\u00ea-los contemplando as suas disponibilidades de tempo e interesses\u201d.<\/p>\n<p>Segundo ela, a plataforma de cursos online permite o acesso a minicursos com as mesmas tem\u00e1ticas e qualidade daqueles ofertados nas RA\u2019s ao longo de todo o ano. \u201cEntendemos dessa forma ser mais um mecanismo pelo qual a SBPC cumpre uma de suas miss\u00f5es que \u00e9 a de divulgar e popularizar a ci\u00eancia\u201d, afirma.<\/p>\n<p>Entre os destaques deste segundo ciclo, que conta com 29 webminicursos de diversas \u00e1reas do conhecimento, est\u00e3o \u201cUma utopia para nosso tempo: transumanismo e outras ideias\u201d, dos professores Renato Janine Ribeiro e Alexey Dodsworth Magnavita de Carvalho, ambos da Universidade de S\u00e3o Paulo (USP); \u201cAplica\u00e7\u00f5es da energia nuclear na sa\u00fade\u201d, com a professora Silvia Maria Velasques de Oliveira do CNEN; e \u201cCompreendendo o c\u00e9rebro\u201d, dos professores Sidarta Ribeiro, Kerstin Schmidt, Claudio Marcos Teixeira de Queiroz e Sergio Neuenschwander, todos da Universidade Federal do Rio Grande do Norte (UFRN).<\/p>\n<p>Os webminicursos t\u00eam dura\u00e7\u00e3o de seis horas e aulas previamente gravadas. Diante disso, o inscrito poder\u00e1 assisti-los quantas vezes quiser dentro de sua disponibilidade de tempo. A forma virtual tamb\u00e9m permite que os interessados, em qualquer lugar do Pa\u00eds ou at\u00e9 mesmo no exterior, possam frequent\u00e1-los. Ao final do prazo, o inscrito que assistir \u00e0s seis horas do webminicurso poder\u00e1 emitir seu certificado.<\/p>\n<p>S\u00f3cios quites e novos s\u00f3cios da SBPC t\u00eam desconto na taxa de matr\u00edcula. Os valores para cada webminicurso s\u00e3o R$ 30,00 para s\u00f3cio quite da SBPC e R$ 50,00 para n\u00e3o s\u00f3cio. \u00c9 permitido fazer a matr\u00edcula em v\u00e1rios webminicursos simultaneamente ou escolher apenas um.<\/p>\n<p><strong>Veja a rela\u00e7\u00e3o dos webminicursos oferecidos neste segundo ciclo:<\/strong><\/p>\n<p><strong>WMC-01 \u2013 APLICA\u00c7\u00d5ES EST\u00c1VEIS ENTRE SUPERF\u00cdCIES (UFJF)<\/strong><\/p>\n<p><strong>Ministrantes:<\/strong>\u00a0Alana Cavalcante Felippe (UFV)\u00a0e\u00a0Catarina Mendes de Jesus S\u00e1nchez (UFJF)<\/p>\n<p><strong>WMC-02 \u2013 O USO DOS EXPERIMENTOS MENTAIS COMO UMA POSS\u00cdVEL METODOLOGIA DE ENSINO PARA MATEM\u00c1TICA (UFJF)<\/strong><\/p>\n<p><strong>Ministrante:<\/strong>\u00a0Willian Jos\u00e9 da Cruz (UFJF)<\/p>\n<p><strong>WMC-05 \u2013 RECURSOS E ESTRAT\u00c9GIAS PARA O ENSINO ONLINE E ATIVO DA QU\u00cdMICA (SBQ)<\/strong><\/p>\n<p><strong>Ministrantes:<\/strong>\u00a0Guilherme Andrade Marson (USP),\u00a0Alfredo Luis Martins Lameir\u00e3o Mateus (UFMG)\u00a0e\u00a0M\u00e1rlon Herbert Flora Barbosa Soares (UFG)<\/p>\n<p><strong>WMC-06 \u2013 PLASTINA\u00c7\u00c3O: ENSINO, PESQUISA E EXTENS\u00c3O<\/strong><\/p>\n<p><strong>Ministrantes:<\/strong>\u00a0Athelson Stefanon Bittencourt (UFES)\u00a0e\u00a0Yuri Favalessa Monteiro (UFES)<\/p>\n<p><strong>WMC-07 \u2013 CORPO, CULTURA DE MOVIMENTO E JOGOS IND\u00cdGENAS NAS AULAS DE EDUCA\u00c7\u00c3O F\u00cdSICA<\/strong><\/p>\n<p><strong>Ministrantes:<\/strong>\u00a0Moaldecir Freire Domingos Junior (UFRN)\u00a0e\u00a0Camila Ursulla Batista Carlos (UFRN)<\/p>\n<p><strong>WMC-08 \u2013 COMPREENDENDO O C\u00c9REBRO<\/strong><\/p>\n<p><strong>Ministrantes:<\/strong>\u00a0Sidarta Ribeiro (UFRN),\u00a0Kerstin Schmidt (UFRN),\u00a0Claudio Marcos Teixeira de Queiroz (UFRN)\u00a0e\u00a0Sergio Neuenschwander (UFRN)<\/p>\n<p><strong>WMC-09 \u2013 INTRODU\u00c7\u00c3O \u00c0 PESQUISAS QUANTI-QUALITATIVA EM SA\u00daDE COLETIVA (UFJF)<\/strong><\/p>\n<p><strong>Ministrantes:<\/strong>\u00a0Waneska Alexandra Alves (UFJF),\u00a0Lina Rodrigues Faria (UFSB)\u00a0e\u00a0Luciana Karen Calabria (UFU)<\/p>\n<p><strong>WMC-12 \u2013 OFICINA DO SENTIR: UMA EXPERI\u00caNCIA PO\u00c9TICA DO MEU LUGAR CASA (UFJF)<\/strong><\/p>\n<p><strong>Ministrantes:<\/strong>\u00a0Sandrelena da Silva Monteiro (UFJF),\u00a0Juliane Figueiredo Fonseca (UFJF)\u00a0e\u00a0M\u00f4nica Cristina Henriques Leite Olender (UFJF)<\/p>\n<p><strong>WMC-13 \u2013 ARTIGO CIENT\u00cdFICO: REDA\u00c7\u00c3O, \u00c9TICA, AVALIA\u00c7\u00c3O E DIVULGA\u00c7\u00c3O (ABEC)<\/strong><\/p>\n<p><strong>Ministrantes:<\/strong>\u00a0Sigmar de Mello Rode (UNESP),\u00a0Piotr Trzesniak (UFPE)\u00a0e\u00a0Germana Barata (Unicamp)<\/p>\n<p><strong>WMC-14 \u2013 LIBERDADE DE EXPRESS\u00c3O E DIREITO \u00c0 INFORMA\u00c7\u00c3O: LIMITES E TENSIONAMENTOS (UFJF)<\/strong><\/p>\n<p><strong>Ministrantes:<\/strong>\u00a0Jos\u00e9 Tarc\u00edsio da Silva Oliveira Filho (UFRR),\u00a0Luiz Felipe Novais Falc\u00e3o (UFJF)\u00a0e\u00a0Simone Teixeira Martins (UFJF)<\/p>\n<p><strong>WMC-15 \u2013 ASPECTOS \u00c9TICOS DA PESQUISA ACAD\u00caMICA COM SERES HUMANOS NA EDUCA\u00c7\u00c3O<\/strong><\/p>\n<p><strong>Ministrantes:<\/strong>\u00a0Leandro Silva Costa (IFRN)\u00a0e\u00a0Lenina Lopes Soares Silva (IFRN)<\/p>\n<p><strong>WMC-17 \u2013 FIGURA\u00c7\u00d5ES DA VIOL\u00caNCIA NA CONTEMPORANEIDADE<\/strong><\/p>\n<p><strong>Ministrantes:<\/strong>\u00a0C\u00e9sar Barreira (UFC),\u00a0Jos\u00e9 Vicente Tavares dos Santos (UFRGS)\u00a0e\u00a0Michel Misse (UFRJ)<\/p>\n<p><strong>WMC-19 \u2013 METODOLOGIA E DIVULGA\u00c7\u00c3O CIENT\u00cdFICA (SBF)<\/strong><\/p>\n<p><strong>Ministrante:<\/strong>\u00a0D\u00e9bora Peres Menezes (UFSC)<\/p>\n<p><strong>WMC-20 \u2013 ENSINO DE CI\u00caNCIAS COM BRINQUEDOS CIENT\u00cdFICOS DE BAIXO CUSTO (UFJF)<\/strong><\/p>\n<p><strong>Ministrantes:<\/strong>\u00a0Paulo Henrique Dias Menezes (UFJF)\u00a0e\u00a0Wagner da Cruz Seabra Eiras (IF Sudeste-MG)<\/p>\n<p><strong>WMC-22 \u2013 L\u00cdNGUAS VIVAS: UMA INTRODU\u00c7\u00c3O AOS CONHECIMENTOS DAS L\u00cdNGUAS DOS POVOS ORIGIN\u00c1RIOS NO BRASIL (ABRALIN)<\/strong><\/p>\n<p><strong>Ministrantes:<\/strong>\u00a0Bruna Franchetto (UFRJ),\u00a0Luciana R. Storto (USP)\u00a0e\u00a0Marcus Maia (UFRJ)<\/p>\n<p><strong>WMC-23 \u2013 FOTOGRAFIA E INTERDISCIPLINARIDADE: O DI\u00c1LOGO ENTRE CI\u00caNCIAS E ARTES DESDE OS PROCESSOS FOTOGR\u00c1FICOS EXPERIMENTAIS AT\u00c9 A FOTOGRAFIA DIGITAL. (UFJF)<\/strong><\/p>\n<p><strong>Ministrante:<\/strong>\u00a0B\u00e1rbara L\u00facia de Almeida (UFJF)<\/p>\n<p><strong>WMC-25 \u2013 METROLOGIA E DESENVOLVIMENTO SUSTENT\u00c1VEL, AGENDA 2030 ODS (ONU) (SBM)<\/strong><\/p>\n<p><strong>Ministrante:<\/strong>\u00a0Luciana e S\u00e1 Alves (INMETRO)<\/p>\n<p><strong>WMC-26 \u2013 O MUNDO DAS PART\u00cdCULAS ELEMENTARES (SBF)<\/strong><\/p>\n<p><strong>Ministrante:<\/strong>\u00a0Farinaldo da Silva Queiroz (UFRN)<\/p>\n<p><strong>WMC-27 \u2013 APLICA\u00c7\u00d5ES DA ENERGIA NUCLEAR NA SA\u00daDE (SBBN)<\/strong><\/p>\n<p><strong>Ministrante:<\/strong>\u00a0Silvia Maria Velasques de Oliveira (CNEN)<\/p>\n<p><strong>WMC-28 \u2013 ESTUDO DE PLANTAS MEDICINAIS COM A\u00c7\u00c3O NO SISTEMA NERVOSO CENTRAL: PASSEANDO ENTRE A QU\u00cdMICA E A FARMACOLOGIA (SBPM)<\/strong><\/p>\n<p><strong>Ministrantes:<\/strong>\u00a0Silv\u00e2nia Maria Mendes Vasconcelos (UFC),\u00a0Jackson Roberto Guedes Almeida (UNIVASF)\u00a0e\u00a0Kalyne Leal (UFC)<\/p>\n<p><strong>WMC-29 \u2013 INTRODU\u00c7\u00c3O AO MANEJO DE DADOS EM SA\u00daDE P\u00daBLICA (UFJF)<\/strong><\/p>\n<p><strong>Ministrantes:<\/strong>\u00a0Milena de Oliveira Sim\u00f5es (UFJF),\u00a0Eulilian Dias de Freitas (UFJF)\u00a0e\u00a0Waneska Alexandra Alves (UFJF)<\/p>\n<p><strong>WMC-30 \u2013 DESENVOLVIMENTO EM UM MUNDO P\u00d3S-PAND\u00caMICO: INTEGRANDO AS VIS\u00d5ES DA ECONOMIA E ECOLOGIA (ECOECO)<\/strong><\/p>\n<p><strong>Ministrantes:<\/strong>\u00a0Daniel Caixeta Andrade (UFU),\u00a0Lucas Ferreira Lima (Unicamp)\u00a0e\u00a0Beatriz Macchione Saes (UNIFESP)<\/p>\n<p><strong>WMC-31 \u2013 CI\u00caNCIAS DA COMUNICA\u00c7\u00c3O VS. DESINFODEMIA: ESTRAT\u00c9GIAS DE EDUCA\u00c7\u00c3O PARA AS M\u00cdDIAS (SOCICOM)<\/strong><\/p>\n<p><strong>Ministrantes:<\/strong>\u00a0Erivam Morais de Oliveira (ESPM),\u00a0Guilherme Moreira Fernandes (UFRB)\u00a0e\u00a0Alet\u00e9ia Patr\u00edcia de Almeida Selonk (PUCRS)<\/p>\n<p><strong>WMC-32 \u2013 DIVULGA\u00c7\u00c3O CIENT\u00cdFICA: O DESAFIO DE INCLUIR DIFERENTES P\u00daBLICOS (UFJF)<\/strong><\/p>\n<p><strong>Ministrantes:<\/strong>\u00a0Di\u00e9len dos Reis Borges Almeida (UFU),\u00a0B\u00e1rbara Bastos de Lima Duque (UFJF)\u00a0e\u00a0S\u00f4nia Miranda de Oliveira (Cefet-MG)<\/p>\n<p><strong>WMC-33 \u2013 BOATOS, MENTIRAS, DESINFORMA\u00c7\u00c3O E CI\u00caNCIA<\/strong><\/p>\n<p><strong>Ministrantes:<\/strong>\u00a0Yurij Castelfranchi (UFMG) e Vanessa Oliveira Fagundes (FAPEMIG)<\/p>\n<p><strong>WMC-34 \u2013 HIST\u00d3RIA ENSINADA SOB ATAQUES: POL\u00cdTICAS P\u00daBLICAS E COTIDIANO DO TRABALHO DOCENTE EM TEMPOS DE NEGACIONISMOS (UFJF)<\/strong><\/p>\n<p><strong>Ministrantes:<\/strong>\u00a0Sonia Regina Miranda (UFJF),\u00a0Fabiana Rodrigues de Almeida (UFJF)\u00a0e\u00a0Felipe Dias de Oliveira Silva (Unicamp)<\/p>\n<p><strong>WMC-35 \u2013 GRIOTAGENS: FORMA\u00c7\u00c3O DOCENTE AFROPERSPECTIVADA (UFJF)<\/strong><\/p>\n<p><strong>Ministrante:<\/strong>\u00a0Jussara Alves da Silva (UFJF)<\/p>\n<p><strong>WMC-36 \u2013 UMA UTOPIA PARA NOSSO TEMPO: TRANSUMANISMO E OUTRAS IDEIAS<\/strong><\/p>\n<p><strong>Ministrantes:<\/strong>\u00a0Renato Janine Ribeiro (SBPC\/USP)\u00a0e\u00a0Alexey Dodsworth Magnavita de Carvalho (USP)<\/p>\n<p><strong>WMC-37 \u2013\u00a0<\/strong><em><b>CANNABIS<\/b><\/em><strong>: DIMENS\u00d5ES TERAP\u00caUTICAS E SOCIAIS DE UMA PLANTA PROSCRITA (UFJF)<\/strong><\/p>\n<p><strong>Ministrantes:<\/strong>\u00a0Paulo Fraga (UFJF)\u00a0e\u00a0Rodrigo Pastor (UFOP)<\/p>\n<p>Para mais informa\u00e7\u00f5es, acesse:\u00a0<a href=\"https:\/\/cursos.sbpcnet.org.br\/\" target=\"_blank\" rel=\"noopener\">https:\/\/cursos.sbpcnet.org.br\/<\/a>.<\/p>\n<p><a href=\"http:\/\/www.jornaldaciencia.org.br\/edicoes\/?url=http:\/\/jcnoticias.jornaldaciencia.org.br\/5-participe-dos-cursos-online-da-sbpc\/\"><em>Jornal da Ci\u00eancia<\/em><\/a><\/p>\n<h6 id=\"imagem-por-freepik-com\"><a href=\"https:\/\/br.freepik.com\/fotos-gratis\/aluno-negro-discutindo-ideias-academicas-de-marketing-com-a-equipe-da-faculdade-em-teleconferencia-virtual-sentado-na-mesa-da-sala-de-estar_15854057.htm#query=online%20course&amp;position=5&amp;from_view=search\">Imagem por Freepik.com<\/a><\/h6>\n","protected":false},"excerpt":{"rendered":"Est\u00e3o abertas as inscri\u00e7\u00f5es e matr\u00edculas do 2\u00ba ciclo de webminicursos da&hellip;\n","protected":false},"author":11,"featured_media":1513,"comment_status":"open","ping_status":"open","sticky":false,"template":"","format":"standard","meta":[],"categories":[1,2],"tags":[],"acf":[],"_links":{"self":[{"href":"https:\/\/revistacienciaecultura.org.br\/index.php?rest_route=\/wp\/v2\/posts\/1512"}],"collection":[{"href":"https:\/\/revistacienciaecultura.org.br\/index.php?rest_route=\/wp\/v2\/posts"}],"about":[{"href":"https:\/\/revistacienciaecultura.org.br\/index.php?rest_route=\/wp\/v2\/types\/post"}],"author":[{"embeddable":true,"href":"https:\/\/revistacienciaecultura.org.br\/index.php?rest_route=\/wp\/v2\/users\/11"}],"replies":[{"embeddable":true,"href":"https:\/\/revistacienciaecultura.org.br\/index.php?rest_route=%2Fwp%2Fv2%2Fcomments&post=1512"}],"version-history":[{"count":2,"href":"https:\/\/revistacienciaecultura.org.br\/index.php?rest_route=\/wp\/v2\/posts\/1512\/revisions"}],"predecessor-version":[{"id":1615,"href":"https:\/\/revistacienciaecultura.org.br\/index.php?rest_route=\/wp\/v2\/posts\/1512\/revisions\/1615"}],"wp:featuredmedia":[{"embeddable":true,"href":"https:\/\/revistacienciaecultura.org.br\/index.php?rest_route=\/wp\/v2\/media\/1513"}],"wp:attachment":[{"href":"https:\/\/revistacienciaecultura.org.br\/index.php?rest_route=%2Fwp%2Fv2%2Fmedia&parent=1512"}],"wp:term":[{"taxonomy":"category","embeddable":true,"href":"https:\/\/revistacienciaecultura.org.br\/index.php?rest_route=%2Fwp%2Fv2%2Fcategories&post=1512"},{"taxonomy":"post_tag","embeddable":true,"href":"https:\/\/revistacienciaecultura.org.br\/index.php?rest_route=%2Fwp%2Fv2%2Ftags&post=1512"}],"curies":[{"name":"wp","href":"https:\/\/api.w.org\/{rel}","templated":true}]}}