{"id":1515,"date":"2022-03-04T11:58:48","date_gmt":"2022-03-04T11:58:48","guid":{"rendered":"https:\/\/revistacienciaecultura.org.br\/?p=1515"},"modified":"2022-03-04T14:17:23","modified_gmt":"2022-03-04T14:17:23","slug":"revista-ciencia-cultura-retoma-atividades-discutindo-o-bicentenario-da-independencia","status":"publish","type":"post","link":"https:\/\/revistacienciaecultura.org.br\/?p=1515","title":{"rendered":"Revista Ci\u00eancia &#038; Cultura retoma atividades discutindo o bicenten\u00e1rio da Independ\u00eancia"},"content":{"rendered":"<p>Aquecimento global, pandemia, crise econ\u00f4mica e social. Nunca a ci\u00eancia \u2014 e a sua comunica\u00e7\u00e3o \u2014 foi t\u00e3o necess\u00e1ria. E \u00e9 nesse contexto que a revista\u00a0<strong>Ci\u00eancia &amp; Cultura<\/strong>\u00a0marca seu retorno ao cen\u00e1rio da divulga\u00e7\u00e3o cient\u00edfica brasileira. Ap\u00f3s ter suas atividades interrompidas no in\u00edcio de 2021, a revista retorna reformulada e modernizada para se tornar inteiramente digital \u2014 mas sem perder seu perfil original que a tornou um dos mais importantes e hist\u00f3ricos ve\u00edculos de divulga\u00e7\u00e3o cient\u00edfica do Pa\u00eds.<\/p>\n<p>A reformula\u00e7\u00e3o da revista visa possibilitar um maior engajamento com as diversas plataformas e m\u00eddias sociais, ampliando seu alcance e o seu impacto na sociedade. Al\u00e9m disso, tamb\u00e9m pretende estimular uma maior proximidade e intera\u00e7\u00e3o entre ci\u00eancia e cultura e integr\u00e1-la com as outras a\u00e7\u00f5es de comunica\u00e7\u00e3o da Sociedade Brasileira para o Progresso da Ci\u00eancia (SBPC), fazendo com que ela se constitua uma rede ampla de divulga\u00e7\u00e3o cient\u00edfica.<\/p>\n<h3 id=\"reestreia\"><strong>Reestreia<\/strong><\/h3>\n<p>Para marcar a reestreia da revista, a SBPC vai realizar uma\u00a0<em>live de lan\u00e7amento<\/em>\u00a0no dia 7 de mar\u00e7o, \u00e0s 16 horas, pelo\u00a0<a href=\"https:\/\/www.youtube.com\/canalsbpc\" target=\"_blank\" rel=\"noopener\">canal do YouTube<\/a>\u00a0da entidade. A live debater\u00e1 \u201cO Bicenten\u00e1rio da Independ\u00eancia \u2014 Povos e Lutas\u201d, tema da primeira edi\u00e7\u00e3o da revista. O evento ser\u00e1 aberto por Renato Janine Ribeiro, professor da Faculdade de Filosofia, Letras e Ci\u00eancias Humanas (FFLCH) da USP e presidente da SBPC, Ildeu de Castro Moreira, professor do Instituto de F\u00edsica da Universidade Federal do Rio de Janeiro (UFRJ) e presidente de honra da SBPC, e Fernanda Sobral, professora em\u00e9rita do Departamento de Sociologia da Universidade de Bras\u00edlia (UnB) e vice-presidente da SBPC, e contar\u00e1 com debate realizado por George F\u00e9lix Cabral de Souza, professor do Departamento de Hist\u00f3ria da Universidade Federal de Pernambuco (UFPE), Lilia Moritz Schwarcz, professora da FFLCH da USP, e Valdei Lopes de Ara\u00fajo, professor do Departamento de Hist\u00f3ria da Universidade Federal de Ouro Preto (UFOP). A media\u00e7\u00e3o ser\u00e1 feita por Luciano Raposo de Almeida Figueiredo, professor do Departamento de Hist\u00f3ria da Universidade Federal Fluminense (UFF) e editor cient\u00edfico desta edi\u00e7\u00e3o da revista.<\/p>\n<p>\u201cA SBPC est\u00e1 muito satisfeita de estar lan\u00e7ando agora, no dia 7\/3, a nova vers\u00e3o inteiramente online da revista\u00a0<strong>Ci\u00eancia &amp; Cultura,\u00a0<\/strong>aprovada pelo Conselho da entidade\u201d, afirma Sobral. \u201cAl\u00e9m de ser uma vers\u00e3o renovada, tamb\u00e9m estamos satisfeitos de estarmos lan\u00e7ando este primeiro n\u00famero dentro das comemora\u00e7\u00f5es do Bicenten\u00e1rio da Independ\u00eancia\u201d, termina.<\/p>\n<h3 id=\"historia\"><strong>Hist\u00f3ria<\/strong><\/h3>\n<p>Criada em 1949, um ano ap\u00f3s a funda\u00e7\u00e3o da SBPC, a\u00a0<strong>Ci\u00eancia &amp; Cultura<\/strong>\u00a0foi idealizada por Jos\u00e9 Reis (1907-2002), que a dirigiu de 1949 a 1954 e de 1972 a 1985. A partir dos anos 2000, a publica\u00e7\u00e3o passa a ter suporte t\u00e9cnico do Labjor, da Unicamp, e a ser dirigida por Carlos Vogt, ent\u00e3o vice-presidente da SBPC na gest\u00e3o de Glaci Zancan, que ficou \u00e0 sua frente de 2000 a 2007 e de 2018 a 2021. Hoje a revista tem 73 anos e mais de 450 edi\u00e7\u00f5es \u2014 todas dispon\u00edveis online no\u00a0<a href=\"http:\/\/cienciaecultura.bvs.br\/scielo.php?script=sci_issues&amp;pid=0009-6725&amp;lng=pt&amp;nrm=iso\" target=\"_blank\" rel=\"noopener\">Scielo<\/a>\u00a0e no\u00a0<a href=\"http:\/\/memoria.bn.br\/docreader\/DocReader.aspx?bib=003069&amp;pagfis=1\" target=\"_blank\" rel=\"noopener\">Acervo Digital<\/a>\u00a0da Biblioteca Nacional. Assim, ela \u00e9 um dos mais antigos \u2014 e importantes \u2014 ve\u00edculos de divulga\u00e7\u00e3o cient\u00edfica do pa\u00eds. Com edi\u00e7\u00f5es tem\u00e1ticas, a revista une textos cient\u00edficos, de opini\u00e3o e de divulga\u00e7\u00e3o, e fala tanto para um p\u00fablico especializado quanto para o p\u00fablico em geral. Desta forma ela consegue mostrar perspectivas diferentes sobre diversos assuntos.<\/p>\n<p><strong>Servi\u00e7o<\/strong><\/p>\n<p><em>Live de relan\u00e7amento da revista Ci\u00eancia &amp; Cultura<\/em><\/p>\n<p><em>\u201cBicenten\u00e1rio da Independ\u00eancia do Brasil \u2013 Povos e Lutas\u201d<\/em><\/p>\n<p>Data: 07\/03<\/p>\n<p>Hor\u00e1rio: 16h<\/p>\n<p>Local:\u00a0<a href=\"https:\/\/www.youtube.com\/canalsbpc\" target=\"_blank\" rel=\"noopener\">youtube.com\/canalSBPC<\/a><\/p>\n","protected":false},"excerpt":{"rendered":"Aquecimento global, pandemia, crise econ\u00f4mica e social. Nunca a ci\u00eancia \u2014 e&hellip;\n","protected":false},"author":11,"featured_media":1516,"comment_status":"open","ping_status":"open","sticky":false,"template":"","format":"standard","meta":[],"categories":[1,2],"tags":[],"acf":[],"_links":{"self":[{"href":"https:\/\/revistacienciaecultura.org.br\/index.php?rest_route=\/wp\/v2\/posts\/1515"}],"collection":[{"href":"https:\/\/revistacienciaecultura.org.br\/index.php?rest_route=\/wp\/v2\/posts"}],"about":[{"href":"https:\/\/revistacienciaecultura.org.br\/index.php?rest_route=\/wp\/v2\/types\/post"}],"author":[{"embeddable":true,"href":"https:\/\/revistacienciaecultura.org.br\/index.php?rest_route=\/wp\/v2\/users\/11"}],"replies":[{"embeddable":true,"href":"https:\/\/revistacienciaecultura.org.br\/index.php?rest_route=%2Fwp%2Fv2%2Fcomments&post=1515"}],"version-history":[{"count":1,"href":"https:\/\/revistacienciaecultura.org.br\/index.php?rest_route=\/wp\/v2\/posts\/1515\/revisions"}],"predecessor-version":[{"id":1517,"href":"https:\/\/revistacienciaecultura.org.br\/index.php?rest_route=\/wp\/v2\/posts\/1515\/revisions\/1517"}],"wp:featuredmedia":[{"embeddable":true,"href":"https:\/\/revistacienciaecultura.org.br\/index.php?rest_route=\/wp\/v2\/media\/1516"}],"wp:attachment":[{"href":"https:\/\/revistacienciaecultura.org.br\/index.php?rest_route=%2Fwp%2Fv2%2Fmedia&parent=1515"}],"wp:term":[{"taxonomy":"category","embeddable":true,"href":"https:\/\/revistacienciaecultura.org.br\/index.php?rest_route=%2Fwp%2Fv2%2Fcategories&post=1515"},{"taxonomy":"post_tag","embeddable":true,"href":"https:\/\/revistacienciaecultura.org.br\/index.php?rest_route=%2Fwp%2Fv2%2Ftags&post=1515"}],"curies":[{"name":"wp","href":"https:\/\/api.w.org\/{rel}","templated":true}]}}