{"id":1558,"date":"2022-03-07T08:11:34","date_gmt":"2022-03-07T08:11:34","guid":{"rendered":"https:\/\/revistacienciaecultura.org.br\/?p=1558"},"modified":"2022-05-05T15:08:30","modified_gmt":"2022-05-05T15:08:30","slug":"exposicao-virtual-de-capas-da-revista-ciencia-cultura","status":"publish","type":"post","link":"https:\/\/revistacienciaecultura.org.br\/?p=1558","title":{"rendered":"Exposi\u00e7\u00e3o virtual de capas da revista Ci\u00eancia &#038; Cultura"},"content":{"rendered":"<p>Confira 25 capas hist\u00f3ricas da revista Ci\u00eancia &amp; Cultura e relembre a trajet\u00f3ria de um dos ve\u00edculos de divulga\u00e7\u00e3o cient\u00edfica mais emblem\u00e1ticos do Brasil.<\/p>\n<p><iframe loading=\"lazy\" src=\"https:\/\/cdn.flipsnack.com\/widget\/v2\/widget.html?hash=1pi2m8itk5\" width=\"100%\" height=\"480\" seamless=\"seamless\" scrolling=\"no\" frameBorder=\"0\" allowFullScreen allow=\"autoplay\"><\/iframe><\/p>\n<p>&nbsp;<\/p>\n","protected":false},"excerpt":{"rendered":"Confira 25 capas hist\u00f3ricas da revista Ci\u00eancia &amp; Cultura e relembre a&hellip;\n","protected":false},"author":19,"featured_media":1581,"comment_status":"open","ping_status":"open","sticky":false,"template":"","format":"gallery","meta":[],"categories":[1,2],"tags":[],"acf":[],"_links":{"self":[{"href":"https:\/\/revistacienciaecultura.org.br\/index.php?rest_route=\/wp\/v2\/posts\/1558"}],"collection":[{"href":"https:\/\/revistacienciaecultura.org.br\/index.php?rest_route=\/wp\/v2\/posts"}],"about":[{"href":"https:\/\/revistacienciaecultura.org.br\/index.php?rest_route=\/wp\/v2\/types\/post"}],"author":[{"embeddable":true,"href":"https:\/\/revistacienciaecultura.org.br\/index.php?rest_route=\/wp\/v2\/users\/19"}],"replies":[{"embeddable":true,"href":"https:\/\/revistacienciaecultura.org.br\/index.php?rest_route=%2Fwp%2Fv2%2Fcomments&post=1558"}],"version-history":[{"count":19,"href":"https:\/\/revistacienciaecultura.org.br\/index.php?rest_route=\/wp\/v2\/posts\/1558\/revisions"}],"predecessor-version":[{"id":2110,"href":"https:\/\/revistacienciaecultura.org.br\/index.php?rest_route=\/wp\/v2\/posts\/1558\/revisions\/2110"}],"wp:featuredmedia":[{"embeddable":true,"href":"https:\/\/revistacienciaecultura.org.br\/index.php?rest_route=\/wp\/v2\/media\/1581"}],"wp:attachment":[{"href":"https:\/\/revistacienciaecultura.org.br\/index.php?rest_route=%2Fwp%2Fv2%2Fmedia&parent=1558"}],"wp:term":[{"taxonomy":"category","embeddable":true,"href":"https:\/\/revistacienciaecultura.org.br\/index.php?rest_route=%2Fwp%2Fv2%2Fcategories&post=1558"},{"taxonomy":"post_tag","embeddable":true,"href":"https:\/\/revistacienciaecultura.org.br\/index.php?rest_route=%2Fwp%2Fv2%2Ftags&post=1558"}],"curies":[{"name":"wp","href":"https:\/\/api.w.org\/{rel}","templated":true}]}}