{"id":1578,"date":"2022-03-06T10:34:47","date_gmt":"2022-03-06T10:34:47","guid":{"rendered":"https:\/\/revistacienciaecultura.org.br\/?p=1578"},"modified":"2022-03-06T22:42:34","modified_gmt":"2022-03-06T22:42:34","slug":"conheca-a-nova-ciencia-cultura","status":"publish","type":"post","link":"https:\/\/revistacienciaecultura.org.br\/?p=1578","title":{"rendered":"Conhe\u00e7a a nova Ci\u00eancia &#038; Cultura"},"content":{"rendered":"<p><iframe loading=\"lazy\" title=\"Lan\u00e7amento da vers\u00e3o digital da revista Ci\u00eancia &amp; Cultura (SBPC)\" width=\"1200\" height=\"675\" src=\"https:\/\/www.youtube.com\/embed\/rR1lsgQLE8w?feature=oembed\" frameborder=\"0\" allow=\"accelerometer; autoplay; clipboard-write; encrypted-media; gyroscope; picture-in-picture\" allowfullscreen><\/iframe><\/p>\n<p>A Ci\u00eancia &amp; Cultura est\u00e1 se modernizando para se tornar totalmente digital, possibilitando um maior engajamento com as diversas plataformas e m\u00eddias sociais e ampliando assim seu p\u00fablico leitor e seu impacto na sociedade brasileira. Assista ao v\u00eddeo de lan\u00e7amento e saiba mais sobre essa nova vers\u00e3o revista.<\/p>\n","protected":false},"excerpt":{"rendered":"A Ci\u00eancia &amp; Cultura est\u00e1 se modernizando para se tornar totalmente digital,&hellip;\n","protected":false},"author":11,"featured_media":1579,"comment_status":"open","ping_status":"open","sticky":false,"template":"","format":"video","meta":[],"categories":[5],"tags":[],"acf":[],"_links":{"self":[{"href":"https:\/\/revistacienciaecultura.org.br\/index.php?rest_route=\/wp\/v2\/posts\/1578"}],"collection":[{"href":"https:\/\/revistacienciaecultura.org.br\/index.php?rest_route=\/wp\/v2\/posts"}],"about":[{"href":"https:\/\/revistacienciaecultura.org.br\/index.php?rest_route=\/wp\/v2\/types\/post"}],"author":[{"embeddable":true,"href":"https:\/\/revistacienciaecultura.org.br\/index.php?rest_route=\/wp\/v2\/users\/11"}],"replies":[{"embeddable":true,"href":"https:\/\/revistacienciaecultura.org.br\/index.php?rest_route=%2Fwp%2Fv2%2Fcomments&post=1578"}],"version-history":[{"count":1,"href":"https:\/\/revistacienciaecultura.org.br\/index.php?rest_route=\/wp\/v2\/posts\/1578\/revisions"}],"predecessor-version":[{"id":1580,"href":"https:\/\/revistacienciaecultura.org.br\/index.php?rest_route=\/wp\/v2\/posts\/1578\/revisions\/1580"}],"wp:featuredmedia":[{"embeddable":true,"href":"https:\/\/revistacienciaecultura.org.br\/index.php?rest_route=\/wp\/v2\/media\/1579"}],"wp:attachment":[{"href":"https:\/\/revistacienciaecultura.org.br\/index.php?rest_route=%2Fwp%2Fv2%2Fmedia&parent=1578"}],"wp:term":[{"taxonomy":"category","embeddable":true,"href":"https:\/\/revistacienciaecultura.org.br\/index.php?rest_route=%2Fwp%2Fv2%2Fcategories&post=1578"},{"taxonomy":"post_tag","embeddable":true,"href":"https:\/\/revistacienciaecultura.org.br\/index.php?rest_route=%2Fwp%2Fv2%2Ftags&post=1578"}],"curies":[{"name":"wp","href":"https:\/\/api.w.org\/{rel}","templated":true}]}}