{"id":1616,"date":"2022-03-08T12:58:30","date_gmt":"2022-03-08T12:58:30","guid":{"rendered":"https:\/\/revistacienciaecultura.org.br\/?p=1616"},"modified":"2022-03-21T15:05:41","modified_gmt":"2022-03-21T15:05:41","slug":"sbpc-realiza-jornada-no-dia-internacional-da-mulher","status":"publish","type":"post","link":"https:\/\/revistacienciaecultura.org.br\/?p=1616","title":{"rendered":"SBPC realiza Jornada no Dia Internacional da Mulher"},"content":{"rendered":"<p>Para comemorar o Dia Internacional da Mulher, no dia 8 de mar\u00e7o, a Sociedade Brasileira para o Progresso da Ci\u00eancia (SBPC) realizar\u00e1 uma jornada com 12 horas de atividades com mesas-redondas, pain\u00e9is e confer\u00eancias. Toda a programa\u00e7\u00e3o ser\u00e1 transmitida pelo\u00a0<a href=\"https:\/\/www.youtube.com\/canalSBPC\" target=\"_blank\" rel=\"noopener\">canal da SBPC no YouTube<\/a>.<\/p>\n<p>Segundo Fernanda Sobral, vice-presidente da entidade, o objetivo do evento virtual \u00e9 discutir as v\u00e1rias dimens\u00f5es da mulher no contexto atual, dar maior visibilidade ao trabalho realizado por\u00a0elas\u00a0e, ao mesmo tempo, incentivar as mulheres a fazerem parte da carreira acad\u00eamica. \u201cN\u00f3s sabemos que elas precisam desse est\u00edmulo para entrarem na carreira acad\u00eamica e de maior visibilidade\u201d.<\/p>\n<p>De acordo com Sobral, o evento se iniciar\u00e1 com a mesa-redonda intitulada \u201c8 mulheres e a SBPC\u201d, que contar\u00e1 com a participa\u00e7\u00e3o da secret\u00e1ria-executiva da SBPC, Eunice Personini, mais conhecida como Nicinha,\u00a0e das sete mulheres que fazem parte da Diretoria da entidade falando sobre suas carreiras e atua\u00e7\u00e3o na SBPC. Durante a atividade, Nicinha falar\u00e1 sobre as tr\u00eas mulheres presidentes da SBPC \u2014 Carolina Bori, Glaci Zancan e Helena Nader \u2014, em seus mandatos. O evento ser\u00e1 encerrado das 19h \u00e0s 20h\u00a0com o lan\u00e7amento do Grupo de Trabalho da SBPC \u2014 \u201cMulheres Cientistas\u201d (GTMC-SBPC), coordenado por Vanderlan Bolzani.<\/p>\n<p>Miriam Grossi, diretora da SBPC, ressalta que a gest\u00e3o atual da entidade quer, atrav\u00e9s de a\u00e7\u00f5es como a Jornada, mostrar (e inspirar) a outras sociedades que a entidade tem um profundo engajamento com a equidade de g\u00eanero no campo da ci\u00eancia. \u201cNossa Diretoria \u00e9 composta por sete mulheres e acreditamos que as quest\u00f5es de g\u00eanero na ci\u00eancia e que a presen\u00e7a e a valoriza\u00e7\u00e3o das mulheres na ci\u00eancia s\u00e3o fundamentais nesse momento pol\u00edtico atual. As mulheres s\u00e3o mais da metade das cientistas brasileiras, mas elas ainda est\u00e3o \u00e0 margem dos espa\u00e7os de poder no campo associativo e de gest\u00e3o da ci\u00eancia\u201d, explica.<\/p>\n<p>O 8 de mar\u00e7o foi oficializado em 1975 pela ONU como o Dia Internacional da Mulher e, segundo Grossi, h\u00e1 controv\u00e9rsias sobre a origem, mas que, independentemente disso, a data \u00e9 um dia de mobiliza\u00e7\u00e3o. \u201c8 de mar\u00e7o sempre foi um dia de luta e n\u00f3s mulheres cientistas e a SBPC estamos junta em diversas batalhas, como por exemplo, por mais recursos e valoriza\u00e7\u00e3o da ci\u00eancia e pelo aumento das bolsas para mestrado, doutorado e p\u00f3s-doutorado, que s\u00e3o fundamentais para a forma\u00e7\u00e3o das novas gera\u00e7\u00f5es de cientistas no Brasil. A maternidade \u00e9 outra quest\u00e3o central a ser debatida, j\u00e1 que ela precisa ser reconhecida como um fator de influ\u00eancia na carreira. E isso \u00e9 parte da vida social, por isso precisamos criar condi\u00e7\u00f5es para o bem-estar das pesquisadoras m\u00e3es, dar condi\u00e7\u00f5es de apoio\u201d, explica.<\/p>\n<p>Laila Salmen Espindola, diretora da SBPC, tamb\u00e9m chama a aten\u00e7\u00e3o de que ainda h\u00e1 poucas mulheres e m\u00e3es \u00e0 frente de cargos-chaves em institui\u00e7\u00f5es de ensino e pesquisa, em empresas e na pol\u00edtica. \u201cMesmo que as mulheres representem a maior parte de cientistas no Brasil de hoje, quanto mais alto na hierarquia, mais prevalece a presen\u00e7a masculina. Mulher precisa ocupar posi\u00e7\u00f5es. O mundo para ser melhor, precisa de equidade de g\u00eanero em todos os lugares. A diversidade em todas as suas formas \u00e9 que faz a beleza do mundo. A diversidade reunida \u00e0s \u201cheran\u00e7as\u201d pessoais de cada um \u00e9 que encanta e inspira os di\u00e1logos que levam as descobertas e ao desenvolvimento da ci\u00eancia\u201d, comenta ao explicar a motiva\u00e7\u00e3o do tema para a Jornada.<\/p>\n<p>Espindola salienta ainda que cada Dia Internacional das Mulheres, representa uma \u00f3tima oportunidade, certamente pol\u00edtica, de debater as reivindica\u00e7\u00f5es por igualdade de direitos e oportunidades. \u201cO sistema de ideias enraizado e vigente nas culturas mundo afora \u00e9 uma mentalidade para relegar as mulheres a uma posi\u00e7\u00e3o secund\u00e1ria. Ali\u00e1s, a situa\u00e7\u00e3o \u00e9 ainda mais grave, quando assistimos o sistema justificar a agress\u00e3o contra mulheres, em suas diferentes formas f\u00edsicas e psicol\u00f3gicas\u201d, comenta.<\/p>\n<p><strong>Jornada SBPC no Dia Internacional da Mulher \u2013 08 de Mar\u00e7o de 2022<\/strong><\/p>\n<p><strong>PROGRAMA\u00c7\u00c3O<\/strong><\/p>\n<p>&nbsp;<\/p>\n<p><strong>8h00 \u00e0s 9h00 \u2013 Mesa de abertura \u201c8 Mulheres e a SBPC\u201d<\/strong><\/p>\n<p>&nbsp;<\/p>\n<p><strong>Mulheres na hist\u00f3ria da SBPC<\/strong><\/p>\n<p>Eunice Maria Fernandes Personini \u2013 Nicinha<\/p>\n<p>&nbsp;<\/p>\n<p><strong>Mulheres da Diretoria atual da SBPC<\/strong><\/p>\n<p>Fernanda Sobral (UnB)<\/p>\n<p>Claudia Linhares Sales (UFC)<\/p>\n<p>Miriam Grossi (UFSC)<\/p>\n<p>Laila Salmen Espindola (UnB)<\/p>\n<p>Francilene Proc\u00f3pio Garcia (UFCG)<\/p>\n<p>Marim\u00e9lia Porcionatto (UNIFESP)<\/p>\n<p>Ana Tereza Vasconcelos (LNCC)<\/p>\n<p>&nbsp;<\/p>\n<p><strong>Da beleza molecular dos Produtos Naturais a Poesia nas Horas Vagas, tudo tem arte<\/strong><\/p>\n<p>Vanderlan Bolzani (IQ-Ar Unesp)<\/p>\n<p>&nbsp;<\/p>\n<p><strong>Apresenta\u00e7\u00e3o musical<\/strong><\/p>\n<p>&nbsp;<\/p>\n<p><strong>9h \u00e0s 10h20 \u2013 Mesa-redonda \u201cEu n\u00e3o ando s\u00f3\u201d \u2013 Premiadas no Pr\u00eamio Carolina Bori Ci\u00eancia &amp; Mulher<\/strong><\/p>\n<p><strong>Mediadora<\/strong>: Miriam Grossi (UFSC\/SBPC)<\/p>\n<p><strong>Participantes<\/strong>: Gulnar Azevedo e Silva, epidemiologista (UERJ)<\/p>\n<p>Beatriz Leonor Silveira Barbuy, astr\u00f4noma (USP)<\/p>\n<p>Nilma Lino Gomes, educadora e antrop\u00f3loga (UFMG)<\/p>\n<p>Alice Rangel de Paiva Abreu, soci\u00f3loga (UFRJ)<\/p>\n<p>Helena Bonciani Nader, biom\u00e9dica (UNIFESP\/SBPC\/ABC \u2013 a confirmar)<\/p>\n<p>&nbsp;<\/p>\n<p><strong>10h20 \u00e0s 10h30 \u2013 Apresenta\u00e7\u00e3o art\u00edstica<\/strong><\/p>\n<p>&nbsp;<\/p>\n<p><strong>10h30 \u00e0s 12h00 \u2013 Mesa-redonda \u201cA import\u00e2ncia de uma Pol\u00edtica dirigida para Mulheres na Ci\u00eancia e Tecnologia\u201d<\/strong><\/p>\n<p><strong>Media\u00e7\u00e3o<\/strong>: CNPq<\/p>\n<p><strong>Participantes<\/strong>: Deputada Celina Le\u00e3o (PP\/DF), Coordenadora-geral da Bancada Feminina da C\u00e2mara dos Deputados<\/p>\n<p>Fernanda Sobral (UnB\/SBPC)<\/p>\n<p>Luciana Tatagiba (Rede Brasileira de Mulheres Cientistas)<\/p>\n<p>Miriam Grossi (UFSC\/SBPC\/Conselho Deliberativo do CNPq)<\/p>\n<p>Christiane Gon\u00e7alves Corr\u00eaa (MCTI \u2013 a confirmar)<\/p>\n<p>&nbsp;<\/p>\n<p><strong>12h00 \u00e0s 13h00 \u2013 Apresenta\u00e7\u00e3o art\u00edstica<\/strong><\/p>\n<p>&nbsp;<\/p>\n<p><strong>13h00 \u00e0s 14h00 \u2013 Mesa-redonda \u201cConhecimento dos Povos e das Comunidades Tradicionais\u201d<\/strong><\/p>\n<p><strong>Mediadora<\/strong>: Laila Salmen Espindola (UnB\/SBPC)<\/p>\n<p><strong>Participantes<\/strong>: Lucely Pyo, raizeira, Quilombo do Cedro em Mineiros, Goi\u00e1s<\/p>\n<p>Claudia Sala de Pinho (Coordenadora da Rede de Comunidades Tradicionais Pantaneira e Conselheira CNPCT\/CGen)<\/p>\n<p><strong>14h00 \u00e0s 15h00 \u2013 Mesa-redonda \u201cBate-Papo Meninas nas Ci\u00eancias \u2013 Premiadas no Pr\u00eamio Carolina Bori\u201d<\/strong><\/p>\n<p><strong>Mediadora<\/strong>: Fernanda Sobral (UnB\/SBPC)<\/p>\n<p><strong>Participantes<\/strong>: Raquel Soares Bandeira \u2013 estudante da Enfermagem da UFMG<\/p>\n<p>Nallanda Victoria dos Santos Martins \u2013 estudante de Fonoaudiologia da UFS<\/p>\n<p>Julia Bondar \u2013 Spring Health, Nova Iorque<\/p>\n<p>Nayara Stefanie Mandarino Silva \u2013 Mestrado em Letras na UFPR<\/p>\n<p>&nbsp;<\/p>\n<p><strong>15h00 \u00e0s 15h10 \u2013 Apresenta\u00e7\u00e3o art\u00edstica<\/strong><\/p>\n<p>&nbsp;<\/p>\n<p><strong>15h10 \u00e0s 16h00 \u2013 Confer\u00eancia \u201cUma trajet\u00f3ria de vida centrada no prazer da linguagem: motiva\u00e7\u00f5es e inspira\u00e7\u00f5es, foco e trabalho\u201d<\/strong><\/p>\n<p><strong>Apresentadora<\/strong>: Laila Salmen Espindola (UnB\/SBPC)<\/p>\n<p><strong>Conferencista<\/strong>: Maria Helena Moura Neves \u2013 linguista, especialista em gram\u00e1tica, a partir da experi\u00eancia grega da linguagem, UNESP e UPM \u2013 Vencedora da primeira edi\u00e7\u00e3o do Pr\u00eamio Ester Sabino, Secretaria de Desenvolvimento Econ\u00f4mico do Estado de S\u00e3o Paulo<\/p>\n<p>&nbsp;<\/p>\n<p>&nbsp;<\/p>\n<p><strong>16h00 \u00e0s 16h40<\/strong>\u00a0<strong>\u2013 Mesa-redonda \u201cCi\u00eancia e Dan\u00e7a\u201d<\/strong><\/p>\n<p><strong>Mediadora<\/strong>: Laila Salmen Espindola (UnB\/SBPC)<\/p>\n<p><strong>Participantes:<\/strong>\u00a0Licia H. Mota \u2013 m\u00e9dica e bailarina (UnB)<\/p>\n<p>Alexandra Alencar \u2013 antrop\u00f3loga e dan\u00e7arina (UFSC)<\/p>\n<p>&nbsp;<\/p>\n<p><strong>16h40 \u00e0s 17h00 \u2013 Apresenta\u00e7\u00e3o art\u00edstica \u2013 Licia Mota e Alexandra Alencar<\/strong><\/p>\n<p><strong>17h00 \u00e0s 17h50 \u2013 Mesa-redonda \u201cMulheres na ci\u00eancia STEM \u2013 Ci\u00eancia, Tecnologia, Engenharias e Matem\u00e1tica\u201d<\/strong><\/p>\n<p><strong>Mediadora:<\/strong>\u00a0Vanderlan Bolzani (IQAr Unesp)<\/p>\n<p><strong>Participantes<\/strong>: Jaqueline Godoy Mesquita (UnB\/ABC\/SBM)<\/p>\n<p>Tatiana Roque (UFRJ)<\/p>\n<p>D\u00e9bora Menezes (UFSC\/SBF)<\/p>\n<p>&nbsp;<\/p>\n<p><strong>17h50 \u00e0s 18h00 \u2013 Apresenta\u00e7\u00e3o art\u00edstica<\/strong><\/p>\n<p><strong>\u00a0<\/strong><\/p>\n<p><strong>18h \u00e0s 18h50<\/strong>\u00a0\u2013\u00a0<strong>Mesa-redonda \u201cO caminho na pol\u00edtica: a mulher no Parlamento\u201d<\/strong><\/p>\n<p><strong>Mediadora:\u00a0<\/strong>C\u00e9li Pinto (UFRGS)<\/p>\n<p><strong>Participantes<\/strong>: Jandira Feghali (PCdoB)<\/p>\n<p>Luiza Erundina (PSOL)<\/p>\n<p>Maria do Ros\u00e1rio (PT )<\/p>\n<p>Professora Dorinha Seabra Rezende (DEM)<\/p>\n<p>&nbsp;<\/p>\n<p><strong>18h50 \u00e0s 19h00 \u2013 Apresenta\u00e7\u00e3o art\u00edstica<\/strong><\/p>\n<p>&nbsp;<\/p>\n<p><strong>19h00 \u00e0s 19h50 \u2013 Lan\u00e7amento do Grupo de Trabalho Mulheres Cientistas da SBPC \u2013 GTMC-SBPC<\/strong><\/p>\n<p><strong>Coordenadora:\u00a0<\/strong>Vanderlan da Silva Bolzani (IQAr UNESP)<\/p>\n<p><strong>Participantes<\/strong>: Selma Maria Bezerra Jer\u00f4nimo \u2013 m\u00e9dica e bi\u00f3loga (UFRN)<\/p>\n<p>Maria Teresa Fernandez Piedade \u2013 bi\u00f3loga (INPA)<\/p>\n<p>M\u00e1rcia Foster Mesko \u2013 qu\u00edmica (UFPel)<\/p>\n<p>Marilia Valli \u2013 qu\u00edmica (USP-S\u00e3o Carlos)<\/p>\n<p>Joana Maria Pedro \u2013 historiadora (UFSC)<\/p>\n<p>Germana Fernandes Barata, bi\u00f3loga (UNICAMP)<\/p>\n<p>&nbsp;<\/p>\n<p><strong>19h50 \u00e0s 20h \u2013 Apresenta\u00e7\u00e3o musical<\/strong><\/p>\n<p>&nbsp;<\/p>\n<p>Transmiss\u00e3o pelo\u00a0<a href=\"https:\/\/www.youtube.com\/canalsbpc\" target=\"_blank\" rel=\"noopener\">canal da SBPC no YouTube<\/a>.<\/p>\n<p><em>Jornal da Ci\u00eancia<\/em><\/p>\n<p><strong>Ou\u00e7a tamb\u00e9m:<\/strong><\/p>\n<p>R\u00e1dio Unesp \u2013\u00a0<a href=\"https:\/\/www.radio.unesp.br\/noticia\/7694\" target=\"_blank\" rel=\"noopener\">SBPC realiza Jornada no Dia Internacional da Mulher<\/a><\/p>\n<p>&nbsp;<\/p>\n<h6 id=\"imagem-por-freepik-com\"><a href=\"http:\/\/&lt;a href='https:\/\/br.freepik.com\/fotos-vetores-gratis\/alimento'&gt;Alimento foto criado por DCStudio - br.freepik.com&lt;\/a&gt;\">Imagem por Freepik.com<\/a><\/h6>\n","protected":false},"excerpt":{"rendered":"Para comemorar o Dia Internacional da Mulher, no dia 8 de mar\u00e7o,&hellip;\n","protected":false},"author":19,"featured_media":1617,"comment_status":"open","ping_status":"open","sticky":false,"template":"","format":"standard","meta":[],"categories":[1,2],"tags":[],"acf":[],"_links":{"self":[{"href":"https:\/\/revistacienciaecultura.org.br\/index.php?rest_route=\/wp\/v2\/posts\/1616"}],"collection":[{"href":"https:\/\/revistacienciaecultura.org.br\/index.php?rest_route=\/wp\/v2\/posts"}],"about":[{"href":"https:\/\/revistacienciaecultura.org.br\/index.php?rest_route=\/wp\/v2\/types\/post"}],"author":[{"embeddable":true,"href":"https:\/\/revistacienciaecultura.org.br\/index.php?rest_route=\/wp\/v2\/users\/19"}],"replies":[{"embeddable":true,"href":"https:\/\/revistacienciaecultura.org.br\/index.php?rest_route=%2Fwp%2Fv2%2Fcomments&post=1616"}],"version-history":[{"count":2,"href":"https:\/\/revistacienciaecultura.org.br\/index.php?rest_route=\/wp\/v2\/posts\/1616\/revisions"}],"predecessor-version":[{"id":1619,"href":"https:\/\/revistacienciaecultura.org.br\/index.php?rest_route=\/wp\/v2\/posts\/1616\/revisions\/1619"}],"wp:featuredmedia":[{"embeddable":true,"href":"https:\/\/revistacienciaecultura.org.br\/index.php?rest_route=\/wp\/v2\/media\/1617"}],"wp:attachment":[{"href":"https:\/\/revistacienciaecultura.org.br\/index.php?rest_route=%2Fwp%2Fv2%2Fmedia&parent=1616"}],"wp:term":[{"taxonomy":"category","embeddable":true,"href":"https:\/\/revistacienciaecultura.org.br\/index.php?rest_route=%2Fwp%2Fv2%2Fcategories&post=1616"},{"taxonomy":"post_tag","embeddable":true,"href":"https:\/\/revistacienciaecultura.org.br\/index.php?rest_route=%2Fwp%2Fv2%2Ftags&post=1616"}],"curies":[{"name":"wp","href":"https:\/\/api.w.org\/{rel}","templated":true}]}}