{"id":1624,"date":"2022-03-09T11:45:45","date_gmt":"2022-03-09T11:45:45","guid":{"rendered":"https:\/\/revistacienciaecultura.org.br\/?p=1624"},"modified":"2022-03-21T15:05:16","modified_gmt":"2022-03-21T15:05:16","slug":"sbpc-realiza-hoje-primeiro-seminario-da-serie-para-discutir-um-projeto-para-um-novo-brasil","status":"publish","type":"post","link":"https:\/\/revistacienciaecultura.org.br\/?p=1624","title":{"rendered":"SBPC realiza hoje primeiro semin\u00e1rio da s\u00e9rie para discutir um projeto para um novo Brasil"},"content":{"rendered":"<p>A Sociedade Brasileira para o Progresso da Ci\u00eancia (SBPC) realiza, a partir de hoje, 9 mar\u00e7o, doze semin\u00e1rios tem\u00e1ticos na s\u00e9rie \u201cProjeto para um novo Brasil\u201c. Os eventos ir\u00e3o tratar de temas relevantes que contribuam para o desenvolvimento do Pa\u00eds. Entre os assuntos a serem abordados est\u00e3o Ci\u00eancia, Tecnologia e Inova\u00e7\u00e3o\u201c \u201cEduca\u00e7\u00e3o b\u00e1sica\u201d, \u201cEduca\u00e7\u00e3o superior\u201d, \u201cP\u00f3s-gradua\u00e7\u00e3o\u201d, \u201cSa\u00fade\u201d, \u201cDireitos Humanos\u201d, \u201cSeguran\u00e7a p\u00fablica\u201d, Mudan\u00e7as Clim\u00e1ticas, Meio ambiente, Quest\u00e3o ind\u00edgena \u201cDiversidade de g\u00eanero e ra\u00e7a\u201d e Cultura. Os eventos online ser\u00e3o transmitidos pelo\u00a0<a href=\"https:\/\/www.youtube.com\/canalsbpc\" target=\"_blank\" rel=\"noopener\">canal da SBPC no YouTube<\/a>.<\/p>\n<p>Segundo Fernanda Sobral, vice-presidente da SBPC, o objetivo dos eventos \u00e9 engajar a comunidade cient\u00edfica a sugerir propostas para um novo governo. \u201cA ideia \u00e9 que esses eventos abordem temas relevantes visando a elabora\u00e7\u00e3o de um documento com diretrizes e propostas gerais de pol\u00edticas que ser\u00e1 entregue aos candidatos ao Legislativo e ao Executivo da pr\u00f3xima elei\u00e7\u00e3o, durante a 74\u00aa Reuni\u00e3o Anual da SBPC, a ser realizada esse ano na UnB (Universidade de Bras\u00edlia)\u201d, explica. \u201cA ideia \u00e9 n\u00e3o ficarmos apenas na batalha do presente. Mas pensarmos um futuro melhor para nosso pa\u00eds\u201c, finaliza.<\/p>\n<p>O primeiro debate abordar\u00e1 o tema \u201cCi\u00eancia, Tecnologia e Inova\u00e7\u00e3o\u201d e ser\u00e1 coordenado por Francilene Proc\u00f3pio Garcia, diretora da SBPC. O evento contar\u00e1 com a participa\u00e7\u00e3o de Glauco Arbix, professor titular de Sociologia na Universidade de S\u00e3o Paulo (USP), L\u00facia Melo, da Funda\u00e7\u00e3o Joaquim Nabuco e membro do Conselho da SBPC, Ildeu de Castro Moreira, presidente de honra da SBPC e professor do Instituto de F\u00edsica da Universidade Federal do Rio de Janeiro (UFRJ), e Helena Nader, presidente de honra da SBPC, vice-presidente da Academia Brasileira de Ci\u00eancias (ABC) e professora titular da Universidade Federal de S\u00e3o Paulo (Unifesp).<\/p>\n<p>Garcia explica que este primeiro semin\u00e1rio online contar\u00e1 com a presen\u00e7a de mentes inspiradoras, cujas carreiras e experi\u00eancias de vida, seja como pesquisadores, dirigentes, ou \u00e0 frente da gest\u00e3o de entidades p\u00fablicas, deixaram importantes contribui\u00e7\u00f5es para o setor de CT&amp;I e seu impacto no desenvolvimento do Pa\u00eds, inclusive na estrutura\u00e7\u00e3o do atual marco legal de CT&amp;I vigente.<\/p>\n<p>\u201cA minha expectativa \u00e9 que este primeiro evento traga uma abordagem panor\u00e2mica sobre desafios e oportunidades que enfrentamos na dura jornada em defesa da Ci\u00eancia Brasileira, buscando refletir sobre aspectos que o Brasil urge transformar para avan\u00e7ar. Nesta conversa inicial, vamos tratar de perspectivas para o Brasil: qual a relev\u00e2ncia das pol\u00edticas p\u00fablicas e de investimentos em ci\u00eancia, tecnologia e inova\u00e7\u00e3o para um desenvolvimento mais inclusivo e sustent\u00e1vel?; com um olhar na Agenda 2030, qual \u00e9 a nossa estrat\u00e9gia e de que forma estaremos cuidando dos nossos biomas?\u201c, disse.<\/p>\n<p>Garcia disse tamb\u00e9m que, durante o debate, \u00e9 importante que se reflita sobre o modelo de financiamento da ci\u00eancia no Brasil. \u201cInfelizmente n\u00e3o contamos com pol\u00edticas p\u00fablicas e financiamentos que permitam planos e estrat\u00e9gias de m\u00e9dio ou longo prazo. N\u00f3s formulamos e executamos iniciativas apenas com um olhar no presente, al\u00e9m das imensas perdas, tem sido muito dif\u00edcil avaliar e comunicar os resultados alcan\u00e7ados. \u00c9 preciso que a gente estabele\u00e7a, como parte desse novo projeto de pa\u00eds, caminhos para reconhecer e comunicar os avan\u00e7os, al\u00e9m de assegurar as fontes de financiamento \u00e0 Ci\u00eancia. Outro ponto que deve ser tratado \u00e9 a import\u00e2ncia das pesquisas e dos programas de p\u00f3s-gradua\u00e7\u00e3o estabelecidos no Pa\u00eds\u201c, finaliza.<\/p>\n<p><strong>S\u00e9rie\u00a0Projeto para um novo Brasil \u2013 Semin\u00e1rio\u00a0\u201cCi\u00eancia, Tecnologia e Inova\u00e7\u00e3o\u201d<\/strong><\/p>\n<p><strong>Dia:<\/strong>\u00a009 de mar\u00e7o<\/p>\n<p><strong>Hor\u00e1rio:<\/strong>\u00a016h<\/p>\n<p><strong>Transmiss\u00e3o:\u00a0<\/strong><a href=\"https:\/\/www.youtube.com\/canalsbpc\" target=\"_blank\" rel=\"noopener\">Canal da SBPC no YouTube<\/a>.<\/p>\n<p><a href=\"http:\/\/www.jornaldaciencia.org.br\/\"><em>Jornal da Ci\u00eancia<\/em><\/a><\/p>\n","protected":false},"excerpt":{"rendered":"A Sociedade Brasileira para o Progresso da Ci\u00eancia (SBPC) realiza, a partir&hellip;\n","protected":false},"author":19,"featured_media":1625,"comment_status":"open","ping_status":"open","sticky":false,"template":"","format":"standard","meta":[],"categories":[1,2],"tags":[],"acf":[],"_links":{"self":[{"href":"https:\/\/revistacienciaecultura.org.br\/index.php?rest_route=\/wp\/v2\/posts\/1624"}],"collection":[{"href":"https:\/\/revistacienciaecultura.org.br\/index.php?rest_route=\/wp\/v2\/posts"}],"about":[{"href":"https:\/\/revistacienciaecultura.org.br\/index.php?rest_route=\/wp\/v2\/types\/post"}],"author":[{"embeddable":true,"href":"https:\/\/revistacienciaecultura.org.br\/index.php?rest_route=\/wp\/v2\/users\/19"}],"replies":[{"embeddable":true,"href":"https:\/\/revistacienciaecultura.org.br\/index.php?rest_route=%2Fwp%2Fv2%2Fcomments&post=1624"}],"version-history":[{"count":1,"href":"https:\/\/revistacienciaecultura.org.br\/index.php?rest_route=\/wp\/v2\/posts\/1624\/revisions"}],"predecessor-version":[{"id":1626,"href":"https:\/\/revistacienciaecultura.org.br\/index.php?rest_route=\/wp\/v2\/posts\/1624\/revisions\/1626"}],"wp:featuredmedia":[{"embeddable":true,"href":"https:\/\/revistacienciaecultura.org.br\/index.php?rest_route=\/wp\/v2\/media\/1625"}],"wp:attachment":[{"href":"https:\/\/revistacienciaecultura.org.br\/index.php?rest_route=%2Fwp%2Fv2%2Fmedia&parent=1624"}],"wp:term":[{"taxonomy":"category","embeddable":true,"href":"https:\/\/revistacienciaecultura.org.br\/index.php?rest_route=%2Fwp%2Fv2%2Fcategories&post=1624"},{"taxonomy":"post_tag","embeddable":true,"href":"https:\/\/revistacienciaecultura.org.br\/index.php?rest_route=%2Fwp%2Fv2%2Ftags&post=1624"}],"curies":[{"name":"wp","href":"https:\/\/api.w.org\/{rel}","templated":true}]}}