{"id":1627,"date":"2022-03-11T13:19:11","date_gmt":"2022-03-11T13:19:11","guid":{"rendered":"https:\/\/revistacienciaecultura.org.br\/?p=1627"},"modified":"2022-03-21T15:04:49","modified_gmt":"2022-03-21T15:04:49","slug":"sbpc-cria-grupo-de-trabalho-de-mulheres-cientistas","status":"publish","type":"post","link":"https:\/\/revistacienciaecultura.org.br\/?p=1627","title":{"rendered":"SBPC cria grupo de trabalho de mulheres cientistas"},"content":{"rendered":"<p>Em cerim\u00f4nia virtual no dia 8 de mar\u00e7o, encerrando a Jornada no Dia Internacional das Mulheres, a Sociedade Brasileira para o Progresso da Ci\u00eancia (SBPC) lan\u00e7ou o Grupo de Trabalho Mulheres Cientistas (GTMC). Coordenado pela premiada cientista Vanderlan Bolzani, o GTMC tem por objetivo discutir quest\u00f5es relacionadas \u00e0s mulheres e seu papel na ci\u00eancia brasileira e mundial.<\/p>\n<p>O grupo \u00e9 composto por sete cientistas destacadas, l\u00edderes em suas \u00e1reas, de diferentes faixas de idade e \u00e1reas de atua\u00e7\u00e3o, representando todas as regi\u00f5es do pa\u00eds. Al\u00e9m de Bolzani, est\u00e3o no grupo a m\u00e9dica e bi\u00f3loga Selma Maria Bezerra Jer\u00f4nimo; a ec\u00f3loga Maria Teresa Fernandez Piedade; as qu\u00edmicas M\u00e1rcia Foster Mesko e Marilia Valli; a historiadora Joana Maria Pedro e a bi\u00f3loga Germana Fernandes Barata.<\/p>\n<p>Para Vanderlan Bolzani, o papel de lideran\u00e7a das mulheres que comp\u00f5em o GTMC \u00e9 importante principalmente nesse momento de p\u00f3s-pandemia. \u201cCom tantos problemas sociais, econ\u00f4micos (\u2026) a ci\u00eancia, a tecnologia e inova\u00e7\u00e3o s\u00e3o as armas mais preciosas para incluir uma sociedade como a nossa\u201d, afirmou a coordenadora do grupo, que tamb\u00e9m \u00e9 conselheira da SBPC. E completou: \u201cTemos um potencial enorme e n\u00e3o podemos perd\u00ea-lo. Quanto mais mulheres e homens trabalhando juntos, por um pa\u00eds melhor, mais inclu\u00eddo e educado, melhor\u201d.<\/p>\n<p>Diretora do Instituto de Medicina Tropical da Universidade Federal do Rio Grande do Norte (IMT\/UFRN) e professora titular do departamento de Bioqu\u00edmica da institui\u00e7\u00e3o, Selma Jer\u00f4nimo comentou: \u201cN\u00e3o queremos fazer diferen\u00e7a entre qualquer g\u00eanero, precisamos \u00e9 de boa ci\u00eancia e incluir todos\u201d.<\/p>\n<p>Pesquisadora titular do Instituto Nacional de Pesquisas da Amaz\u00f4nia (INPA), Maria Teresa Fernandez Piedade disse que dos mais de 150 alunos que orientou, no m\u00ednimo 70% s\u00e3o mulheres, mas que a maioria delas termina em posi\u00e7\u00f5es inferiores \u00e0s possibilitadas pela forma\u00e7\u00e3o que tiveram. \u201cAs mulheres com capacidade de lideran\u00e7a certamente s\u00e3o de alguma forma impedidas de exercer seu potencial maior, talvez por quest\u00f5es de maternidade que n\u00e3o s\u00e3o consideradas como deviam\u201d, afirmou.<\/p>\n<p>M\u00e1rcia Foster Mesko, professora do programa de p\u00f3s-gradua\u00e7\u00e3o em Qu\u00edmica da Universidade Federal de Pelotas (UFPel), reiterou que, por sua diversidade, o GTMC poder\u00e1 ser um instrumento na luta contra as desigualdades, que se acentuaram com a pandemia. \u201cO GT pode pensar estrat\u00e9gias, obter apoios pol\u00edticos, unir for\u00e7as e conquistar espa\u00e7os\u201d, disse.<\/p>\n<p>Para a bi\u00f3loga e divulgadora cient\u00edfica da Universidade de Campinas (Unicamp), Germana Fernandes Barata, o GTMC deve atuar para ampliar a voz das mulheres na divulga\u00e7\u00e3o da ci\u00eancia, contribuindo assim para avan\u00e7ar no conhecimento. \u201cAs mulheres cientistas s\u00e3o menos procuradas pelos jornalistas para dar entrevistas, uma das explica\u00e7\u00f5es \u00e9 que o jornalista procura o l\u00edder do grupo, o diretor de um departamento ou de um laborat\u00f3rio que s\u00e3o as \u00e1reas onde as mulheres v\u00e3o \u2018desaparecendo\u2019 devido ao \u2018teto de vidro\u2019 que nos impede de avan\u00e7ar\u201d, ponderou.<\/p>\n<p>Mais jovem entre as componentes do GTMC, Marilia Valli acredita que uma das principais a\u00e7\u00f5es do GTMC seja promover discuss\u00f5es sobre os grandes obst\u00e1culos ao avan\u00e7o das mulheres cientistas. Pesquisadora e orientadora de pesquisas de p\u00f3s-doutorado no Laborat\u00f3rio de Qu\u00edmica Medicinal e Computacional (LQMC) da Universidade de S\u00e3o Paulo (USP), Valli destacou a valoriza\u00e7\u00e3o de conquistas j\u00e1 obtidas em quest\u00f5es como a licen\u00e7a maternidade de pesquisadoras. \u201cN\u00e3o podemos perder as conquistas que j\u00e1 tivemos porque elas n\u00e3o s\u00e3o eternas\u201d, alertou.<\/p>\n<p>A historiadora Joana Maria Pedro, que \u00e9 professora do programa de p\u00f3s-gradua\u00e7\u00e3o da Universidade Federal de Santa Catarina (UFSC), n\u00e3o pode comparecer ao evento de lan\u00e7amento. Em breve, garantiu Bolzani, ser\u00e1 marcada a primeira reuni\u00e3o de discuss\u00e3o do grupo.<\/p>\n<p><a href=\"https:\/\/www.youtube.com\/watch?v=bMm9trj2fss&amp;t=24014s&amp;ab_channel=SBPCnet\" target=\"_blank\" rel=\"noopener\">Assista \u00e0 cerim\u00f4nia de lan\u00e7amento do Grupo de Trabalho Mulheres Cientistas na \u00edntegra, pelo canal da SBPC no Youtube.<\/a><\/p>\n<p><a href=\"http:\/\/www.jornaldaciencia.org.br\/\"><em>Jornal da Ci\u00eancia<\/em><\/a><\/p>\n<h6 id=\"imagem-por-freepik-com\"><a href=\"http:\/\/&lt;a href='https:\/\/br.freepik.com\/fotos-vetores-gratis\/pessoas'&gt;Pessoas foto criado por lookstudio - br.freepik.com&lt;\/a&gt;\">Imagem por Freepik.com<\/a><\/h6>\n","protected":false},"excerpt":{"rendered":"Em cerim\u00f4nia virtual no dia 8 de mar\u00e7o, encerrando a Jornada no&hellip;\n","protected":false},"author":19,"featured_media":1628,"comment_status":"open","ping_status":"open","sticky":false,"template":"","format":"standard","meta":[],"categories":[1,2],"tags":[],"acf":[],"_links":{"self":[{"href":"https:\/\/revistacienciaecultura.org.br\/index.php?rest_route=\/wp\/v2\/posts\/1627"}],"collection":[{"href":"https:\/\/revistacienciaecultura.org.br\/index.php?rest_route=\/wp\/v2\/posts"}],"about":[{"href":"https:\/\/revistacienciaecultura.org.br\/index.php?rest_route=\/wp\/v2\/types\/post"}],"author":[{"embeddable":true,"href":"https:\/\/revistacienciaecultura.org.br\/index.php?rest_route=\/wp\/v2\/users\/19"}],"replies":[{"embeddable":true,"href":"https:\/\/revistacienciaecultura.org.br\/index.php?rest_route=%2Fwp%2Fv2%2Fcomments&post=1627"}],"version-history":[{"count":1,"href":"https:\/\/revistacienciaecultura.org.br\/index.php?rest_route=\/wp\/v2\/posts\/1627\/revisions"}],"predecessor-version":[{"id":1629,"href":"https:\/\/revistacienciaecultura.org.br\/index.php?rest_route=\/wp\/v2\/posts\/1627\/revisions\/1629"}],"wp:featuredmedia":[{"embeddable":true,"href":"https:\/\/revistacienciaecultura.org.br\/index.php?rest_route=\/wp\/v2\/media\/1628"}],"wp:attachment":[{"href":"https:\/\/revistacienciaecultura.org.br\/index.php?rest_route=%2Fwp%2Fv2%2Fmedia&parent=1627"}],"wp:term":[{"taxonomy":"category","embeddable":true,"href":"https:\/\/revistacienciaecultura.org.br\/index.php?rest_route=%2Fwp%2Fv2%2Fcategories&post=1627"},{"taxonomy":"post_tag","embeddable":true,"href":"https:\/\/revistacienciaecultura.org.br\/index.php?rest_route=%2Fwp%2Fv2%2Ftags&post=1627"}],"curies":[{"name":"wp","href":"https:\/\/api.w.org\/{rel}","templated":true}]}}