{"id":1630,"date":"2022-03-10T10:20:30","date_gmt":"2022-03-10T10:20:30","guid":{"rendered":"https:\/\/revistacienciaecultura.org.br\/?p=1630"},"modified":"2022-03-21T15:05:01","modified_gmt":"2022-03-21T15:05:01","slug":"camara-lanca-livro-sobre-o-papel-da-imprensa-na-independencia-do-brasil","status":"publish","type":"post","link":"https:\/\/revistacienciaecultura.org.br\/?p=1630","title":{"rendered":"C\u00e2mara lan\u00e7a livro sobre o papel da imprensa na Independ\u00eancia do Brasil"},"content":{"rendered":"<p>A imprensa brasileira teve e tem um papel fundamental no conjunto das institui\u00e7\u00f5es democr\u00e1ticas do Pa\u00eds. Essa \u00e9 a conclus\u00e3o de especialistas e deputados em evento realizado na C\u00e3mara dos Deputados na quarta-feira passada para o lan\u00e7amento do livro \u201cA Imprensa no Processo de Independ\u00eancia do Brasil: Hip\u00f3lito Jos\u00e9 da Costa, o Correio Braziliense e as Cortes de Lisboa de 1821\u201d. O livro faz parte das <a href=\"https:\/\/www2.camara.leg.br\/comunicacao\/camara-noticias\/camara-destaca\/200-anos-de-independencia-do-brasil\">comemora\u00e7\u00f5es do bicenten\u00e1rio da Independ\u00eancia (1822-2022)<\/a>.<\/p>\n<p>A jornalista Helena Chagas, que foi ministra da Secretaria de Comunica\u00e7\u00e3o Social no governo Dilma Rousseff, disse que imagina como um historiador do futuro tratar\u00e1 da atua\u00e7\u00e3o da imprensa no atual momento. \u201cO que ele dir\u00e1 da imprensa que, de certa forma, contribuiu e muito, durante um certo per\u00edodo, para que a atividade pol\u00edtica fosse quase que criminalizada? Para formar na opini\u00e3o p\u00fablica uma rea\u00e7\u00e3o t\u00e3o negativa aos pol\u00edticos e \u00e0 forma de fazer pol\u00edtica? Eu acho que n\u00f3s, como imprensa, temos responsabilidade sobre isso&#8221;, disse. &#8220;Ao mesmo tempo, um pouco depois, n\u00f3s vemos a\u00ed a imprensa reagindo de maneira firme a qualquer amea\u00e7a \u00e0s institui\u00e7\u00f5es democr\u00e1ticas do Pa\u00eds\u201d, completou Helena Chagas.<\/p>\n<h3 id=\"momentos-criticos\"><strong>Momentos cr\u00edticos<\/strong><\/h3>\n<p>O deputado <a href=\"https:\/\/www.camara.leg.br\/deputados\/73460\">Gustavo Fruet (PDT-PR)<\/a> ressaltou que, mesmo com ambiguidades, a imprensa \u00e9 vital para o processo democr\u00e1tico. \u201cO que se vive no Brasil hoje n\u00e3o \u00e9 diverg\u00eancia de opini\u00e3o, \u00e9 guerra de fac\u00e7\u00e3o. Deveria ter outra denomina\u00e7\u00e3o. E a imprensa, nos momentos cr\u00edticos, tem a grandeza \u2013 acho que esse \u00e9 o saldo positivo apesar das ambiguidades \u2013 de estabelecer e dar clareza e luz a esse processo\u201d.<\/p>\n<p>Como explicou o autor, o consultor legislativo Jos\u00e9 Theodoro Menck, o livro lan\u00e7ado relata a trajet\u00f3ria de Hip\u00f3lito Jos\u00e9 da Costa, fundador do Correio Braziliense, que lutou pela emancipa\u00e7\u00e3o pol\u00edtica do Pa\u00eds:\u00a0\u201cEle, ao mesmo tempo que \u00e9 apoiado pelo rei \u2013 Dom Jo\u00e3o comprou v\u00e1rias assinaturas e viabilizou o jornal \u2013, ele era perseguido pelos ministros, que eram criticados. Era uma coisa meio esquizofr\u00eanica, mas \u00e9 uma forma curiosa que aconteceu no in\u00edcio do Brasil, no in\u00edcio da nossa imprensa\u201d, observou.<\/p>\n<p>Este \u00e9 o sexto livro da s\u00e9rie relacionada \u00e0 Independ\u00eancia, que pode ser baixada gratuitamente na p\u00e1gina da <a href=\"http:\/\/livraria.camara.leg.br\">Livraria da C\u00e2mara<\/a>.<\/p>\n<h3 id=\"comissao-especial\"><strong>Comiss\u00e3o especial<\/strong><\/h3>\n<p>O deputado <a href=\"https:\/\/www.camara.leg.br\/deputados\/204537\">Enrico Misasi (PV-SP)<\/a>, coordenador da comiss\u00e3o especial do Bicenten\u00e1rio, anunciou que, em mar\u00e7o, o acervo de exposi\u00e7\u00f5es sobre a data realizadas na C\u00e2mara desde 2017 ficar\u00e1 dispon\u00edvel para outras institui\u00e7\u00f5es que queiram divulg\u00e1-lo pelo Pa\u00eds.<\/p>\n<p>O objetivo, explica Misasi, &#8220;\u00e9 que cada institui\u00e7\u00e3o possa fazer suas adapta\u00e7\u00f5es para ampliar esse conhecimento levando a todos os rinc\u00f5es do Brasil um modelo de exposi\u00e7\u00e3o, um pouco mais resumido, mas que conte a hist\u00f3ria da independ\u00eancia\u201d.<\/p>\n<p>E, em junho, ser\u00e1 feito um grande semin\u00e1rio sobre o tema.<\/p>\n<p><a href=\"http:\/\/www.camara.leg.br\">Ag\u00eancia C\u00e2mara de Not\u00edcias<\/a><\/p>\n<h6 id=\"imagem-reproducao\">Imagem: Reprodu\u00e7\u00e3o<\/h6>\n","protected":false},"excerpt":{"rendered":"A imprensa brasileira teve e tem um papel fundamental no conjunto das&hellip;\n","protected":false},"author":19,"featured_media":1631,"comment_status":"open","ping_status":"open","sticky":false,"template":"","format":"standard","meta":[],"categories":[1,2],"tags":[],"acf":[],"_links":{"self":[{"href":"https:\/\/revistacienciaecultura.org.br\/index.php?rest_route=\/wp\/v2\/posts\/1630"}],"collection":[{"href":"https:\/\/revistacienciaecultura.org.br\/index.php?rest_route=\/wp\/v2\/posts"}],"about":[{"href":"https:\/\/revistacienciaecultura.org.br\/index.php?rest_route=\/wp\/v2\/types\/post"}],"author":[{"embeddable":true,"href":"https:\/\/revistacienciaecultura.org.br\/index.php?rest_route=\/wp\/v2\/users\/19"}],"replies":[{"embeddable":true,"href":"https:\/\/revistacienciaecultura.org.br\/index.php?rest_route=%2Fwp%2Fv2%2Fcomments&post=1630"}],"version-history":[{"count":1,"href":"https:\/\/revistacienciaecultura.org.br\/index.php?rest_route=\/wp\/v2\/posts\/1630\/revisions"}],"predecessor-version":[{"id":1632,"href":"https:\/\/revistacienciaecultura.org.br\/index.php?rest_route=\/wp\/v2\/posts\/1630\/revisions\/1632"}],"wp:featuredmedia":[{"embeddable":true,"href":"https:\/\/revistacienciaecultura.org.br\/index.php?rest_route=\/wp\/v2\/media\/1631"}],"wp:attachment":[{"href":"https:\/\/revistacienciaecultura.org.br\/index.php?rest_route=%2Fwp%2Fv2%2Fmedia&parent=1630"}],"wp:term":[{"taxonomy":"category","embeddable":true,"href":"https:\/\/revistacienciaecultura.org.br\/index.php?rest_route=%2Fwp%2Fv2%2Fcategories&post=1630"},{"taxonomy":"post_tag","embeddable":true,"href":"https:\/\/revistacienciaecultura.org.br\/index.php?rest_route=%2Fwp%2Fv2%2Ftags&post=1630"}],"curies":[{"name":"wp","href":"https:\/\/api.w.org\/{rel}","templated":true}]}}