{"id":1640,"date":"2022-03-15T13:44:45","date_gmt":"2022-03-15T13:44:45","guid":{"rendered":"https:\/\/revistacienciaecultura.org.br\/?p=1640"},"modified":"2022-03-21T15:04:14","modified_gmt":"2022-03-21T15:04:14","slug":"comunicacao-cientifica-e-essencial-para-superar-a-desconfianca-nas-vacinas","status":"publish","type":"post","link":"https:\/\/revistacienciaecultura.org.br\/?p=1640","title":{"rendered":"Comunica\u00e7\u00e3o cient\u00edfica \u00e9 essencial para superar a desconfian\u00e7a nas vacinas"},"content":{"rendered":"<p>O comportamento do p\u00fablico desde o in\u00edcio da pandemia de covid-19 demonstrou a import\u00e2ncia de uma boa comunica\u00e7\u00e3o entre cientistas e a popula\u00e7\u00e3o. Se por um lado uma comunica\u00e7\u00e3o efetiva refor\u00e7ou a confian\u00e7a e contribuiu para aumentar os \u00edndices de imuniza\u00e7\u00e3o, por outro a comunica\u00e7\u00e3o ineficaz levou a uma fraca aceita\u00e7\u00e3o das medidas que poderiam ter salvado vidas.<\/p>\n<p>Isso foi comprovado por um estudo publicado na revista <a href=\"https:\/\/bmjopen.bmj.com\/content\/11\/11\/e049716.long\">BMJ Open<\/a>, que demonstrou que a confian\u00e7a na ci\u00eancia teve grande impacto na decis\u00e3o de se vacinar. A pesquisa, conduzida pela <a href=\"https:\/\/www.urmc.rochester.edu\/smd.aspx\">University of Rochester Medical Center<\/a> (URMC),\u00a0dos Estados Unidos, entrevistou mais de 7.400 participantes de 173 pa\u00edses atrav\u00e9s de\u00a0plataformas de m\u00eddia social, como Facebook e Instagram. Os autores afirmaram que \u201cA comunica\u00e7\u00e3o cient\u00edfica clara e cuidadosa \u00e9 fundamental na transmiss\u00e3o de apoio a pol\u00edticas baseadas na ci\u00eancia\u201d.<\/p>\n<p>Agora, outra pesquisa veio corroborar essa tese. O estudo, publicado na revista <a href=\"https:\/\/www.tandfonline.com\/doi\/abs\/10.1080\/10410236.2022.2035943?journalCode=hhth20\">Health Communications<\/a>, constatou que para que uma campanha de vacina\u00e7\u00e3o seja bem-sucedida, os respons\u00e1veis \u200b\u200bprecisam ser informados antecipadamente sobre os argumentos e preocupa\u00e7\u00f5es das pessoas que se op\u00f5em a ela, a fim de ajustar a estrat\u00e9gia de comunica\u00e7\u00e3o. Os resultados mostraram que mitos, desinforma\u00e7\u00e3o, medos e barreiras estruturais s\u00e3o os principais fatores determinantes para a \u201chesita\u00e7\u00e3o vacinal\u201d.<\/p>\n<p>O estudo faz parte de uma iniciativa de pesquisadores da Universidade de Ohio, da Universidade de Manizales, da Pontif\u00edcia Universidade Cat\u00f3lica do Equador e da Universidade Central da Venezuela visando gerar dados que possam ser \u00fateis aos governos dos tr\u00eas pa\u00edses e elaborar estrat\u00e9gias eficazes de comunica\u00e7\u00e3o. No total, a pesquisa analisou 1.173 pessoas do Equador, da Col\u00f4mbia e da Venezuela. Esses pa\u00edses foram escolhidos por suas altas taxas de cont\u00e1gio per capita desde o in\u00edcio da pandemia. A Col\u00f4mbia registra mais de seis milh\u00f5es de pessoas, o Equador mais de 800.000 e a Venezuela mais de 516.000.<\/p>\n<h3 id=\"hesitacao-vacinal\"><strong>Hesita\u00e7\u00e3o vacinal<\/strong><\/h3>\n<p>A hesita\u00e7\u00e3o vacinal foi considerada pela <a href=\"https:\/\/www.who.int\/\">Organiza\u00e7\u00e3o Mundial de Sa\u00fade<\/a> (OMS) uma das dez amea\u00e7as \u00e0 sa\u00fade global em 2019. Isso por a vacina\u00e7\u00e3o ser comprovadamente uma das interven\u00e7\u00f5es de sa\u00fade p\u00fablica mais eficazes.<\/p>\n<p>Um <a href=\"https:\/\/www.cdc.gov\/mmwr\/volumes\/65\/wr\/mm6544a6.htm#contribAff\">relat\u00f3rio recente do Centers for Disease Control and Prevention (CDC)<\/a>, dos Estados Unidos, sobre o progresso na elimina\u00e7\u00e3o do sarampo estimou que 20,3 milh\u00f5es de vidas foram salvas pela vacina\u00e7\u00e3o contra a doen\u00e7a entre 2000 e 2015. Sobre a covid, um <a href=\"https:\/\/www.eurosurveillance.org\/content\/10.2807\/1560-7917.ES.2021.26.47.2101021\">estudo do Escrit\u00f3rio Regional da OMS para a Europa e do Centro Europeu de Preven\u00e7\u00e3o e Controle de Doen\u00e7as (ECDC), publicado no Eurosurveillance<\/a>, calculou que 470.000 vidas foram salvas entre pessoas com 60 anos ou mais desde o in\u00edcio da vacina\u00e7\u00e3o em 33 pa\u00edses em toda a regi\u00e3o europeia.<\/p>\n<p>A conclus\u00e3o da ag\u00eancia \u00e9 que a informa\u00e7\u00e3o qualificada \u00e9 fundamental para derrubar medos e mitos, e ajudar a aumentar a confian\u00e7a na ci\u00eancia e na vacina\u00e7\u00e3o e assim garantir a sa\u00fade da popula\u00e7\u00e3o.<\/p>\n<p>&nbsp;<\/p>\n<p><em>Reda\u00e7\u00e3o \u2013 Blog Ci\u00eancia &amp; Cultura<\/em><\/p>\n<h6 id=\"imagem-por-freepik-com\"><a href=\"http:\/\/&lt;a href='https:\/\/br.freepik.com\/fotos-vetores-gratis\/medico'&gt;M\u00e9dico foto criado por freepik - br.freepik.com&lt;\/a&gt;\">Imagem por Freepik. com<\/a><\/h6>\n","protected":false},"excerpt":{"rendered":"O comportamento do p\u00fablico desde o in\u00edcio da pandemia de covid-19 demonstrou&hellip;\n","protected":false},"author":19,"featured_media":1641,"comment_status":"open","ping_status":"open","sticky":false,"template":"","format":"standard","meta":[],"categories":[1,2],"tags":[],"acf":[],"_links":{"self":[{"href":"https:\/\/revistacienciaecultura.org.br\/index.php?rest_route=\/wp\/v2\/posts\/1640"}],"collection":[{"href":"https:\/\/revistacienciaecultura.org.br\/index.php?rest_route=\/wp\/v2\/posts"}],"about":[{"href":"https:\/\/revistacienciaecultura.org.br\/index.php?rest_route=\/wp\/v2\/types\/post"}],"author":[{"embeddable":true,"href":"https:\/\/revistacienciaecultura.org.br\/index.php?rest_route=\/wp\/v2\/users\/19"}],"replies":[{"embeddable":true,"href":"https:\/\/revistacienciaecultura.org.br\/index.php?rest_route=%2Fwp%2Fv2%2Fcomments&post=1640"}],"version-history":[{"count":1,"href":"https:\/\/revistacienciaecultura.org.br\/index.php?rest_route=\/wp\/v2\/posts\/1640\/revisions"}],"predecessor-version":[{"id":1642,"href":"https:\/\/revistacienciaecultura.org.br\/index.php?rest_route=\/wp\/v2\/posts\/1640\/revisions\/1642"}],"wp:featuredmedia":[{"embeddable":true,"href":"https:\/\/revistacienciaecultura.org.br\/index.php?rest_route=\/wp\/v2\/media\/1641"}],"wp:attachment":[{"href":"https:\/\/revistacienciaecultura.org.br\/index.php?rest_route=%2Fwp%2Fv2%2Fmedia&parent=1640"}],"wp:term":[{"taxonomy":"category","embeddable":true,"href":"https:\/\/revistacienciaecultura.org.br\/index.php?rest_route=%2Fwp%2Fv2%2Fcategories&post=1640"},{"taxonomy":"post_tag","embeddable":true,"href":"https:\/\/revistacienciaecultura.org.br\/index.php?rest_route=%2Fwp%2Fv2%2Ftags&post=1640"}],"curies":[{"name":"wp","href":"https:\/\/api.w.org\/{rel}","templated":true}]}}