{"id":1643,"date":"2022-03-16T11:58:02","date_gmt":"2022-03-16T11:58:02","guid":{"rendered":"https:\/\/revistacienciaecultura.org.br\/?p=1643"},"modified":"2022-03-21T15:04:02","modified_gmt":"2022-03-21T15:04:02","slug":"webinar-aborda-a-contribuicao-dos-povos-tradicionais-para-a-biodiversidade-no-brasil","status":"publish","type":"post","link":"https:\/\/revistacienciaecultura.org.br\/?p=1643","title":{"rendered":"Webinar aborda a contribui\u00e7\u00e3o dos povos tradicionais para a biodiversidade no Brasil"},"content":{"rendered":"<p>A Sociedade Brasileira para o Progresso da Ci\u00eancia (SBPC) realiza nesta sexta-feira (18) uma live para discuss\u00e3o da se\u00e7\u00e3o 16 da obra \u201cPovos tradicionais e biodiversidade no Brasil \u2013 Contribui\u00e7\u00f5es dos povos ind\u00edgenas, quilombolas e comunidades tradicionais para a biodiversidade, pol\u00edticas e amea\u00e7as\u201d. O evento online abordar\u00e1 a contribui\u00e7\u00e3o dos povos tradicionais para a biodiversidade no Brasil e ser\u00e1 transmitido pelo\u00a0<a href=\"https:\/\/www.youtube.com\/user\/canalsbpc\" target=\"_blank\" rel=\"noopener\">canal da SBPC no YouTube<\/a>, a partir das 14h.<\/p>\n<p>A Se\u00e7\u00e3o 16 da obra re\u00fane cinco experi\u00eancias de povos que se inter-relacionam com biomas diversos, com hist\u00f3rias e identidades pr\u00f3prias, como os Cai\u00e7aras da Jureia, na Mata Atl\u00e2ntica, litoral sul do Estado de S\u00e3o Paulo; as Comunidades de fundo de pasto, na caatinga, no estado da Bahia; as Comunidades vazanteiras e as Comunidades geraizeiras, no cerrado, na Bacia do rio S\u00e3o Francisco, estado de Minas Gerais; e as Quebradeiras de coco baba\u00e7u, na Amaz\u00f4nia, estados do Maranh\u00e3o e Par\u00e1.<\/p>\n<p>A publica\u00e7\u00e3o evidencia a riqueza e pluralidade de conhecimentos detidos e produzidos pelas Comunidades Tradicionais; as variadas formas de organiza\u00e7\u00e3o social e de uso do ambiente; as pr\u00e1ticas e sistemas de produ\u00e7\u00e3o que resultam em contribui\u00e7\u00f5es para a biodiversidade; assim como as pol\u00edticas p\u00fablicas e legisla\u00e7\u00e3o ambiental que amea\u00e7am a reprodu\u00e7\u00e3o dessas sociedades e a conserva\u00e7\u00e3o de seus territ\u00f3rios.<\/p>\n<p><strong>Participantes<\/strong>:<\/p>\n<p>Adriana de Souza de Lima (presidente da Uni\u00e3o dos Moradores da Jureia \u2013 UMJ) \u2013 Comunidade cai\u00e7ara da Jur\u00e9ia (SP);<\/p>\n<p>Fabricio Bianchini (EMBRAPA Semi\u00e1rido) \u2013 Comunidades tradicionais de fundo de pasto<\/p>\n<p>Carlos Alberto Dayrell (N\u00facleo Interdisciplinar de Investiga\u00e7\u00e3o Socioambiental \u2013 NIISA) \u2013 Comunidades tradicionais vazanteiras da bacia m\u00e9dia do rio S\u00e3o Francisco e Geraizeiros<\/p>\n<p>Noemi Miyasaka Porro (Instituto Amaz\u00f4nico de Agriculturas Familiares e UFPA) \u2013 Comunidades quebradeiras de coco baba\u00e7u<\/p>\n<p><strong>Media\u00e7\u00e3o<\/strong>: S\u00f4nia Barbosa Magalh\u00e3es (UFPA).<\/p>\n<p>&nbsp;<\/p>\n<p><strong>Servi\u00e7o<\/strong><\/p>\n<p>Live: \u201cA contribui\u00e7\u00e3o dos povos tradicionais para a biodiversidade no Brasil\u201d<\/p>\n<p>Data: sexta-feira, 18 de mar\u00e7o, 14h<\/p>\n<p>Transmiss\u00e3o:\u00a0<a href=\"https:\/\/www.youtube.com\/user\/canalsbpc\" target=\"_blank\" rel=\"noopener\">canal da SBPC no YouTube<\/a><\/p>\n<p>Evento gratuito e aberto a todos<\/p>\n<h6 id=\"jornal-da-ciencia\"><a href=\"http:\/\/www.jornaldaciencia.org.br\/\"><em>Jornal da Ci\u00eancia<\/em><\/a><\/h6>\n","protected":false},"excerpt":{"rendered":"A Sociedade Brasileira para o Progresso da Ci\u00eancia (SBPC) realiza nesta sexta-feira&hellip;\n","protected":false},"author":19,"featured_media":1644,"comment_status":"open","ping_status":"open","sticky":false,"template":"","format":"standard","meta":[],"categories":[1,2],"tags":[],"acf":[],"_links":{"self":[{"href":"https:\/\/revistacienciaecultura.org.br\/index.php?rest_route=\/wp\/v2\/posts\/1643"}],"collection":[{"href":"https:\/\/revistacienciaecultura.org.br\/index.php?rest_route=\/wp\/v2\/posts"}],"about":[{"href":"https:\/\/revistacienciaecultura.org.br\/index.php?rest_route=\/wp\/v2\/types\/post"}],"author":[{"embeddable":true,"href":"https:\/\/revistacienciaecultura.org.br\/index.php?rest_route=\/wp\/v2\/users\/19"}],"replies":[{"embeddable":true,"href":"https:\/\/revistacienciaecultura.org.br\/index.php?rest_route=%2Fwp%2Fv2%2Fcomments&post=1643"}],"version-history":[{"count":1,"href":"https:\/\/revistacienciaecultura.org.br\/index.php?rest_route=\/wp\/v2\/posts\/1643\/revisions"}],"predecessor-version":[{"id":1645,"href":"https:\/\/revistacienciaecultura.org.br\/index.php?rest_route=\/wp\/v2\/posts\/1643\/revisions\/1645"}],"wp:featuredmedia":[{"embeddable":true,"href":"https:\/\/revistacienciaecultura.org.br\/index.php?rest_route=\/wp\/v2\/media\/1644"}],"wp:attachment":[{"href":"https:\/\/revistacienciaecultura.org.br\/index.php?rest_route=%2Fwp%2Fv2%2Fmedia&parent=1643"}],"wp:term":[{"taxonomy":"category","embeddable":true,"href":"https:\/\/revistacienciaecultura.org.br\/index.php?rest_route=%2Fwp%2Fv2%2Fcategories&post=1643"},{"taxonomy":"post_tag","embeddable":true,"href":"https:\/\/revistacienciaecultura.org.br\/index.php?rest_route=%2Fwp%2Fv2%2Ftags&post=1643"}],"curies":[{"name":"wp","href":"https:\/\/api.w.org\/{rel}","templated":true}]}}