{"id":1710,"date":"2022-03-17T17:59:57","date_gmt":"2022-03-17T17:59:57","guid":{"rendered":"https:\/\/revistacienciaecultura.org.br\/?p=1710"},"modified":"2022-03-21T15:03:52","modified_gmt":"2022-03-21T15:03:52","slug":"educacao-basica-e-tema-de-segundo-seminario-da-serie-projeto-para-um-brasil-novo","status":"publish","type":"post","link":"https:\/\/revistacienciaecultura.org.br\/?p=1710","title":{"rendered":"Educa\u00e7\u00e3o b\u00e1sica \u00e9 tema de segundo semin\u00e1rio da s\u00e9rie \u201cProjeto para um Brasil Novo\u201d"},"content":{"rendered":"<p>Educa\u00e7\u00e3o b\u00e1sica \u00e9 o tema do segundo semin\u00e1rio da s\u00e9rie \u201cProjeto para um Brasil Novo\u201d que ser\u00e1 realizado no dia 23 de mar\u00e7o, \u00e0s 16h. O evento comp\u00f5e os 12 semin\u00e1rios tem\u00e1ticos que a Sociedade Brasileira para o Progresso da Ci\u00eancia (SBPC) est\u00e1 realizando para tratar de temas relevantes que contribuam para o desenvolvimento do Pa\u00eds. Entre os assuntos a serem abordados est\u00e3o \u201cEduca\u00e7\u00e3o superior\u201d, \u201cP\u00f3s-gradua\u00e7\u00e3o\u201d, \u201cSa\u00fade\u201d, \u201cDireitos humanos\u201d, \u201cSeguran\u00e7a p\u00fablica\u201d, \u201cMudan\u00e7as clim\u00e1ticas\u201d, \u201cMeio ambiente\u201d, \u201cQuest\u00e3o ind\u00edgena\u201d, \u201cDiversidade de g\u00eanero e ra\u00e7a\u201d e \u201cCultura\u201d. O primeiro semin\u00e1rio, que\u00a0<a href=\"http:\/\/www.jornaldaciencia.org.br\/pacto-com-a-sociedade-para-um-novo-brasil\/\" target=\"_blank\" rel=\"noopener\">debateu \u201cCi\u00eancia, Tecnologia e Inova\u00e7\u00e3o<\/a>\u201d,\u00a0foi realizado no dia 9 de mar\u00e7o. Os eventos online ser\u00e3o transmitidos pelo\u00a0<a href=\"https:\/\/www.youtube.com\/user\/canalsbpc\" target=\"_blank\" rel=\"noopener\">canal da SBPC no YouTube<\/a>.<\/p>\n<p>Este evento, que ser\u00e1 coordenado por Marta Barroso, professora associada da Universidade Federal do Rio de Janeiro (UFRJ), contar\u00e1 com a participa\u00e7\u00e3o de Maria Beatriz Luce, professora titular de Pol\u00edtica e Administra\u00e7\u00e3o da Educa\u00e7\u00e3o na Universidade Federal do Rio Grande do Sul (UFRGS) e diretora financeira da Associa\u00e7\u00e3o Nacional de P\u00f3s-Gradua\u00e7\u00e3o e Pesquisa em Educa\u00e7\u00e3o (Anped); Jos\u00e9 Francisco Soares, professor em\u00e9rito da Universidade Federal de Minas Gerais (UFMG); Anderson Gomes, professor no Departamento de F\u00edsica da Universidade Federal de Pernambuco (UFPE) e membro do Conselho da SBPC; e Helena Singer, vice-presidente da Ashoka Am\u00e9rica Latina.<\/p>\n<p>Segundo Fernanda Sobral, vice-presidente da SBPC, o objetivo dos eventos \u00e9 engajar a comunidade cient\u00edfica a sugerir propostas para um novo governo. \u201cA ideia \u00e9 que esses eventos abordem temas relevantes visando \u00e0 elabora\u00e7\u00e3o de um documento com diretrizes e propostas gerais de pol\u00edticas que ser\u00e1 entregue aos candidatos ao Legislativo e ao Executivo da pr\u00f3xima elei\u00e7\u00e3o, durante a 74\u00aa Reuni\u00e3o Anual da SBPC, a ser realizada esse ano na UnB (Universidade de Bras\u00edlia)\u201d, explica. \u201cA ideia \u00e9 n\u00e3o ficarmos apenas na batalha do presente. Mas pensarmos um futuro melhor para nosso pa\u00eds\u201c, finaliza.<\/p>\n<p><strong>S\u00e9rie\u00a0Projeto para um novo Brasil \u2013 Semin\u00e1rio\u00a0\u201cEduca\u00e7\u00e3o b\u00e1sica\u201d<\/strong><\/p>\n<p><strong>Dia:<\/strong>\u00a023 de mar\u00e7o<\/p>\n<p><strong>Hor\u00e1rio:<\/strong>\u00a016h<\/p>\n<p><strong>Transmiss\u00e3o:\u00a0<\/strong><a href=\"https:\/\/www.youtube.com\/canalsbpc\" target=\"_blank\" rel=\"noopener\">Canal da SBPC no YouTube<\/a>.<\/p>\n<p><a href=\"http:\/\/www.jornaldaciencia.org.br\/\"><em>Jornal da Ci\u00eancia<\/em><\/a><\/p>\n","protected":false},"excerpt":{"rendered":"Educa\u00e7\u00e3o b\u00e1sica \u00e9 o tema do segundo semin\u00e1rio da s\u00e9rie \u201cProjeto para&hellip;\n","protected":false},"author":19,"featured_media":1711,"comment_status":"open","ping_status":"open","sticky":false,"template":"","format":"standard","meta":[],"categories":[1,2],"tags":[],"acf":[],"_links":{"self":[{"href":"https:\/\/revistacienciaecultura.org.br\/index.php?rest_route=\/wp\/v2\/posts\/1710"}],"collection":[{"href":"https:\/\/revistacienciaecultura.org.br\/index.php?rest_route=\/wp\/v2\/posts"}],"about":[{"href":"https:\/\/revistacienciaecultura.org.br\/index.php?rest_route=\/wp\/v2\/types\/post"}],"author":[{"embeddable":true,"href":"https:\/\/revistacienciaecultura.org.br\/index.php?rest_route=\/wp\/v2\/users\/19"}],"replies":[{"embeddable":true,"href":"https:\/\/revistacienciaecultura.org.br\/index.php?rest_route=%2Fwp%2Fv2%2Fcomments&post=1710"}],"version-history":[{"count":1,"href":"https:\/\/revistacienciaecultura.org.br\/index.php?rest_route=\/wp\/v2\/posts\/1710\/revisions"}],"predecessor-version":[{"id":1712,"href":"https:\/\/revistacienciaecultura.org.br\/index.php?rest_route=\/wp\/v2\/posts\/1710\/revisions\/1712"}],"wp:featuredmedia":[{"embeddable":true,"href":"https:\/\/revistacienciaecultura.org.br\/index.php?rest_route=\/wp\/v2\/media\/1711"}],"wp:attachment":[{"href":"https:\/\/revistacienciaecultura.org.br\/index.php?rest_route=%2Fwp%2Fv2%2Fmedia&parent=1710"}],"wp:term":[{"taxonomy":"category","embeddable":true,"href":"https:\/\/revistacienciaecultura.org.br\/index.php?rest_route=%2Fwp%2Fv2%2Fcategories&post=1710"},{"taxonomy":"post_tag","embeddable":true,"href":"https:\/\/revistacienciaecultura.org.br\/index.php?rest_route=%2Fwp%2Fv2%2Ftags&post=1710"}],"curies":[{"name":"wp","href":"https:\/\/api.w.org\/{rel}","templated":true}]}}