{"id":1784,"date":"2022-03-21T14:53:10","date_gmt":"2022-03-21T14:53:10","guid":{"rendered":"https:\/\/revistacienciaecultura.org.br\/?p=1784"},"modified":"2022-03-21T15:03:10","modified_gmt":"2022-03-21T15:03:10","slug":"governo-federal-ainda-nao-tem-programa-oficial-para-celebrar-bicentenario","status":"publish","type":"post","link":"https:\/\/revistacienciaecultura.org.br\/?p=1784","title":{"rendered":"Governo federal ainda n\u00e3o tem programa oficial para celebrar bicenten\u00e1rio"},"content":{"rendered":"<p>No dia 7 de setembro de 2022, o Brasil comemora 200 anos de sua independ\u00eancia. Faltando apenas seis meses, o governo federal ainda n\u00e3o divulgou nenhuma programa\u00e7\u00e3o oficial para celebrar a data.<\/p>\n<p>Apesar do <a href=\"https:\/\/www.gov.br\/pt-br\/noticias\/cultura-artes-historia-e-esportes\/2022\/03\/governo-federal-tem-agenda-de-atividades-para-comemorar-o-bicentenario-da-independencia-do-brasil\">site do governo<\/a> ter anunciado na semana passada uma s\u00e9rie de atividades para recordar a trajet\u00f3ria do pa\u00eds, as a\u00e7\u00f5es anunciadas se limitam ao lan\u00e7amento de publica\u00e7\u00f5es, incentivo \u00e0 produ\u00e7\u00e3o de arte sobre a tem\u00e1tica, reforma de museu e mobiliza\u00e7\u00e3o da diplomacia brasileira para celebrar a data tamb\u00e9m no exterior.<\/p>\n<p>O descaso do governo federal com a celebra\u00e7\u00e3o vem sendo criticada por v\u00e1rios setores da sociedade. Ainda mais porque a aparente falta de prioridade contrasta com a aten\u00e7\u00e3o que a data recebeu em anos anteriores, quando foi comemorado os 100 e os 150 anos da independ\u00eancia.<\/p>\n<h3 id=\"silenciamento\"><strong>Silenciamento<\/strong><\/h3>\n<p>Outra grande cr\u00edtica vem sendo a \u00eanfase que o governo vem dando aos s\u00edmbolos crist\u00e3os, aos her\u00f3is brancos, e as batalhas \u00e9picas envolvidas no processo da independ\u00eancia. Isso ficou claro no <a href=\"https:\/\/youtu.be\/b72LtqqYlgg\">v\u00eddeo institucional de um minuto<\/a> publicado nas redes da secretaria especial da Cultura no in\u00edcio do ano, e tamb\u00e9m foi refor\u00e7ado uma s\u00e9rie de postagens publicadas nas p\u00e1ginas de Instagram, Facebook e Twitter da pasta. Na <a href=\"https:\/\/www.gov.br\/pt-br\/campanhas\/bicentenario\/bicentenario-da-independencia\">p\u00e1gina da internet dedicada ao bicenten\u00e1rio<\/a>, a introdu\u00e7\u00e3o j\u00e1 anuncia que \u201ca Independ\u00eancia do Brasil foi conquistada com um brado. Nossa liberdade, anunciada com uma exclama\u00e7\u00e3o\u201d. H\u00e1 um silenciamento da participa\u00e7\u00e3o de populares, das mulheres, de negros e de ind\u00edgenas na narrativa do governo federal.<\/p>\n<p>&nbsp;<\/p>\n<h6 id=\"imagem-de-capa-comemoracoes-do-centenario-da-independencia\">Imagem de capa. Comemora\u00e7\u00f5es do centen\u00e1rio da independ\u00eancia<\/h6>\n<h6 id=\"reproducao\">(Reprodu\u00e7\u00e3o)<\/h6>\n<hr \/>\n<h4 id=\"leia-mais\">Leia mais:<\/h4>\n<p><a href=\"https:\/\/revistacienciaecultura.org.br\/?artigos=sete-de-setembro-200-anos-de-comemoracoes-da-independencia\">Sete de Setembro: 200 Anos de Comemora\u00e7\u00f5es da Independ\u00eancia<\/a><\/p>\n<p><a href=\"https:\/\/tab.uol.com.br\/noticias\/redacao\/2022\/03\/21\/a-6-meses-da-data-bicentenario-da-independencia-nao-tem-programa-oficial.htm\">A 6 meses da data, bicenten\u00e1rio da Independ\u00eancia n\u00e3o tem programa oficial<\/a><\/p>\n","protected":false},"excerpt":{"rendered":"No dia 7 de setembro de 2022, o Brasil comemora 200 anos&hellip;\n","protected":false},"author":19,"featured_media":1786,"comment_status":"open","ping_status":"open","sticky":false,"template":"","format":"standard","meta":[],"categories":[1,2],"tags":[],"acf":[],"_links":{"self":[{"href":"https:\/\/revistacienciaecultura.org.br\/index.php?rest_route=\/wp\/v2\/posts\/1784"}],"collection":[{"href":"https:\/\/revistacienciaecultura.org.br\/index.php?rest_route=\/wp\/v2\/posts"}],"about":[{"href":"https:\/\/revistacienciaecultura.org.br\/index.php?rest_route=\/wp\/v2\/types\/post"}],"author":[{"embeddable":true,"href":"https:\/\/revistacienciaecultura.org.br\/index.php?rest_route=\/wp\/v2\/users\/19"}],"replies":[{"embeddable":true,"href":"https:\/\/revistacienciaecultura.org.br\/index.php?rest_route=%2Fwp%2Fv2%2Fcomments&post=1784"}],"version-history":[{"count":1,"href":"https:\/\/revistacienciaecultura.org.br\/index.php?rest_route=\/wp\/v2\/posts\/1784\/revisions"}],"predecessor-version":[{"id":1787,"href":"https:\/\/revistacienciaecultura.org.br\/index.php?rest_route=\/wp\/v2\/posts\/1784\/revisions\/1787"}],"wp:featuredmedia":[{"embeddable":true,"href":"https:\/\/revistacienciaecultura.org.br\/index.php?rest_route=\/wp\/v2\/media\/1786"}],"wp:attachment":[{"href":"https:\/\/revistacienciaecultura.org.br\/index.php?rest_route=%2Fwp%2Fv2%2Fmedia&parent=1784"}],"wp:term":[{"taxonomy":"category","embeddable":true,"href":"https:\/\/revistacienciaecultura.org.br\/index.php?rest_route=%2Fwp%2Fv2%2Fcategories&post=1784"},{"taxonomy":"post_tag","embeddable":true,"href":"https:\/\/revistacienciaecultura.org.br\/index.php?rest_route=%2Fwp%2Fv2%2Ftags&post=1784"}],"curies":[{"name":"wp","href":"https:\/\/api.w.org\/{rel}","templated":true}]}}