{"id":1793,"date":"2022-03-22T12:56:15","date_gmt":"2022-03-22T12:56:15","guid":{"rendered":"https:\/\/revistacienciaecultura.org.br\/?p=1793"},"modified":"2022-03-22T12:56:15","modified_gmt":"2022-03-22T12:56:15","slug":"lencois-freaticos-invisiveis-mas-vitais-para-a-saude","status":"publish","type":"post","link":"https:\/\/revistacienciaecultura.org.br\/?p=1793","title":{"rendered":"Len\u00e7\u00f3is fre\u00e1ticos: invis\u00edveis, mas vitais para a sa\u00fade"},"content":{"rendered":"<p>Os len\u00e7\u00f3is fre\u00e1ticos fornecem metade de toda a \u00e1gua usada pelas fam\u00edlias em todo o mundo, um quarto de toda a \u00e1gua extra\u00edda para a agricultura irrigada e um ter\u00e7o do abastecimento de \u00e1gua necess\u00e1rio para a ind\u00fastria. Apesar dos n\u00fameros impressionantes, esse importante recurso natural permanece desvalorizado. Isso \u00e9 o que aponta o relat\u00f3rio da Organiza\u00e7\u00e3o das Na\u00e7\u00f5es Unidas para Educa\u00e7\u00e3o, Ci\u00eancia e Cultura (Unesco), lan\u00e7ado para marcar o Dia Mundial da \u00c1gua, celebrado nesta ter\u00e7a-feira, 22 de mar\u00e7o. O documento visa destacar a import\u00e2ncia dos len\u00e7\u00f3is fre\u00e1ticos, um tipo de reserva que produz 99% da \u00e1gua doce do planeta.<\/p>\n<p>O lan\u00e7amento do <a href=\"https:\/\/www.unwater.org\/world-water-day-2022\/\">relat\u00f3rio das Na\u00e7\u00f5es Unidas sobre o Desenvolvimento Mundial da \u00c1gua<\/a> soa o alarme sobre as muitas amea\u00e7as atuais e iminentes \u00e0s \u00e1guas subterr\u00e2neas, exacerbadas pelas mudan\u00e7as clim\u00e1ticas e pela demanda crescente \u2014 e, portanto, para a sa\u00fade e o bem-estar de bilh\u00f5es de pessoas \u2014 e os desafios ao seu uso seguro.<\/p>\n<p>Atualmente, 2,2 bilh\u00f5es de pessoas t\u00eam acesso limitado \u00e0 \u00e1gua pot\u00e1vel e, at\u00e9 2025, metade da popula\u00e7\u00e3o mundial estar\u00e1 vivendo em \u00e1reas com escassez de \u00e1gua, segundo dados da ONU. Pelas proje\u00e7\u00f5es da ag\u00eancia, o uso da \u00e1gua dever\u00e1 crescer 1% por ano pelos pr\u00f3ximos 30 anos. Com isso, a depend\u00eancia nos len\u00e7\u00f3is fre\u00e1ticos dever\u00e1 subir, visto que a \u00e1gua dispon\u00edvel nas superf\u00edcies est\u00e1 cada vez mais limitada devido \u00e0 mudan\u00e7a clim\u00e1tica.<\/p>\n<p>Os autores do relat\u00f3rio pedem aos pa\u00edses para se comprometerem com o desenvolvimento do manejo dos len\u00e7\u00f3is fre\u00e1ticos e com pol\u00edticas de governan\u00e7a para tratar de futuras crises de \u00e1gua.<\/p>\n<p>&nbsp;<\/p>\n<h6 id=\"imagem-por-freepik-com\"><a href=\"https:\/\/br.freepik.com\/fotos-gratis\/maos-da-mulher-com-respingo-de-agua_1233031.htm#query=water%20natural&amp;position=4&amp;from_view=search\">Imagem por Freepik.com<\/a><\/h6>\n","protected":false},"excerpt":{"rendered":"Os len\u00e7\u00f3is fre\u00e1ticos fornecem metade de toda a \u00e1gua usada pelas fam\u00edlias&hellip;\n","protected":false},"author":19,"featured_media":1794,"comment_status":"open","ping_status":"open","sticky":false,"template":"","format":"standard","meta":[],"categories":[1,2],"tags":[],"acf":[],"_links":{"self":[{"href":"https:\/\/revistacienciaecultura.org.br\/index.php?rest_route=\/wp\/v2\/posts\/1793"}],"collection":[{"href":"https:\/\/revistacienciaecultura.org.br\/index.php?rest_route=\/wp\/v2\/posts"}],"about":[{"href":"https:\/\/revistacienciaecultura.org.br\/index.php?rest_route=\/wp\/v2\/types\/post"}],"author":[{"embeddable":true,"href":"https:\/\/revistacienciaecultura.org.br\/index.php?rest_route=\/wp\/v2\/users\/19"}],"replies":[{"embeddable":true,"href":"https:\/\/revistacienciaecultura.org.br\/index.php?rest_route=%2Fwp%2Fv2%2Fcomments&post=1793"}],"version-history":[{"count":1,"href":"https:\/\/revistacienciaecultura.org.br\/index.php?rest_route=\/wp\/v2\/posts\/1793\/revisions"}],"predecessor-version":[{"id":1795,"href":"https:\/\/revistacienciaecultura.org.br\/index.php?rest_route=\/wp\/v2\/posts\/1793\/revisions\/1795"}],"wp:featuredmedia":[{"embeddable":true,"href":"https:\/\/revistacienciaecultura.org.br\/index.php?rest_route=\/wp\/v2\/media\/1794"}],"wp:attachment":[{"href":"https:\/\/revistacienciaecultura.org.br\/index.php?rest_route=%2Fwp%2Fv2%2Fmedia&parent=1793"}],"wp:term":[{"taxonomy":"category","embeddable":true,"href":"https:\/\/revistacienciaecultura.org.br\/index.php?rest_route=%2Fwp%2Fv2%2Fcategories&post=1793"},{"taxonomy":"post_tag","embeddable":true,"href":"https:\/\/revistacienciaecultura.org.br\/index.php?rest_route=%2Fwp%2Fv2%2Ftags&post=1793"}],"curies":[{"name":"wp","href":"https:\/\/api.w.org\/{rel}","templated":true}]}}