{"id":1802,"date":"2022-03-23T12:40:52","date_gmt":"2022-03-23T12:40:52","guid":{"rendered":"https:\/\/revistacienciaecultura.org.br\/?p=1802"},"modified":"2022-03-23T12:40:52","modified_gmt":"2022-03-23T12:40:52","slug":"temas-das-discussoes-da-74a-reuniao-anual-da-sbpc-sao-definidos","status":"publish","type":"post","link":"https:\/\/revistacienciaecultura.org.br\/?p=1802","title":{"rendered":"Temas das discuss\u00f5es da 74\u00aa Reuni\u00e3o Anual da SBPC s\u00e3o definidos"},"content":{"rendered":"<p>Os temas a serem discutidos durante a\u00a0<a href=\"https:\/\/ra.sbpcnet.org.br\/74RA\/\" target=\"_blank\" rel=\"noopener\">74\u00aa Reuni\u00e3o Anual da Sociedade Brasileira para o Progresso da Ci\u00eancia (SBPC)<\/a>,\u00a0que ser\u00e1 realizada de 24 a 30 de julho de 2022, est\u00e3o definidos. O evento, que ter\u00e1 como foco \u201cCi\u00eancia, independ\u00eancia e soberania nacional\u201d, em alus\u00e3o ao ano que marca o bicenten\u00e1rio da Independ\u00eancia do Brasil e o centen\u00e1rio da Semana de Arte Moderna, acontecer\u00e1 de forma h\u00edbrida, com atividades presenciais e virtuais, nos quatro campi da Universidade de Bras\u00edlia (UnB) \u2013 Bras\u00edlia, Ceil\u00e2ndia, Gama e Planaltina.<\/p>\n<p>Com confer\u00eancias, mesas-redondas, webminicursos, pain\u00e9is e sess\u00f5es de bate-papo, a programa\u00e7\u00e3o foi preparada com o objetivo de levar aos participantes um panorama amplo do que melhor se faz em ci\u00eancia no Brasil.\u00a0\u00a0Entre os temas que ser\u00e3o\u00a0debatidos nas confer\u00eancias est\u00e3o\u00a0\u201cCem anos da Semana de Arte Moderna\u201d, \u201cCovid-19: vacinas e novas variantes\u201d, \u201cIndepend\u00eancia e escravid\u00e3o\u201d, \u201cDireitos Humanos de crian\u00e7as e adolescentes no Brasil\u201d, \u201c30 anos ap\u00f3s a Rio 92\u2033. O evento contar\u00e1 com duas exposi\u00e7\u00f5es, sendo uma sobre o \u201cBicenten\u00e1rio da independ\u00eancia do Brasil\u201d e outra sobre o grande naturalista e professor Fritz M\u00fcller.<\/p>\n<p>Entre alguns dos assuntos discutidos nas mesas-redondas est\u00e3o \u201cReforma do ensino m\u00e9dio\u201d, \u201cO bicenten\u00e1rio de Fritz M\u00fcller\u201d, \u201cDoen\u00e7as raras no Brasil\u201d, \u201cImpacto da pandemia de covid-19 nas doen\u00e7as tropicais negligenciadas\u201d, \u201cM\u00eddia, desinforma\u00e7\u00e3o e elei\u00e7\u00f5es\u201d, \u201cA universidade tardia do Brasil e as propostas de An\u00edsio Teixeira\u201d, \u201cO Plano Nacional de educa\u00e7\u00e3o e um projeto de pa\u00eds\u201d, \u201cPercep\u00e7\u00e3o da ci\u00eancia na sociedade\u201d, \u201cO antes e o depois da BNCC (Base Nacional Comum Curricular)\u201d e \u201cHist\u00f3ria das urnas eletr\u00f4nicas no Brasil \u2013 200 anos da independ\u00eancia\u201d.<\/p>\n<p>Temas como \u201cInternet no Brasil: desafios para as pol\u00edticas p\u00fablicas\u201d, \u201cMetodologias e aplica\u00e7\u00f5es avan\u00e7adas de intelig\u00eancia artificial\u201d, \u201cAvan\u00e7os e desafios para a conserva\u00e7\u00e3o e sustentabilidade na Caatinga\u201d, \u201cJornalismo e direitos humanos: cobertura, enquadramentos e representa\u00e7\u00e3o social\u201d, \u201cBicenten\u00e1rio da independ\u00eancia \u2013 a trajet\u00f3ria das ci\u00eancias f\u00edsicas e naturais no Brasil\u201d, \u201cEduca\u00e7\u00e3o de surdos\u201d e \u201cCaminhos para transfer\u00eancia de tecnologia e gera\u00e7\u00e3o de inova\u00e7\u00e3o e riqueza no Brasil no s\u00e9culo XXI\u201d, ser\u00e3o discutidos nos pain\u00e9is.<\/p>\n<p>Para Cl\u00e1udia Linhares Sales, secret\u00e1ria-geral da SBPC, estes temas s\u00e3o importantes para o desenvolvimento do Brasil. \u201cVamos abordar assuntos caros ao Pa\u00eds como o or\u00e7amento de ci\u00eancia, tecnologia e inova\u00e7\u00e3o, que tem sido reduzido nos \u00faltimos anos, negacionismo e fake news. Vamos tamb\u00e9m abordar assuntos relacionados educa\u00e7\u00e3o, com por exemplo, \u00e0 Lei das Cotas, por conta dos seus dez anos\u201d, explica.<\/p>\n<p>Linhares Sales comenta ainda que as atividades ser\u00e3o conduzidas por meio de trilhas. \u201cA programa\u00e7\u00e3o cient\u00edfica e cultural poder\u00e1 ser percorrida pela \u201cTrilha da Ci\u00eancia\u201d\u00a0no campus Darcy Ribeiro. O trajeto se iniciar\u00e1 na Associa\u00e7\u00e3o dos Docentes da Universidade de Bras\u00edlia (ADUnB) e se encerrar\u00e1 no Centro Comunit\u00e1rio. No meio do caminho, os participantes passar\u00e3o pela\u00a0\u201cTrilha Gastron\u00f4mica\u201d, em frente ao Restaurante Universit\u00e1rio, conta ela, que \u00e9 uma das coordenadoras da 74\u00aa Reuni\u00e3o Anual.<\/p>\n<p>Para Linhares Sales, embora o momento seja de indefini\u00e7\u00e3o sanit\u00e1ria, al\u00e9m da instabilidade do Pa\u00eds e do mundo, a SBPC tem a satisfa\u00e7\u00e3o de voltar a fazer a Reuni\u00e3o Anual em uma institui\u00e7\u00e3o que vive um momento emblem\u00e1tico. \u201cAl\u00e9m da universidade estar sendo exigente para barrar a dissemina\u00e7\u00e3o da covid, praticando os protocolos de seguran\u00e7a, exigindo o passaporte vacinal, a reuni\u00e3o ser\u00e1 realizada durante o centen\u00e1rio de Darcy Ribeiro e o centen\u00e1rio da Semana de Arte Moderna, al\u00e9m das comemora\u00e7\u00f5es dos 60 anos da UnB. Tenho certeza que ser\u00e1 uma reuni\u00e3o hist\u00f3rica\u201d, afirma.<\/p>\n<p>Ela explica ainda que por ser um ano de elei\u00e7\u00f5es, a SBPC vai entregar aos presidenci\u00e1veis, durante atividade da 74\u00aa Reuni\u00e3o Anual, um documento que est\u00e1 sendo elaborado durante as discuss\u00f5es de semin\u00e1rios tem\u00e1ticos na s\u00e9rie \u201cProjeto para um novo Brasil\u201d. \u201cTodos ser\u00e3o convidados a comparecer ao evento, mas aqueles que n\u00e3o forem, receber\u00e3o o documento que trar\u00e1 propostas de pol\u00edticas p\u00fablicas para educa\u00e7\u00e3o, ci\u00eancia, tecnologia e inova\u00e7\u00e3o, ou seja, assuntos relevantes para o desenvolvimento do Pa\u00eds\u201d, explica. E complementa que \u00e9 importante de o Brasil ter parlamentares mais sens\u00edveis e alinhados com CT&amp;I e educa\u00e7\u00e3o, \u00e1reas t\u00e3o essenciais para o Pa\u00eds. \u201cPor estarmos em Bras\u00edlia, ser\u00e1 uma \u00f3tima oportunidade para que todos os parlamentares, n\u00e3o s\u00f3 os presidenci\u00e1veis, possam visitar o maior evento cient\u00edfico do Brasil\u201d.<\/p>\n<h3 id=\"expectativas\"><strong>Expectativas<\/strong><\/h3>\n<p>Segundo o presidente da SBPC, Renato Janine Ribeiro, as expectativas para a realiza\u00e7\u00e3o da 74\u00aa Reuni\u00e3o Anual s\u00e3o elevadas, mesmo ela sendo realizada de forma h\u00edbrida, com atividades presenciais e virtuais \u2013 algumas ser\u00e3o transmitidas ao vivo para os canais do YouTube da SBPC e da UnB. \u201cTivemos duas Reuni\u00f5es Anuais virtuais por causa da pandemia de covid-19 e agora, com os sinais de que a transmiss\u00e3o do coronav\u00edrus est\u00e1 diminuindo e com todos os protocolos \u2013 mantendo distanciamento, m\u00e1scaras e higieniza\u00e7\u00e3o das m\u00e3os \u2013 estamos muito animados com a volta do presencial. Isso porque o conv\u00edvio humano \u00e9 essencial, principalmente para o p\u00fablico jovem, j\u00e1 que teremos atividades interativas\u201d, afirma. E completa, \u201ca reuni\u00e3o \u00e9 uma \u00f3tima oportunidade para os participantes verem como que a ci\u00eancia \u00e9 feita, acompanhar discuss\u00f5es interessantes das pol\u00edticas de CT&amp;I e de educa\u00e7\u00e3o. \u00c9 fascinante descobrir coisas novas e a Reuni\u00e3o Anual, que \u00e9 considerada o maior evento cient\u00edfico brasileiro, \u00e9 uma \u00f3tima oportunidade para isso\u201d, finaliza.<\/p>\n<p>Janine Ribeiro ressalta ainda que a 74\u00aa Reuni\u00e3o Anual ir\u00e1 celebrar muitas coisas importantes, dentre elas, os 60 anos da UnB, que foi um projeto de universidade idealizada pelo grande educador Darcy Ribeiro. \u201cN\u00f3s temos comemora\u00e7\u00f5es importantes, al\u00e9m dos assuntos j\u00e1 presentes no evento, como educa\u00e7\u00e3o, meio ambiente, direitos humanos e CT&amp;I\u201d, comenta.<\/p>\n<p>Fernanda Sobral, professora em\u00e9rita da UnB e vice-presidente da SBPC, tamb\u00e9m comemora o retorno de parte das atividades de forma presencial. \u201cTenho certeza que essa edi\u00e7\u00e3o vai marcar a hist\u00f3ria da UnB e da SBPC. Ser\u00e1 uma reuni\u00e3o memor\u00e1vel e com grande impacto depois de duas reuni\u00f5es virtuais\u201d, comemora. Ela tamb\u00e9m ressalta que os participantes poder\u00e3o conhecer aspectos da arquitetura da universidade ao caminharem pela \u201cTrilha da arquitetura e das artes\u201d.<\/p>\n<p>M\u00e1rcia Abrah\u00e3o, reitora da UnB, tamb\u00e9m concorda que a 74\u00aa Reuni\u00e3o Anual vai ocorrer num ano muito especial para a Universidade de Bras\u00edlia, nas comemora\u00e7\u00f5es dos seus 60 anos e do centen\u00e1rio do seu fundador, Darcy Ribeiro. \u201c\u00c9 sempre importante ressaltar o papel da ci\u00eancia, ainda mais neste momento da hist\u00f3ria em que os cientistas t\u00eam sido fundamentais para o combate da pandemia de covid-19. O papel da educa\u00e7\u00e3o e da ci\u00eancia ficou mais claro para a popula\u00e7\u00e3o, apesar da trag\u00e9dia das mortes e das consequ\u00eancias da doen\u00e7a, pessoais e coletivas\u201d, afirma.<\/p>\n<p>J\u00e1 para Maria Em\u00edlia Walter, decana de Pesquisa e Inova\u00e7\u00e3o e coordenadora da Comiss\u00e3o Cient\u00edfica da UnB da 74\u00aa Reuni\u00e3o Anual, o encontro anual ser\u00e1 uma oportunidade fant\u00e1stica para reunir cientistas de todas as \u00e1reas do conhecimento, estudantes do ensino m\u00e9dio, de mestrado e de doutorado e profissionais que trabalham com ci\u00eancia e tecnologia, al\u00e9m da pr\u00f3pria sociedade. \u201cConsiderando os debates que ser\u00e3o realizados no contexto de elei\u00e7\u00f5es presidenciais em todas as regi\u00f5es do Pa\u00eds, \u00e9 um momento para apoiar os esfor\u00e7os das universidades p\u00fablicas e associa\u00e7\u00f5es cient\u00edficas, no sentido de incluir no programa do pr\u00f3ximo governo eleito a reconstru\u00e7\u00e3o do sistema nacional de ci\u00eancia e tecnologia\u201d, afirma ela que estima um p\u00fablico de mais de 6 mil pessoas durante todo o per\u00edodo.<\/p>\n<p>Mais informa\u00e7\u00f5es sobre o evento:\u00a0<a href=\"https:\/\/ra.sbpcnet.org.br\/74RA\/\" target=\"_blank\" rel=\"noopener\">https:\/\/ra.sbpcnet.org.br\/74RA\/<\/a>.<\/p>\n<p><a href=\"http:\/\/www.jornaldaciencia.org.br\/\"><em>Jornal da Ci\u00eancia<\/em><\/a><\/p>\n","protected":false},"excerpt":{"rendered":"Os temas a serem discutidos durante a\u00a074\u00aa Reuni\u00e3o Anual da Sociedade Brasileira&hellip;\n","protected":false},"author":19,"featured_media":1620,"comment_status":"open","ping_status":"open","sticky":false,"template":"","format":"standard","meta":[],"categories":[1,2],"tags":[],"acf":[],"_links":{"self":[{"href":"https:\/\/revistacienciaecultura.org.br\/index.php?rest_route=\/wp\/v2\/posts\/1802"}],"collection":[{"href":"https:\/\/revistacienciaecultura.org.br\/index.php?rest_route=\/wp\/v2\/posts"}],"about":[{"href":"https:\/\/revistacienciaecultura.org.br\/index.php?rest_route=\/wp\/v2\/types\/post"}],"author":[{"embeddable":true,"href":"https:\/\/revistacienciaecultura.org.br\/index.php?rest_route=\/wp\/v2\/users\/19"}],"replies":[{"embeddable":true,"href":"https:\/\/revistacienciaecultura.org.br\/index.php?rest_route=%2Fwp%2Fv2%2Fcomments&post=1802"}],"version-history":[{"count":1,"href":"https:\/\/revistacienciaecultura.org.br\/index.php?rest_route=\/wp\/v2\/posts\/1802\/revisions"}],"predecessor-version":[{"id":1803,"href":"https:\/\/revistacienciaecultura.org.br\/index.php?rest_route=\/wp\/v2\/posts\/1802\/revisions\/1803"}],"wp:featuredmedia":[{"embeddable":true,"href":"https:\/\/revistacienciaecultura.org.br\/index.php?rest_route=\/wp\/v2\/media\/1620"}],"wp:attachment":[{"href":"https:\/\/revistacienciaecultura.org.br\/index.php?rest_route=%2Fwp%2Fv2%2Fmedia&parent=1802"}],"wp:term":[{"taxonomy":"category","embeddable":true,"href":"https:\/\/revistacienciaecultura.org.br\/index.php?rest_route=%2Fwp%2Fv2%2Fcategories&post=1802"},{"taxonomy":"post_tag","embeddable":true,"href":"https:\/\/revistacienciaecultura.org.br\/index.php?rest_route=%2Fwp%2Fv2%2Ftags&post=1802"}],"curies":[{"name":"wp","href":"https:\/\/api.w.org\/{rel}","templated":true}]}}