{"id":1805,"date":"2022-03-24T14:16:32","date_gmt":"2022-03-24T14:16:32","guid":{"rendered":"https:\/\/revistacienciaecultura.org.br\/?p=1805"},"modified":"2022-03-24T14:16:57","modified_gmt":"2022-03-24T14:16:57","slug":"amazonia-menos-resiliente","status":"publish","type":"post","link":"https:\/\/revistacienciaecultura.org.br\/?p=1805","title":{"rendered":"Amaz\u00f4nia menos resiliente"},"content":{"rendered":"<p>Secas, inc\u00eandios, desmatamento. Esses e outros eventos extremos est\u00e3o devastando a Amaz\u00f4nia. E cada vez mais a floresta perde sua capacidade de se recuperar deles. Isso \u00e9 o que revela uma pesquisa publicada na revista <a href=\"https:\/\/www.nature.com\/nclimate\/\">Nature Climate Change<\/a>.<\/p>\n<p>Segundo o estudo, desde o in\u00edcio dos anos 2000, 75% da cobertura vegetal da floresta amaz\u00f4nica mostra sinais de mudan\u00e7a em sua capacidade de se recuperar de eventos extremos \u2014 o que \u00e9 chamado de resili\u00eancia. A pesquisa ainda mostrou que \u00e1reas florestais pr\u00f3ximas \u00e0 ocupa\u00e7\u00e3o humana, como cidades e terras agr\u00edcolas, est\u00e1 perdendo resili\u00eancia mais rapidamente. A floresta em p\u00e9 e sua capacidade de regenera\u00e7\u00e3o s\u00e3o, segundo pesquisas, essenciais para a biodiversidade, o ciclo do carbono e as mudan\u00e7as clim\u00e1ticas.<\/p>\n<p>Para detectar varia\u00e7\u00f5es, os pesquisadores usaram dados de sensoriamento remoto baseados em indicadores como Densidade \u00d3tica da Vegeta\u00e7\u00e3o (DOV) e \u00cdndice de Vegeta\u00e7\u00e3o por Diferen\u00e7a Normalizada (IVDN). O estudo sugere que a baixa precipita\u00e7\u00e3o m\u00e9dia anual e o aumento da interfer\u00eancia humana na Terra podem estar contribuindo para a perda de resili\u00eancia. No entanto, aponto a necessidade da ci\u00eancia entender melhor o papel desempenhado por esses dois fatores e o motivo do decl\u00ednio observado desde 2000.<\/p>\n<p>Ou autores alertam que floresta est\u00e1 mudando, mas ainda \u00e9 poss\u00edvel reverter o cen\u00e1rio. As pol\u00edticas clim\u00e1ticas governamentais, por exemplo, desempenham um grande papel na equa\u00e7\u00e3o.<\/p>\n<p><a href=\"https:\/\/www.nature.com\/articles\/s41558-022-01287-8#Sec3\"><em>Acesse o artigo na revista <\/em>Nature Climate Change<\/a><\/p>\n","protected":false},"excerpt":{"rendered":"Secas, inc\u00eandios, desmatamento. Esses e outros eventos extremos est\u00e3o devastando a Amaz\u00f4nia.&hellip;\n","protected":false},"author":19,"featured_media":1806,"comment_status":"open","ping_status":"open","sticky":false,"template":"","format":"standard","meta":[],"categories":[1,2],"tags":[],"acf":[],"_links":{"self":[{"href":"https:\/\/revistacienciaecultura.org.br\/index.php?rest_route=\/wp\/v2\/posts\/1805"}],"collection":[{"href":"https:\/\/revistacienciaecultura.org.br\/index.php?rest_route=\/wp\/v2\/posts"}],"about":[{"href":"https:\/\/revistacienciaecultura.org.br\/index.php?rest_route=\/wp\/v2\/types\/post"}],"author":[{"embeddable":true,"href":"https:\/\/revistacienciaecultura.org.br\/index.php?rest_route=\/wp\/v2\/users\/19"}],"replies":[{"embeddable":true,"href":"https:\/\/revistacienciaecultura.org.br\/index.php?rest_route=%2Fwp%2Fv2%2Fcomments&post=1805"}],"version-history":[{"count":1,"href":"https:\/\/revistacienciaecultura.org.br\/index.php?rest_route=\/wp\/v2\/posts\/1805\/revisions"}],"predecessor-version":[{"id":1807,"href":"https:\/\/revistacienciaecultura.org.br\/index.php?rest_route=\/wp\/v2\/posts\/1805\/revisions\/1807"}],"wp:featuredmedia":[{"embeddable":true,"href":"https:\/\/revistacienciaecultura.org.br\/index.php?rest_route=\/wp\/v2\/media\/1806"}],"wp:attachment":[{"href":"https:\/\/revistacienciaecultura.org.br\/index.php?rest_route=%2Fwp%2Fv2%2Fmedia&parent=1805"}],"wp:term":[{"taxonomy":"category","embeddable":true,"href":"https:\/\/revistacienciaecultura.org.br\/index.php?rest_route=%2Fwp%2Fv2%2Fcategories&post=1805"},{"taxonomy":"post_tag","embeddable":true,"href":"https:\/\/revistacienciaecultura.org.br\/index.php?rest_route=%2Fwp%2Fv2%2Ftags&post=1805"}],"curies":[{"name":"wp","href":"https:\/\/api.w.org\/{rel}","templated":true}]}}