{"id":1811,"date":"2022-03-28T11:40:00","date_gmt":"2022-03-28T11:40:00","guid":{"rendered":"https:\/\/revistacienciaecultura.org.br\/?p=1811"},"modified":"2022-03-28T11:40:00","modified_gmt":"2022-03-28T11:40:00","slug":"sbpc-realiza-lancamento-virtual-da-segunda-edicao-do-e-book-fritz-muller-200-anos-legado-que-ultrapassa-fronteiras","status":"publish","type":"post","link":"https:\/\/revistacienciaecultura.org.br\/?p=1811","title":{"rendered":"SBPC realiza lan\u00e7amento virtual da segunda edi\u00e7\u00e3o do e-book \u201cFritz M\u00fcller 200 anos: legado que ultrapassa fronteiras\u201d"},"content":{"rendered":"<p>No dia 29 de mar\u00e7o, \u00e0s 19h, a Sociedade Brasileira para o Progresso da Ci\u00eancia em parceria com o Grupo Desterro Fritz M\u00fcller \u2013 Charles Darwin 200 anos, lan\u00e7a virtualmente a segunda edi\u00e7\u00e3o do e-book \u201cFritz M\u00fcller 200 anos: legado que ultrapassa fronteiras\u201d. A obra \u00e9 resultado de sete webin\u00e1rios organizados pelo Grupo Desterro em 2020 para os professores da Rede Estadual de Ensino de Santa Catarina, com a participa\u00e7\u00e3o de cerca de 700 professores. O lan\u00e7amento ter\u00e1 transmiss\u00e3o pelo\u00a0<a href=\"https:\/\/www.youtube.com\/canalsbpc\" target=\"_blank\" rel=\"noopener\">canal da SBPC no YouTube<\/a>.<\/p>\n<p>Estes semin\u00e1rios virtuais contaram com a colabora\u00e7\u00e3o de estudiosos, pesquisadores e professores das \u00e1reas das ci\u00eancias naturais, educa\u00e7\u00e3o, divulga\u00e7\u00e3o cient\u00edfica, arte e patrim\u00f4nio cultural do estado de Santa Catarina e do Pa\u00eds. As ricas discuss\u00f5es destes eventos serviram de base para elabora\u00e7\u00e3o de um livro eletr\u00f4nico (E-book), como material de apoio pedag\u00f3gico para a educa\u00e7\u00e3o b\u00e1sica, condensando em um \u00fanico suporte, conte\u00fados que podem ser adaptados para diferentes n\u00edveis de ensino, acompanhado de ilustra\u00e7\u00f5es de apoio, oportunizando assim, a divulga\u00e7\u00e3o ao grande p\u00fablico, do extraordin\u00e1rio legado cient\u00edfico de Fritz M\u00fcller, para ser lido e saboreado como se fosse uma viagem, sem data para terminar, onde o prazer do percurso \u00e9 o mais importante.<\/p>\n<p>O livro \u00e9 a materializa\u00e7\u00e3o de trabalhos relacionados ao bicenten\u00e1rio de nascimento de Johann Friedrich Theodor M\u00fcller, que nasceu na Alemanha, no dia 31 de mar\u00e7o de 1822 e chegou no Brasil em 1852. Colono e lavrador no Vale do Itaja\u00ed (atual Blumenau), Fritz M\u00fcller foi um grande naturalista e, tamb\u00e9m, professor de matem\u00e1tica e ci\u00eancias naturais na educa\u00e7\u00e3o b\u00e1sica. Em 1864, publicou o livro \u201cF\u00fcr Darwin\u201d, na Alemanha, cinco anos ap\u00f3s o brit\u00e2nico publicar \u201cA origem das esp\u00e9cies\u201d. O livro impressionou tanto Darwin, que ele mesmo pagou a tradu\u00e7\u00e3o do alem\u00e3o e a publica\u00e7\u00e3o da obra em ingl\u00eas sob o t\u00edtulo \u201cFacts and Arguments for Darwin\u201d. Os dois mantiveram uma intensa correspond\u00eancia e amizade at\u00e9 a morte de Darwin, em 1882. Fritz M\u00fcller \u00e9 o terceiro cientista mais citado em \u201cA origem das esp\u00e9cies\u201d e publicou cerca de tr\u00eas centenas de artigos cient\u00edficos, grande parte deles em peri\u00f3dicos internacionais, como a Nature.<\/p>\n<p>Coordenado por M\u00e1rio Steindel, professor do Departamento de Microbiologia, Imunologia e Parasitologia da Universidade Federal de Santa Catarina\u00a0(UFSC) e coordenador cient\u00edfico do Grupo Desterro Fritz M\u00fcller \u2013 Charles Darwin 200 anos, o evento contar\u00e1 com a participa\u00e7\u00e3o de Alberto Lindner, professor da UFSC; Ana Maria Ludwig Moraes, membro do Instituto Hist\u00f3rico de Blumenau; Carlos Rogerio Tonussi, professor associado da UFSC; Dolores Carolina Tomaselli, presidente da Funda\u00e7\u00e3o Catarinense de Cultura (FCC); Ildeu de Castro Moreira, professor do Instituto de F\u00edsica da Universidade Federal do Rio de Janeiro (UFRJ) e presidente de honra da SBPC; Klaus Hartmann Hartfelder, professor titular da Faculdade de Medicina de Ribeir\u00e3o Preto da Universidade de S\u00e3o Paulo (FMRP-USP); Lauro Eduardo Bacca, professor do quadro do Funda\u00e7\u00e3o Universidade Regional de Blumenau (FURB); Luis Roberto Fontes, m\u00e9dico legista do Instituto M\u00e9dico-Legal de S\u00e3o Paulo (IML-SP); Marcondes Marchetti, do Grupo Desterro Fritz M\u00fcller-Charles Darwin 200 anos; Maria Cristina Tonussi, a ilustradora bot\u00e2nica e de fauna\u00a0 e estudante da UFSC; e Maria da Gloria Weissheimer, membro do Grupo Desterro Fritz M\u00fcller-Charles Darwin 200 anos.<\/p>\n<p><strong>Servi\u00e7o<\/strong><\/p>\n<p><strong>Lan\u00e7amento do e-book \u201cFritz M\u00fcller 200 anos: legado que ultrapassa fronteiras\u201d<\/strong><\/p>\n<p><strong>Data<\/strong>: 29 de mar\u00e7o<\/p>\n<p><strong>Hor\u00e1rio:<\/strong>\u00a0das 19h00 \u00e0s 20h30.<\/p>\n<p><strong>Acesso:<\/strong>\u00a0Transmiss\u00e3o pelo\u00a0<a href=\"https:\/\/www.youtube.com\/canalsbpc\" target=\"_blank\" rel=\"noopener\">canal da SBPC no YouTube<\/a><\/p>\n<p><a href=\"http:\/\/www.jornaldaciencia.org.br\/\"><em>Jornal da Ci\u00eancia<\/em><\/a><\/p>\n","protected":false},"excerpt":{"rendered":"No dia 29 de mar\u00e7o, \u00e0s 19h, a Sociedade Brasileira para o&hellip;\n","protected":false},"author":19,"featured_media":1812,"comment_status":"open","ping_status":"open","sticky":false,"template":"","format":"standard","meta":[],"categories":[1,2],"tags":[],"acf":[],"_links":{"self":[{"href":"https:\/\/revistacienciaecultura.org.br\/index.php?rest_route=\/wp\/v2\/posts\/1811"}],"collection":[{"href":"https:\/\/revistacienciaecultura.org.br\/index.php?rest_route=\/wp\/v2\/posts"}],"about":[{"href":"https:\/\/revistacienciaecultura.org.br\/index.php?rest_route=\/wp\/v2\/types\/post"}],"author":[{"embeddable":true,"href":"https:\/\/revistacienciaecultura.org.br\/index.php?rest_route=\/wp\/v2\/users\/19"}],"replies":[{"embeddable":true,"href":"https:\/\/revistacienciaecultura.org.br\/index.php?rest_route=%2Fwp%2Fv2%2Fcomments&post=1811"}],"version-history":[{"count":1,"href":"https:\/\/revistacienciaecultura.org.br\/index.php?rest_route=\/wp\/v2\/posts\/1811\/revisions"}],"predecessor-version":[{"id":1813,"href":"https:\/\/revistacienciaecultura.org.br\/index.php?rest_route=\/wp\/v2\/posts\/1811\/revisions\/1813"}],"wp:featuredmedia":[{"embeddable":true,"href":"https:\/\/revistacienciaecultura.org.br\/index.php?rest_route=\/wp\/v2\/media\/1812"}],"wp:attachment":[{"href":"https:\/\/revistacienciaecultura.org.br\/index.php?rest_route=%2Fwp%2Fv2%2Fmedia&parent=1811"}],"wp:term":[{"taxonomy":"category","embeddable":true,"href":"https:\/\/revistacienciaecultura.org.br\/index.php?rest_route=%2Fwp%2Fv2%2Fcategories&post=1811"},{"taxonomy":"post_tag","embeddable":true,"href":"https:\/\/revistacienciaecultura.org.br\/index.php?rest_route=%2Fwp%2Fv2%2Ftags&post=1811"}],"curies":[{"name":"wp","href":"https:\/\/api.w.org\/{rel}","templated":true}]}}