{"id":1832,"date":"2022-04-01T11:53:21","date_gmt":"2022-04-01T11:53:21","guid":{"rendered":"https:\/\/revistacienciaecultura.org.br\/?p=1832"},"modified":"2022-04-01T11:53:21","modified_gmt":"2022-04-01T11:53:21","slug":"legado-de-fritz-muller-ultrapassa-fronteiras-e-permanece-inspirando-cientistas","status":"publish","type":"post","link":"https:\/\/revistacienciaecultura.org.br\/?p=1832","title":{"rendered":"Legado de Fritz M\u00fcller ultrapassa fronteiras e permanece inspirando cientistas"},"content":{"rendered":"<p>Manter o legado de um dos mais reconhecidos cientistas brasileiros. Esta \u00e9 a inten\u00e7\u00e3o do livro digital \u201cFritz M\u00fcller 200 anos: legado que ultrapassa fronteiras\u201d, que teve sua segunda edi\u00e7\u00e3o lan\u00e7ada nesta ter\u00e7a-feira (29) em evento virtual com transmiss\u00e3o pelo canal da Sociedade Brasileira Para o Progresso da Ci\u00eancia (SBPC) no YouTube.<\/p>\n<p>A obra \u00e9 resultado de sete webin\u00e1rios organizados pelo Grupo Desterro em 2020 para os professores da Rede Estadual de Ensino de Santa Catarina, que contou com a participa\u00e7\u00e3o de cerca de 700 professores. As discuss\u00f5es desses eventos serviram de base para elabora\u00e7\u00e3o do e-book que traz conte\u00fados diversos que podem ser adaptados para diferentes n\u00edveis de ensino e s\u00e3o acompanhados de ilustra\u00e7\u00f5es de apoio. Agora, para celebrar o bicenten\u00e1rio de nascimento de Fritz M\u00fcller, a obra ganhou uma segunda edi\u00e7\u00e3o ampliada, contando com 13 cap\u00edtulos: foram adicionados um cap\u00edtulo sobre os caminhos percorridos a p\u00e9 pelo cientista em Santa Catarina e um relato detalhado de suas expedi\u00e7\u00f5es. \u201cN\u00f3s queremos manter o legado deste importante naturalista que tanto contribuiu para a ci\u00eancia universal\u201d, pontuou M\u00e1rio Steindel, professor do Departamento de Microbiologia, Imunologia e Parasitologia da Universidade Federal de Santa Catarina\u00a0(UFSC) e coordenador cient\u00edfico do Grupo Desterro Fritz M\u00fcller \u2014 Charles Darwin 200 anos, durante o evento.<\/p>\n<p><strong>O cientista<\/strong><\/p>\n<p>Johann Friedrich Theodor M\u00fcller, conhecido simplesmente como Fritz M\u00fcller, nasceu na Alemanha no dia 31 de mar\u00e7o de 1822 e chegou ao Brasil em 1852. Foi um grande naturalista e o primeiro cientista a apresentar modelos matem\u00e1ticos para elucidar a sele\u00e7\u00e3o natural e fornecer provas contundentes da mesma. Suas obras contribu\u00edram para fundamentar e enriquecer a teoria da evolu\u00e7\u00e3o das esp\u00e9cies por sele\u00e7\u00e3o natural de Darwin, com quem manteve intensa amizade e correspond\u00eancia. \u201cFritz M\u00fcller \u00e9 um personagem do s\u00e9culo 19, mas que puxa o s\u00e9culo para frente, na educa\u00e7\u00e3o, na ci\u00eancia, em v\u00e1rios aspectos\u201d, destacou Ildeu de Castro Moreira, professor do Instituto de F\u00edsica da Universidade Federal do Rio de Janeiro (UFRJ) e presidente de honra da SBPC.\u00a0\u201c\u00c9 importante lembrar as in\u00fameras cita\u00e7\u00f5es que Darwin faz de M\u00fcller. Quase todos os livros dele citam M\u00fcller. Ele \u00e9 o cientista mais citado nos livros de Darwin, um dos cientistas mais importantes de todos os tempos. Isso mostra o status cient\u00edfico que Fritz M\u00fcller alcan\u00e7ou, al\u00e9m de ter sido\u00a0 tamb\u00e9m um pioneiro na divulga\u00e7\u00e3o da teoria da sele\u00e7\u00e3o natural no Brasil\u201d, enfatizou.<\/p>\n<p>Sua obstina\u00e7\u00e3o em fazer e divulgar ci\u00eancia tamb\u00e9m foi apontada pelos participantes como uma caracter\u00edstica marcante, que se reflete at\u00e9 hoje no modo brasileiro de fazer ci\u00eancia. \u201cFritz M\u00fcller \u00e9 um cientista que representa o Brasil e o que \u00e9 a realidade da ci\u00eancia no Brasil, em sua obstina\u00e7\u00e3o em fazer ci\u00eancia. Isso \u00e9 um recado tamb\u00e9m: n\u00f3s temos que nos esfor\u00e7ar, temos que nos apaixonar pela ci\u00eancia\u201d, afirmou Carlos Rogerio Tonussi, professor associado da Universidade Federal de Santa Catarina (UFSC). Ele ainda lembrou que isso \u00e9 especialmente importante nos tempos atuais, em que o cen\u00e1rio se mostra t\u00e3o adverso \u00e0 ci\u00eancia.<\/p>\n<p><strong>Legado na educa\u00e7\u00e3o<\/strong><\/p>\n<p>Professor de matem\u00e1tica e ci\u00eancias naturais na educa\u00e7\u00e3o b\u00e1sica, seu papel fundamental na educa\u00e7\u00e3o n\u00e3o foi esquecido. \u201cFritz M\u00fcller nos proporciona uma riqueza n\u00e3o s\u00f3 no campo da ci\u00eancia, mas tamb\u00e9m no campo da educa\u00e7\u00e3o\u201d, pontua Maria da Gloria Weissheimer, membro do Grupo Desterro Fritz M\u00fcller-Charles Darwin 200 anos.<\/p>\n<p>Alberto Lindner, professor do Centro de Ci\u00eancias Biol\u00f3gicas (CCB) da UFSC, afirmou que as discuss\u00f5es sobre Fritz M\u00fcller ressaltam a import\u00e2ncia de investir na educa\u00e7\u00e3o e nos alunos, fornecendo oportunidades para que eles tamb\u00e9m se tornem cientistas renomados.\u00a0<strong>\u201c<\/strong>N\u00f3s temos v\u00e1rios Fritz M\u00fcller saindo de nossas universidades, de nossos programas de p\u00f3s-gradua\u00e7\u00e3o e, se dermos as oportunidades para essas pessoas, teremos grandes cientistas nos pr\u00f3ximos anos\u201d.<\/p>\n<p><strong>Personalidade e identidade<\/strong><\/p>\n<p>Colono e lavrador no Vale do Itaja\u00ed (atual Blumenau), Fritz M\u00fcller teve tamb\u00e9m um papel fundamental na constru\u00e7\u00e3o da identidade de Santa Catarina. \u201cEle \u00e9 um grande cientista nacional, e tamb\u00e9m um personagem da hist\u00f3ria de Santa Catarina como um dos formadores da identidade catarinense\u201d, afirmou Marcondes Marchetti, do Grupo Desterro Fritz M\u00fcller-Charles Darwin 200 anos.<\/p>\n<p>Para Dolores Carolina Tomaselli representante da Funda\u00e7\u00e3o Catarinense de Cultura (FCC), tamb\u00e9m \u00e9 interessante olhar para a figura de Fritz M\u00fcller como um imigrante. \u201cEle \u00e9 um imigrante e, se formos fazer uma analogia, tamb\u00e9m \u00e9 uma esp\u00e9cie de refugiado, que vem para Santa Catarina da d\u00e9cada de 1800. Ent\u00e3o \u00e9 olhar para Fritz M\u00fcller como de fato um representante dessa imigra\u00e7\u00e3o que faz frente \u00e0s necessidades do meio e desenvolve e transforma Santa Catarina no que ela \u00e9 hoje\u201d, disse.<\/p>\n<p>Para Luis Roberto Fontes, m\u00e9dico legista do Instituto M\u00e9dico-Legal de S\u00e3o Paulo (IML-SP), M\u00fcller \u00e9 um cientista que serve de exemplo tanto para jovens como para adultos j\u00e1 cientistas. Portanto, \u00e9 importante que seus 200 anos n\u00e3o caiam no esquecimento. Lauro Eduardo Bacca, professor do da Funda\u00e7\u00e3o Universidade Regional de Blumenau (FURB), concorda: \u201c\u00e9 importante que tudo isso que estamos fazendo hoje resulte em alguma perenidade da mem\u00f3ria de Fritz M\u00fcller\u201d.<\/p>\n<p>Sandra Rebok, pesquisadora do Departamento de Hist\u00f3ria da Universidade de San Diego e respons\u00e1vel pela tradu\u00e7\u00e3o de obras de Fritz M\u00fcller para o espanhol, enfatizou a import\u00e2ncia da tradu\u00e7\u00e3o e divulga\u00e7\u00e3o do livro para outros pa\u00edses. \u201cSeria \u00f3timo fazer Fritz M\u00fcller mais conhecido fora do Brasil, como Espanha e os Estados Unidos. Precisamos de mais material sobre ele nesses lugares\u201d, afirmou.<\/p>\n<p>Coordenado por M\u00e1rio Steindel, professor do Departamento de Microbiologia, Imunologia e Parasitologia da UFSC e coordenador cient\u00edfico do Grupo Desterro Fritz M\u00fcller \u2013 Charles Darwin 200 anos, o evento contou com a participa\u00e7\u00e3o de Alberto Lindner, professor da UFSC; Ana Maria Ludwig Moraes, membro do Instituto Hist\u00f3rico de Blumenau; Carlos Rogerio Tonussi, professor da UFSC; Dolores Carolina Tomaselli, presidente da Funda\u00e7\u00e3o Catarinense de Cultura (FCC); Ildeu de Castro Moreira, professor do Instituto de F\u00edsica da UFRJ e presidente de honra da SBPC; Klaus Hartmann Hartfelder, professor titular da Faculdade de Medicina de Ribeir\u00e3o Preto da Universidade de S\u00e3o Paulo (FMRP-USP); Lauro Eduardo Bacca, professor da Funda\u00e7\u00e3o Universidade Regional de Blumenau (FURB); Luis Roberto Fontes, m\u00e9dico legista do IML-SP; Marcondes Marchetti, do Grupo Desterro Fritz M\u00fcller \u2014 Charles Darwin 200 anos; Maria Cristina Tonussi, ilustradora bot\u00e2nica e de fauna e estudante da UFSC; Maria da Gloria Weissheimer, membro do Grupo Desterro Fritz M\u00fcller \u2014 Charles Darwin 200 anos, e teve a participa\u00e7\u00e3o especial de Sandra Rebok, pesquisadora visitante na University of California San Diego.<\/p>\n<p><a href=\"https:\/\/fritzmuller200anos.com.br\/wp-content\/uploads\/2022\/03\/EBOOK-FRITZ-MULLER-2a-EDICAO_2022-1.pdf\" target=\"_blank\" rel=\"noopener\">Baixe gratuitamente a segunda edi\u00e7\u00e3o do livro \u201cFritz M\u00fcller 200 anos: legado que ultrapassa fronteiras\u201d<\/a><\/p>\n<p><a href=\"https:\/\/www.youtube.com\/watch?v=LjMiydzREiM\" target=\"_blank\" rel=\"noopener\">Assista ao evento na \u00edntegra<\/a><\/p>\n<p><a href=\"http:\/\/www.jornaldaciencia.org.br\/\"><em>Jornal da Ci\u00eancia<\/em><\/a><\/p>\n","protected":false},"excerpt":{"rendered":"Manter o legado de um dos mais reconhecidos cientistas brasileiros. Esta \u00e9&hellip;\n","protected":false},"author":19,"featured_media":1833,"comment_status":"open","ping_status":"open","sticky":false,"template":"","format":"standard","meta":[],"categories":[1,2],"tags":[],"acf":[],"_links":{"self":[{"href":"https:\/\/revistacienciaecultura.org.br\/index.php?rest_route=\/wp\/v2\/posts\/1832"}],"collection":[{"href":"https:\/\/revistacienciaecultura.org.br\/index.php?rest_route=\/wp\/v2\/posts"}],"about":[{"href":"https:\/\/revistacienciaecultura.org.br\/index.php?rest_route=\/wp\/v2\/types\/post"}],"author":[{"embeddable":true,"href":"https:\/\/revistacienciaecultura.org.br\/index.php?rest_route=\/wp\/v2\/users\/19"}],"replies":[{"embeddable":true,"href":"https:\/\/revistacienciaecultura.org.br\/index.php?rest_route=%2Fwp%2Fv2%2Fcomments&post=1832"}],"version-history":[{"count":1,"href":"https:\/\/revistacienciaecultura.org.br\/index.php?rest_route=\/wp\/v2\/posts\/1832\/revisions"}],"predecessor-version":[{"id":1834,"href":"https:\/\/revistacienciaecultura.org.br\/index.php?rest_route=\/wp\/v2\/posts\/1832\/revisions\/1834"}],"wp:featuredmedia":[{"embeddable":true,"href":"https:\/\/revistacienciaecultura.org.br\/index.php?rest_route=\/wp\/v2\/media\/1833"}],"wp:attachment":[{"href":"https:\/\/revistacienciaecultura.org.br\/index.php?rest_route=%2Fwp%2Fv2%2Fmedia&parent=1832"}],"wp:term":[{"taxonomy":"category","embeddable":true,"href":"https:\/\/revistacienciaecultura.org.br\/index.php?rest_route=%2Fwp%2Fv2%2Fcategories&post=1832"},{"taxonomy":"post_tag","embeddable":true,"href":"https:\/\/revistacienciaecultura.org.br\/index.php?rest_route=%2Fwp%2Fv2%2Ftags&post=1832"}],"curies":[{"name":"wp","href":"https:\/\/api.w.org\/{rel}","templated":true}]}}