{"id":1841,"date":"2022-04-04T08:00:55","date_gmt":"2022-04-04T08:00:55","guid":{"rendered":"https:\/\/revistacienciaecultura.org.br\/?p=1841"},"modified":"2022-04-20T13:00:54","modified_gmt":"2022-04-20T13:00:54","slug":"os-povos-indigenas-e-independencia-do-brasil","status":"publish","type":"post","link":"https:\/\/revistacienciaecultura.org.br\/?p=1841","title":{"rendered":"Os povos ind\u00edgenas e a Independ\u00eancia do Brasil"},"content":{"rendered":"<p><span class=\"style-scope yt-formatted-string\" dir=\"auto\">A Independ\u00eancia do Brasil afeta os povos ind\u00edgenas? Como e por que os povos origin\u00e1rios s\u00e3o romantizados a partir de 1822? Qual o problema dessa constru\u00e7\u00e3o imag\u00e9tica e como ela poderia ser revertida? Com a possibilidade de refletir sobre essas quest\u00f5es no <\/span><a class=\"yt-simple-endpoint style-scope yt-formatted-string\" dir=\"auto\" spellcheck=\"false\" href=\"https:\/\/www.youtube.com\/hashtag\/bicenten%C3%A1rio\">#Bicenten\u00e1rio<\/a><span class=\"style-scope yt-formatted-string\" dir=\"auto\"> da <\/span><a class=\"yt-simple-endpoint style-scope yt-formatted-string\" dir=\"auto\" spellcheck=\"false\" href=\"https:\/\/www.youtube.com\/hashtag\/independ%C3%AAncia\">#Independ\u00eancia<\/a><span class=\"style-scope yt-formatted-string\" dir=\"auto\">, o escritor Daniel Munduruku, a historiadora Elisa Fr\u00fchauf Garcia, da Universidade Federal Fluminense, e o antrop\u00f3logo Jo\u00e3o Pacheco de Oliveira, do Museu Nacional\/Universidade Federal do Rio de Janeiro, abordam diferentes facetas da participa\u00e7\u00e3o ind\u00edgena no processo de Independ\u00eancia do Brasil.<\/span><\/p>\n<p><iframe loading=\"lazy\" title=\"Os povos ind\u00edgenas e Independ\u00eancia do Brasil\" width=\"1200\" height=\"675\" src=\"https:\/\/www.youtube.com\/embed\/Ko-qfdMAZ0A?feature=oembed\" frameborder=\"0\" allow=\"accelerometer; autoplay; clipboard-write; encrypted-media; gyroscope; picture-in-picture\" allowfullscreen><\/iframe><\/p>\n","protected":false},"excerpt":{"rendered":"A Independ\u00eancia do Brasil afeta os povos ind\u00edgenas? Como e por que&hellip;\n","protected":false},"author":11,"featured_media":1843,"comment_status":"open","ping_status":"open","sticky":false,"template":"","format":"video","meta":[],"categories":[5],"tags":[],"acf":[],"_links":{"self":[{"href":"https:\/\/revistacienciaecultura.org.br\/index.php?rest_route=\/wp\/v2\/posts\/1841"}],"collection":[{"href":"https:\/\/revistacienciaecultura.org.br\/index.php?rest_route=\/wp\/v2\/posts"}],"about":[{"href":"https:\/\/revistacienciaecultura.org.br\/index.php?rest_route=\/wp\/v2\/types\/post"}],"author":[{"embeddable":true,"href":"https:\/\/revistacienciaecultura.org.br\/index.php?rest_route=\/wp\/v2\/users\/11"}],"replies":[{"embeddable":true,"href":"https:\/\/revistacienciaecultura.org.br\/index.php?rest_route=%2Fwp%2Fv2%2Fcomments&post=1841"}],"version-history":[{"count":2,"href":"https:\/\/revistacienciaecultura.org.br\/index.php?rest_route=\/wp\/v2\/posts\/1841\/revisions"}],"predecessor-version":[{"id":1988,"href":"https:\/\/revistacienciaecultura.org.br\/index.php?rest_route=\/wp\/v2\/posts\/1841\/revisions\/1988"}],"wp:featuredmedia":[{"embeddable":true,"href":"https:\/\/revistacienciaecultura.org.br\/index.php?rest_route=\/wp\/v2\/media\/1843"}],"wp:attachment":[{"href":"https:\/\/revistacienciaecultura.org.br\/index.php?rest_route=%2Fwp%2Fv2%2Fmedia&parent=1841"}],"wp:term":[{"taxonomy":"category","embeddable":true,"href":"https:\/\/revistacienciaecultura.org.br\/index.php?rest_route=%2Fwp%2Fv2%2Fcategories&post=1841"},{"taxonomy":"post_tag","embeddable":true,"href":"https:\/\/revistacienciaecultura.org.br\/index.php?rest_route=%2Fwp%2Fv2%2Ftags&post=1841"}],"curies":[{"name":"wp","href":"https:\/\/api.w.org\/{rel}","templated":true}]}}