{"id":1847,"date":"2022-04-06T11:34:02","date_gmt":"2022-04-06T11:34:02","guid":{"rendered":"https:\/\/revistacienciaecultura.org.br\/?p=1847"},"modified":"2022-04-06T11:34:02","modified_gmt":"2022-04-06T11:34:02","slug":"pos-graduacao-e-tema-de-quarto-seminario-da-serie-projeto-para-um-brasil-novo","status":"publish","type":"post","link":"https:\/\/revistacienciaecultura.org.br\/?p=1847","title":{"rendered":"P\u00f3s-gradua\u00e7\u00e3o \u00e9 tema de quarto semin\u00e1rio da s\u00e9rie \u201cProjeto para um Brasil Novo\u201d"},"content":{"rendered":"<p>P\u00f3s-gradua\u00e7\u00e3o \u00e9 o tema do quarto semin\u00e1rio da s\u00e9rie \u201cProjeto para um Brasil Novo\u201d que ser\u00e1 realizado nesta quarta-feira, 6 de abril, \u00e0s 16h. O evento comp\u00f5e os 12 semin\u00e1rios tem\u00e1ticos que a Sociedade Brasileira para o Progresso da Ci\u00eancia (SBPC) est\u00e1 realizando para tratar de temas relevantes que contribuam para o desenvolvimento do Pa\u00eds. Entre os assuntos a serem abordados est\u00e3o \u201cSa\u00fade\u201d, \u201cDireitos humanos\u201d, \u201cSeguran\u00e7a p\u00fablica\u201d, \u201cMudan\u00e7as clim\u00e1ticas\u201d, \u201cMeio ambiente\u201d, \u201cQuest\u00e3o ind\u00edgena\u201d, \u201cDiversidade de g\u00eanero e ra\u00e7a\u201d e \u201cCultura\u201d. O primeiro semin\u00e1rio\u00a0<a href=\"http:\/\/www.jornaldaciencia.org.br\/pacto-com-a-sociedade-para-um-novo-brasil\/\" target=\"_blank\" rel=\"noopener\">debateu \u201cCi\u00eancia, Tecnologia e Inova\u00e7\u00e3o<\/a>\u201d, o segundo\u00a0<a href=\"http:\/\/www.jornaldaciencia.org.br\/educacao-basica-e-fundamental-para-a-ciencia-afirmam-especialistas\/\" target=\"_blank\" rel=\"noopener\">\u201cEduca\u00e7\u00e3o b\u00e1sica\u201d<\/a>\u00a0e o terceiro\u00a0<a href=\"http:\/\/www.jornaldaciencia.org.br\/ensino-superior-tem-que-ser-politica-de-estado-dizem-especialistas\/\" target=\"_blank\" rel=\"noopener\">\u201cEduca\u00e7\u00e3o superior\u201d<\/a>.\u00a0Os eventos online ser\u00e3o transmitidos pelo\u00a0<a href=\"https:\/\/www.youtube.com\/user\/canalsbpc\" target=\"_blank\" rel=\"noopener\">canal da SBPC no YouTube<\/a>.<\/p>\n<p>Este evento, que ser\u00e1 coordenado S\u00f4nia Bao, secret\u00e1ria regional da SBPC no Distrito Federal (SBPC-DF) e professora titular da Universidade de Bras\u00edlia (UnB), contar\u00e1 com a participa\u00e7\u00e3o de Connie McManus, professora da UnB; Jorge Lu\u00eds Nicolas Audy, professor titular da Escola Polit\u00e9cnica e Superintendente de Inova\u00e7\u00e3o e Desenvolvimento da Pontif\u00edcia Universidade Cat\u00f3lica do Rio Grande do Sul (PUCRS); Reinaldo Ramos de Carvalho, professor da P\u00f3s-Gradua\u00e7\u00e3o da Universidade Cruzeiro do Sul; Robert Verhine, professor titular (aposentado) da Faculdade de Educa\u00e7\u00e3o e professor permanente do Programa de P\u00f3s-Gradua\u00e7\u00e3o em Educa\u00e7\u00e3o da Universidade Federal da Bahia (UFBA); e Simon Schwartzman, soci\u00f3logo e membro da Academia Brasileira de Ci\u00eancias (ABC).<\/p>\n<p><strong>S\u00e9rie\u00a0Projeto para um novo Brasil \u2013 Semin\u00e1rio\u00a0\u201cP\u00f3s-gradua\u00e7\u00e3o\u201d<\/strong><\/p>\n<p><strong>Dia:<\/strong>\u00a006 de abril<\/p>\n<p><strong>Hor\u00e1rio:<\/strong>\u00a016h<\/p>\n<p><strong>Transmiss\u00e3o:\u00a0<\/strong><a href=\"https:\/\/www.youtube.com\/canalsbpc\" target=\"_blank\" rel=\"noopener\">Canal da SBPC no YouTube<\/a>.<\/p>\n<p><a href=\"http:\/\/www.jornaldaciencia.org.br\/\"><em>Jornal da Ci\u00eancia<\/em><\/a><\/p>\n","protected":false},"excerpt":{"rendered":"P\u00f3s-gradua\u00e7\u00e3o \u00e9 o tema do quarto semin\u00e1rio da s\u00e9rie \u201cProjeto para um&hellip;\n","protected":false},"author":19,"featured_media":1848,"comment_status":"open","ping_status":"open","sticky":false,"template":"","format":"standard","meta":[],"categories":[1,2],"tags":[],"acf":[],"_links":{"self":[{"href":"https:\/\/revistacienciaecultura.org.br\/index.php?rest_route=\/wp\/v2\/posts\/1847"}],"collection":[{"href":"https:\/\/revistacienciaecultura.org.br\/index.php?rest_route=\/wp\/v2\/posts"}],"about":[{"href":"https:\/\/revistacienciaecultura.org.br\/index.php?rest_route=\/wp\/v2\/types\/post"}],"author":[{"embeddable":true,"href":"https:\/\/revistacienciaecultura.org.br\/index.php?rest_route=\/wp\/v2\/users\/19"}],"replies":[{"embeddable":true,"href":"https:\/\/revistacienciaecultura.org.br\/index.php?rest_route=%2Fwp%2Fv2%2Fcomments&post=1847"}],"version-history":[{"count":1,"href":"https:\/\/revistacienciaecultura.org.br\/index.php?rest_route=\/wp\/v2\/posts\/1847\/revisions"}],"predecessor-version":[{"id":1849,"href":"https:\/\/revistacienciaecultura.org.br\/index.php?rest_route=\/wp\/v2\/posts\/1847\/revisions\/1849"}],"wp:featuredmedia":[{"embeddable":true,"href":"https:\/\/revistacienciaecultura.org.br\/index.php?rest_route=\/wp\/v2\/media\/1848"}],"wp:attachment":[{"href":"https:\/\/revistacienciaecultura.org.br\/index.php?rest_route=%2Fwp%2Fv2%2Fmedia&parent=1847"}],"wp:term":[{"taxonomy":"category","embeddable":true,"href":"https:\/\/revistacienciaecultura.org.br\/index.php?rest_route=%2Fwp%2Fv2%2Fcategories&post=1847"},{"taxonomy":"post_tag","embeddable":true,"href":"https:\/\/revistacienciaecultura.org.br\/index.php?rest_route=%2Fwp%2Fv2%2Ftags&post=1847"}],"curies":[{"name":"wp","href":"https:\/\/api.w.org\/{rel}","templated":true}]}}