{"id":1894,"date":"2022-04-13T11:42:49","date_gmt":"2022-04-13T11:42:49","guid":{"rendered":"https:\/\/revistacienciaecultura.org.br\/?p=1894"},"modified":"2022-04-13T11:42:49","modified_gmt":"2022-04-13T11:42:49","slug":"sbpc-abre-inscricoes-para-o-terceiro-ciclo-de-cursos-online","status":"publish","type":"post","link":"https:\/\/revistacienciaecultura.org.br\/?p=1894","title":{"rendered":"SBPC abre inscri\u00e7\u00f5es para o terceiro ciclo de cursos online"},"content":{"rendered":"<p>Est\u00e3o abertas as inscri\u00e7\u00f5es e matr\u00edculas do 3\u00ba ciclo de webminicursos da Sociedade Brasileira para o Progresso da Ci\u00eancia (SBPC) em sua plataforma de cursos online\u00a0(<a href=\"https:\/\/cursos.sbpcnet.org.br\/\" target=\"_blank\" rel=\"noopener\">https:\/\/cursos.sbpcnet.org.br\/<\/a>).\u00a0A cada trimestre s\u00e3o ofertados webminicursos de todas as \u00e1reas do conhecimento e temas contempor\u00e2neos, ministrados por professores de renomadas institui\u00e7\u00f5es do Pa\u00eds.<\/p>\n<p>Cl\u00e1udia Linhares Sales, secret\u00e1ria-geral da SBPC, explica que a plataforma de cursos online permite o acesso a minicursos com as mesmas tem\u00e1ticas e qualidade dos ofertados nas Reuni\u00f5es Anuais ao longo de todo o ano. \u201cEntendemos de essa forma ser mais um mecanismo pelo qual a SBPC cumpre uma de suas miss\u00f5es que \u00e9 a de divulgar e popularizar a ci\u00eancia\u201d, afirma.<\/p>\n<p>Entre os destaques deste terceiro ciclo, que conta com 37 webminicursos de diversas \u00e1reas do conhecimento, est\u00e3o: \u201cV\u00edrus Gigantes: Expandido os Limites da Virosfera\u201d, com Rodrigo Ara\u00fajo Lima Rodrigues, professor substituto de Microbiologia na Universidade Federal de Ouro Preto (UFOP), Paulo Victor de Miranda Boratto e Vict\u00f3ria Fug\u00eancio Queiroz, ambos doutorandos da Universidade Federal de Minas Gerais (UFMG); \u201cUso de Jogos Did\u00e1ticos no Ensino de Parasitologia\u201d, com Henrique Rocha de Medeiros e Lilian Giotto Zaros de Medeiros, professores da Universidade Federal do Rio Grande do Norte (UFRN); \u201cEduca\u00e7\u00e3o na Pris\u00e3o \u2013 Forma\u00e7\u00e3o de Professores para Atua\u00e7\u00e3o em Contextos de Priva\u00e7\u00e3o de Liberdade\u201d, com Rog\u00e9ria Martins, Lucas Eduardo Pereira Silva, D\u00e9bora Marques, Leonardo Miranda Frossard e Rafael Aquino, todos da Universidade Federal de Juiz de Fora (UFJF).<\/p>\n<p>Os webminicursos t\u00eam dura\u00e7\u00e3o de seis horas e aulas previamente gravadas. Diante disso, o inscrito poder\u00e1 assisti-los quantas vezes quiser dentro de sua disponibilidade de tempo. A forma virtual tamb\u00e9m permite que os interessados, em qualquer lugar do Pa\u00eds ou at\u00e9 mesmo no exterior, possam frequent\u00e1-los. Ao final do prazo, o inscrito que assistir \u00e0s seis horas do webminicurso poder\u00e1 emitir seu certificado.<\/p>\n<p>S\u00f3cios quites e novos s\u00f3cios da SBPC t\u00eam desconto na taxa de matr\u00edcula. Os valores para cada webminicurso s\u00e3o R$ 30,00 para s\u00f3cio quite da SBPC e R$ 50,00 para n\u00e3o s\u00f3cio. \u00c9 permitido fazer a matr\u00edcula em v\u00e1rios webminicursos simultaneamente ou escolher apenas um.<\/p>\n<p><strong>Veja a rela\u00e7\u00e3o dos webminicursos oferecidos neste terceiro ciclo:<\/strong><\/p>\n<p><strong>WMC1-01 \u2013 APLICA\u00c7\u00d5ES EST\u00c1VEIS ENTRE SUPERF\u00cdCIES<\/strong><br \/>\n<strong>Ministrantes:<\/strong>\u00a0Alana Cavalcante Felippe (UFV) e Catarina Mendes de Jesus S\u00e1nchez (UFJF)<\/p>\n<p><strong>WMC1-02 \u2013 O USO DOS EXPERIMENTOS MENTAIS COMO UMA POSS\u00cdVEL METODOLOGIA DE ENSINO PARA MATEM\u00c1TICA<\/strong><br \/>\n<strong>Ministrante:\u00a0<\/strong>Willian Jos\u00e9 da Cruz (UFJF)<\/p>\n<p><strong>WMC1-05 \u2013 RECURSOS E ESTRAT\u00c9GIAS PARA O ENSINO ONLINE E ATIVO DA QU\u00cdMICA<br \/>\nMinistrantes:\u00a0<\/strong>Guilherme Andrade Marson (USP), Alfredo Luis Martins Lameir\u00e3o Mateus (UFMG) e M\u00e1rlon Herbert Flora Barbosa Soares (UFG)<\/p>\n<p><strong>WMC1-06 \u2013 PLASTINA\u00c7\u00c3O: ENSINO, PESQUISA E EXTENS\u00c3O<br \/>\nMinistrantes:\u00a0<\/strong>Athelson Stefanon Bittencourt (UFES) e Yuri Favalessa Monteiro (UFES)<\/p>\n<p><strong>WMC1-07 \u2013 CORPO, CULTURA DE MOVIMENTO E JOGOS IND\u00cdGENAS NAS AULAS DE EDUCA\u00c7\u00c3O F\u00cdSICA<br \/>\nMinistrantes:<\/strong>\u00a0Moaldecir Freire Domingos Junior (UFRN) e Camila Ursulla Batista Carlos (UFRN)<\/p>\n<p><strong>WMC1-08 \u2013 COMPREENDENDO O C\u00c9REBRO<br \/>\nMinistrantes:\u00a0<\/strong>Sidarta Ribeiro (UFRN), Kerstin Schmidt (UFRN), Claudio Marcos Teixeira de Queiroz (UFRN) e Sergio Neuenschwander (UFRN)<\/p>\n<p><strong>WMC1-09 \u2013 INTRODU\u00c7\u00c3O A PESQUISAS QUANTI-QUALITATIVA EM SA\u00daDE COLETIVA<br \/>\nMinistrantes:\u00a0<\/strong>Waneska Alexandra Alves (UFJF), Lina Rodrigues Faria (UFSB) e Luciana Karen Calabria (UFU)<\/p>\n<p><strong>WMC1-11 \u2013 DESENVOLVIMENTO E SUSTENTABILIDADE: UMA VIS\u00c3O ECON\u00d4MICO-ECOL\u00d3GICA<br \/>\nMinistrantes:<\/strong>\u00a0Jos\u00e9 Luiz de Attayde (UFRN), Daniel Caixeta Andrade (UFU) e Maria Am\u00e9lia Rodrigues Enr\u00edquez (UFPA)<\/p>\n<p><strong>WMC1-12 \u2013 OFICINA DO SENTIR: UMA EXPERI\u00caNCIA PO\u00c9TICA DO MEU LUGAR CASA<br \/>\nMinistrantes:<\/strong>\u00a0Sandrelena da Silva Monteiro (UFJF), Juliane Figueiredo Fonseca (UFJF) e M\u00f4nica Cristina Henriques Leite Olender (UFJF)<\/p>\n<p><strong>WMC1-13 \u2013 ARTIGO CIENT\u00cdFICO: REDA\u00c7\u00c3O, \u00c9TICA, AVALIA\u00c7\u00c3O E DIVULGA\u00c7\u00c3O<br \/>\nMinistrantes:\u00a0<\/strong>Sigmar de Mello Rode (UNESP), Piotr Trzesniak (UFPE) e Germana Barata (UNICAMP)<\/p>\n<p><strong>WMC1-14 \u2013 LIBERDADE DE EXPRESS\u00c3O E DIREITO \u00c0 INFORMA\u00c7\u00c3O: LIMITES E TENSIONAMENTOS<br \/>\nMinistrantes:\u00a0<\/strong>Jos\u00e9 Tarc\u00edsio da Silva Oliveira Filho (UFRR), Luiz Felipe Novais Falc\u00e3o (UFJF) e Simone Teixeira Martins (UFJF)<\/p>\n<p><strong>WMC1-15 \u2013 ASPECTOS \u00c9TICOS DA PESQUISA ACAD\u00caMICA COM SERES HUMANOS NA EDUCA\u00c7\u00c3O<br \/>\nMinistrantes:\u00a0<\/strong>Leandro Silva Costa (IFRN) e Lenina Lopes Soares Silva (IFRN)<\/p>\n<p><strong>WMC1-17 \u2013 FIGURA\u00c7\u00d5ES DA VIOL\u00caNCIA NA CONTEMPORANEIDADE<br \/>\nMinistrantes:\u00a0<\/strong>C\u00e9sar Barreira (UFC), Jos\u00e9 Vicente Tavares dos Santos (UFRGS) e Michel Misse (UFRJ)<\/p>\n<p><strong>WMC1-19 \u2013 METODOLOGIA E DIVULGA\u00c7\u00c3O CIENT\u00cdFICA<br \/>\nMinistrante:\u00a0<\/strong>D\u00e9bora Peres Menezes (UFSC)<\/p>\n<p><strong>WMC1-20 \u2013 ENSINO DE CI\u00caNCIAS COM BRINQUEDOS CIENT\u00cdFICOS DE BAIXO CUSTO<br \/>\nMinistrantes:\u00a0<\/strong>Paulo Henrique Dias Menezes (UFJF) e Wagner da Cruz Seabra Eiras (IF Sudeste-MG)<\/p>\n<p><strong>WMC1-22 \u2013 L\u00cdNGUAS VIVAS: UMA INTRODU\u00c7\u00c3O AOS CONHECIMENTOS DAS L\u00cdNGUAS DOS POVOS ORIGIN\u00c1RIOS NO BRASIL<br \/>\nMinistrantes:\u00a0<\/strong>Bruna Franchetto (UFRJ), Luciana R. Storto (USP) e Marcus Maia (UFRJ)<\/p>\n<p><strong>WMC1-23 \u2013 FOTOGRAFIA E INTERDISCIPLINARIDADE: O DI\u00c1LOGO ENTRE CI\u00caNCIAS E ARTES DESDE OS PROCESSOS FOTOGR\u00c1FICOS EXPERIMENTAIS AT\u00c9 A FOTOGRAFIA DIGITAL<\/strong><br \/>\n<strong>Ministrante:\u00a0<\/strong>B\u00e1rbara L\u00facia de Almeida (UFJF)<\/p>\n<p><strong>WMC1-25 \u2013 METROLOGIA E DESENVOLVIMENTO SUSTENT\u00c1VEL, AGENDA 2030 ODS (ONU)<br \/>\nMinistrante:\u00a0<\/strong>Luciana e S\u00e1 Alves (INMETRO)<\/p>\n<p><strong>WMC2-26 \u2013 O MUNDO DAS PART\u00cdCULAS ELEMENTARES<br \/>\nMinistrante:\u00a0<\/strong>Farinaldo da Silva Queiroz (UFRN)<\/p>\n<p><strong>WMC2-27 \u2013 APLICA\u00c7\u00d5ES DA ENERGIA NUCLEAR NA SA\u00daDE<br \/>\nMinistrante:\u00a0<\/strong>Silvia Maria Velasques de Oliveira (CNEN)<\/p>\n<p><strong>WMC2-28 \u2013 ESTUDO DE PLANTAS MEDICINAIS COM A\u00c7\u00c3O NO SISTEMA NERVOSO CENTRAL: PASSEANDO ENTRE A QU\u00cdMICA E A FARMACOLOGIA<br \/>\nMinistrantes:<\/strong>\u00a0Silv\u00e2nia Maria Mendes Vasconcelos (UFC), Jackson Roberto Guedes Almeida (UNIVASF) e Kalyne Leal (UFC)<\/p>\n<p><strong>WMC2-29 \u2013 INTRODU\u00c7\u00c3O AO MANEJO DE DADOS EM SA\u00daDE P\u00daBLICA<br \/>\nMinistrantes:\u00a0<\/strong>Milena de Oliveira Sim\u00f5es (UFJF), Eulilian Dias de Freitas (UFJF) e Waneska Alexandra Alves (UFJF)<\/p>\n<p><strong>WMC2-31 \u2013 CI\u00caNCIAS DA COMUNICA\u00c7\u00c3O VS. DESINFODEMIA: ESTRAT\u00c9GIAS DE EDUCA\u00c7\u00c3O PARA AS M\u00cdDIAS<br \/>\nMinistrantes:<\/strong>\u00a0Erivam Morais de Oliveira (ESPM), Guilherme Moreira Fernandes (UFRB) e Alet\u00e9ia Patr\u00edcia de Almeida Selonk (PUCRS)<\/p>\n<p><strong>WMC2-32 \u2013 DIVULGA\u00c7\u00c3O CIENT\u00cdFICA: O DESAFIO DE INCLUIR DIFERENTES P\u00daBLICOS<br \/>\n<\/strong><strong>Ministrantes:\u00a0<\/strong>Di\u00e9len dos Reis Borges Almeida (UFU), B\u00e1rbara Bastos de Lima Duque (UFJF) e S\u00f4nia Miranda de Oliveira (Cefet-MG)<\/p>\n<p><strong>WMC2-34 \u2013 HIST\u00d3RIA ENSINADA SOB ATAQUES: POL\u00cdTICAS P\u00daBLICAS E COTIDIANO DO TRABALHO DOCENTE EM TEMPOS DE NEGACIONISMOS<br \/>\nMinistrantes:\u00a0<\/strong>Sonia Regina Miranda (UFJF), Fabiana Rodrigues de Almeida (UFJF) e Felipe Dias de Oliveira Silva (UNICAMP)<\/p>\n<p><strong>WMC2-35; GRIOTAGENS: FORMA\u00c7\u00c3O DOCENTE AFROPERSPECTIVADA<br \/>\nMinistrante:\u00a0<\/strong>Jussara Alves da Silva (UFJF)<\/p>\n<p><strong>WMC2-36 \u2013 UMA UTOPIA PARA NOSSO TEMPO: TRANSUMANISMO E OUTRAS IDEIAS<br \/>\nMinistrantes:<\/strong>\u00a0Renato Janine Ribeiro (SBPC\/USP) e Alexey Dodsworth Magnavita de Carvalho (USP)<\/p>\n<p><strong>WMC2-37 \u2013 CANNABIS: DIMENS\u00d5ES TERAP\u00caUTICAS E SOCIAIS DE UMA PLANTA PROSCRITA<br \/>\nMinistrantes:\u00a0<\/strong>Paulo Fraga (UFJF) e Rodrigo Pastor (UFOP)<\/p>\n<p><strong>WMC3-38 \u2013 V\u00cdRUS GIGANTES: EXPANDIDO OS LIMITES DA VIROSFERA<br \/>\nMinistrantes:\u00a0<\/strong>Rodrigo Ara\u00fajo Lima Rodrigues (UFOP e UFMG), Paulo Victor de Miranda Boratto (UFMG) e Vict\u00f3ria Fug\u00eancio Queiroz (UFMG)<\/p>\n<p><strong>WMC3-39 \u2013 USO DE JOGOS DID\u00c1TICOS NO ENSINO DE PARASITOLOGIA<br \/>\nMinistrantes:\u00a0<\/strong>Henrique Rocha de Medeiros (UFRN) e Lilian Giotto Zaros de Medeiros (UFRN)<\/p>\n<p><strong>WMC3-40 \u2013 HORM\u00d4NIOS E COMPORTAMENTO<br \/>\nMinistrante:\u00a0<\/strong>Maria Bernardete Cordeiro de Sousa (UFRN)<\/p>\n<p><strong>WMC3-41 \u2013 EMPREENDEDORISMO INOVADOR NA ACADEMIA<br \/>\nMinistrantes:\u00a0<\/strong>D\u00e9bora Marques (UFJF), Leonardo Miranda Frossard (UFJF) e Rafael Aquino (UFJF)<\/p>\n<p><strong>WMC3-42 \u2013 JORNALISMO M\u00d3VEL E MOBILIDADES NO CAMPO DO JORNALISMO<br \/>\nMinistrante:\u00a0<\/strong>Fernando Firmino da Silva (UEPB)<\/p>\n<p><strong>WMC3-43 \u2013 A EMERG\u00caNCIA DO 5\u00ba PODER: QUEM FISCALIZA QUEM TEM TEMPOS DE DESINFORMA\u00c7\u00c3O<br \/>\nMinistrantes:\u00a0<\/strong>Iluska Maria da Silva Coutinho (UFJF), Gustavo Teixeira de Faria Pereira (UFJF) e Ana Paula Goulart de Andrade (PUC-RIO)<\/p>\n<p><strong>WMC3-44 \u2013 INDEPEND\u00caNCIAS E PROJETOS PARA O BRASIL<br \/>\nMinistrantes:\u00a0<\/strong>Christian Edward Cyril Lynch (UERJ), Simone Meucci (UFPR) e Antonio da Silveira Brasil Jr. (UFRJ)<\/p>\n<p><strong>WMC3-45 \u2013 PATRIM\u00d4NIO CULTURAL E RELA\u00c7\u00d5ES INTERNACIONAIS<br \/>\nMinistrante:\u00a0<\/strong>Rodrigo Christofoletti (UFJF)<\/p>\n<p><strong>WMC3-46 \u2013 EDUCA\u00c7\u00c3O NA PRIS\u00c3O \u2013 FORMA\u00c7\u00c3O DE PROFESSORES PARA ATUA\u00c7\u00c3O EM CONTEXTOS DE PRIVA\u00c7\u00c3O DE LIBERDADE<br \/>\nMinistrantes:\u00a0<\/strong>Rog\u00e9ria Martins (UFJF) e Lucas Eduardo Pereira Silva (UFJF)<\/p>\n<p><a href=\"http:\/\/www.jornaldaciencia.org.br\/\"><em>Jornal da Ci\u00eancia<\/em><\/a><\/p>\n","protected":false},"excerpt":{"rendered":"Est\u00e3o abertas as inscri\u00e7\u00f5es e matr\u00edculas do 3\u00ba ciclo de webminicursos da&hellip;\n","protected":false},"author":19,"featured_media":1895,"comment_status":"open","ping_status":"open","sticky":false,"template":"","format":"standard","meta":[],"categories":[1,2],"tags":[],"acf":[],"_links":{"self":[{"href":"https:\/\/revistacienciaecultura.org.br\/index.php?rest_route=\/wp\/v2\/posts\/1894"}],"collection":[{"href":"https:\/\/revistacienciaecultura.org.br\/index.php?rest_route=\/wp\/v2\/posts"}],"about":[{"href":"https:\/\/revistacienciaecultura.org.br\/index.php?rest_route=\/wp\/v2\/types\/post"}],"author":[{"embeddable":true,"href":"https:\/\/revistacienciaecultura.org.br\/index.php?rest_route=\/wp\/v2\/users\/19"}],"replies":[{"embeddable":true,"href":"https:\/\/revistacienciaecultura.org.br\/index.php?rest_route=%2Fwp%2Fv2%2Fcomments&post=1894"}],"version-history":[{"count":1,"href":"https:\/\/revistacienciaecultura.org.br\/index.php?rest_route=\/wp\/v2\/posts\/1894\/revisions"}],"predecessor-version":[{"id":1896,"href":"https:\/\/revistacienciaecultura.org.br\/index.php?rest_route=\/wp\/v2\/posts\/1894\/revisions\/1896"}],"wp:featuredmedia":[{"embeddable":true,"href":"https:\/\/revistacienciaecultura.org.br\/index.php?rest_route=\/wp\/v2\/media\/1895"}],"wp:attachment":[{"href":"https:\/\/revistacienciaecultura.org.br\/index.php?rest_route=%2Fwp%2Fv2%2Fmedia&parent=1894"}],"wp:term":[{"taxonomy":"category","embeddable":true,"href":"https:\/\/revistacienciaecultura.org.br\/index.php?rest_route=%2Fwp%2Fv2%2Fcategories&post=1894"},{"taxonomy":"post_tag","embeddable":true,"href":"https:\/\/revistacienciaecultura.org.br\/index.php?rest_route=%2Fwp%2Fv2%2Ftags&post=1894"}],"curies":[{"name":"wp","href":"https:\/\/api.w.org\/{rel}","templated":true}]}}