{"id":1979,"date":"2022-04-20T09:30:47","date_gmt":"2022-04-20T09:30:47","guid":{"rendered":"https:\/\/revistacienciaecultura.org.br\/?p=1979"},"modified":"2022-04-20T10:40:35","modified_gmt":"2022-04-20T10:40:35","slug":"seminario-da-serie-projeto-para-um-brasil-novo-debatera-meio-ambiente-nesta-quarta-feira","status":"publish","type":"post","link":"https:\/\/revistacienciaecultura.org.br\/?p=1979","title":{"rendered":"Semin\u00e1rio da s\u00e9rie \u201cProjeto para um Brasil Novo\u201d debater\u00e1 meio Ambiente nesta quarta-feira"},"content":{"rendered":"<p>Meio ambiente \u00e9 o tema do sexto semin\u00e1rio da s\u00e9rie \u201cProjeto para um Brasil Novo\u201d que ser\u00e1 realizado nesta quarta-feira, 20 de abril, \u00e0s 16h. O evento comp\u00f5e os 12 semin\u00e1rios tem\u00e1ticos que a Sociedade Brasileira para o Progresso da Ci\u00eancia (SBPC) est\u00e1 realizando para tratar de temas relevantes que contribuam para o desenvolvimento do Pa\u00eds. Entre os assuntos a serem abordados est\u00e3o \u201cDireitos humanos\u201d, \u201cSeguran\u00e7a p\u00fablica\u201d, \u201cMudan\u00e7as clim\u00e1ticas\u201d, \u201cQuest\u00e3o ind\u00edgena\u201d, \u201cDiversidade de g\u00eanero e ra\u00e7a\u201d e \u201cCultura\u201d. O primeiro semin\u00e1rio\u00a0<a href=\"http:\/\/www.jornaldaciencia.org.br\/pacto-com-a-sociedade-para-um-novo-brasil\/\" target=\"_blank\" rel=\"noopener\">debateu \u201cCi\u00eancia, Tecnologia e Inova\u00e7\u00e3o<\/a>\u201d, o\u00a0segundo\u00a0<a href=\"http:\/\/www.jornaldaciencia.org.br\/educacao-basica-e-fundamental-para-a-ciencia-afirmam-especialistas\/\" target=\"_blank\" rel=\"noopener\">\u201cEduca\u00e7\u00e3o b\u00e1sica\u201d<\/a>,\u00a0o terceiro\u00a0<a href=\"http:\/\/www.jornaldaciencia.org.br\/ensino-superior-tem-que-ser-politica-de-estado-dizem-especialistas\/\" target=\"_blank\" rel=\"noopener\">\u201cEduca\u00e7\u00e3o superior\u201d<\/a>, o quarto\u00a0<a href=\"http:\/\/www.jornaldaciencia.org.br\/pos-graduacao-em-questao\/\" target=\"_blank\" rel=\"noopener\">\u201cP\u00f3s-gradua\u00e7\u00e3o\u201d<\/a>\u00a0e o quinto\u00a0<a href=\"http:\/\/www.jornaldaciencia.org.br\/saude-ciencia-e-inovacao-devem-estar-no-centro-de-uma-nova-estrategia-nacional-de-desenvolvimento-afirmam-especialistas\/\" target=\"_blank\" rel=\"noopener\">\u201cSa\u00fade\u201d<\/a>.\u00a0Os eventos online ser\u00e3o transmitidos pelo\u00a0<a href=\"https:\/\/www.youtube.com\/user\/canalsbpc\" target=\"_blank\" rel=\"noopener\">canal da SBPC no YouTube<\/a>.<\/p>\n<p>Com coordena\u00e7\u00e3o de Luciana Gomes Barbosa, professora da Universidade Federal da Para\u00edba (UFPB) e coordenadora do Grupo de Trabalho Meio Ambiente da SBPC, esta sess\u00e3o contar\u00e1 com a participa\u00e7\u00e3o de Jos\u00e9 Rubens Morato Leite, professor titular dos cursos de Gradua\u00e7\u00e3o e P\u00f3s-gradua\u00e7\u00e3o em Direito da Universidade Federal de Santa Catarina (UFSC), Maria Silvia Muylaert de Ara\u00fajo, professora colaboradora do Programa de Planejamento Energ\u00e9tico do Instituto Alberto Luiz Coimbra de P\u00f3s Gradua\u00e7\u00e3o e Pesquisa de Engenharia (Coppe\/UFRJ), e Larissa Bombardi, professora no Departamento de Geografia e no Programa de P\u00f3s-gradua\u00e7\u00e3o em Geografia Humana da Universidade de S\u00e3o Paulo (USP).<\/p>\n<p>Segundo Fernanda Sobral, vice-presidente da SBPC, o objetivo dos eventos \u00e9 engajar a comunidade cient\u00edfica a propor pol\u00edticas p\u00fablicas para os pr\u00f3ximos anos. \u201cA ideia \u00e9 que esses eventos abordem temas relevantes visando \u00e0 elabora\u00e7\u00e3o de um documento com diretrizes e propostas gerais de pol\u00edticas que ser\u00e1 entregue aos candidatos ao Legislativo e ao Executivo da pr\u00f3xima elei\u00e7\u00e3o, durante a 74\u00aa Reuni\u00e3o Anual da SBPC, a ser realizada esse ano na UnB (Universidade de Bras\u00edlia)\u201d, explica. \u201cA ideia \u00e9 n\u00e3o ficarmos apenas na batalha do presente. Mas pensarmos um futuro melhor para nosso pa\u00eds\u201c, diz.<\/p>\n<p><strong>Participe:<\/strong><\/p>\n<p><strong>S\u00e9rie\u00a0Projeto para um novo Brasil \u2013 Semin\u00e1rio\u00a0\u201cMeio ambiente\u201d<\/strong><\/p>\n<p><strong>Dia:<\/strong>\u00a020 de abril<\/p>\n<p><strong>Hor\u00e1rio:<\/strong>\u00a016h<\/p>\n<p><strong>Transmiss\u00e3o:\u00a0<\/strong><a href=\"https:\/\/www.youtube.com\/canalsbpc\" target=\"_blank\" rel=\"noopener\">Canal da SBPC no YouTube<\/a>.<\/p>\n<p><a href=\"http:\/\/www.jornaldaciencia.org.br\/\"><em>Jornal da Ci\u00eancia<\/em><\/a><\/p>\n","protected":false},"excerpt":{"rendered":"Meio ambiente \u00e9 o tema do sexto semin\u00e1rio da s\u00e9rie \u201cProjeto para&hellip;\n","protected":false},"author":19,"featured_media":1980,"comment_status":"open","ping_status":"open","sticky":false,"template":"","format":"standard","meta":[],"categories":[1,2],"tags":[],"acf":[],"_links":{"self":[{"href":"https:\/\/revistacienciaecultura.org.br\/index.php?rest_route=\/wp\/v2\/posts\/1979"}],"collection":[{"href":"https:\/\/revistacienciaecultura.org.br\/index.php?rest_route=\/wp\/v2\/posts"}],"about":[{"href":"https:\/\/revistacienciaecultura.org.br\/index.php?rest_route=\/wp\/v2\/types\/post"}],"author":[{"embeddable":true,"href":"https:\/\/revistacienciaecultura.org.br\/index.php?rest_route=\/wp\/v2\/users\/19"}],"replies":[{"embeddable":true,"href":"https:\/\/revistacienciaecultura.org.br\/index.php?rest_route=%2Fwp%2Fv2%2Fcomments&post=1979"}],"version-history":[{"count":2,"href":"https:\/\/revistacienciaecultura.org.br\/index.php?rest_route=\/wp\/v2\/posts\/1979\/revisions"}],"predecessor-version":[{"id":1982,"href":"https:\/\/revistacienciaecultura.org.br\/index.php?rest_route=\/wp\/v2\/posts\/1979\/revisions\/1982"}],"wp:featuredmedia":[{"embeddable":true,"href":"https:\/\/revistacienciaecultura.org.br\/index.php?rest_route=\/wp\/v2\/media\/1980"}],"wp:attachment":[{"href":"https:\/\/revistacienciaecultura.org.br\/index.php?rest_route=%2Fwp%2Fv2%2Fmedia&parent=1979"}],"wp:term":[{"taxonomy":"category","embeddable":true,"href":"https:\/\/revistacienciaecultura.org.br\/index.php?rest_route=%2Fwp%2Fv2%2Fcategories&post=1979"},{"taxonomy":"post_tag","embeddable":true,"href":"https:\/\/revistacienciaecultura.org.br\/index.php?rest_route=%2Fwp%2Fv2%2Ftags&post=1979"}],"curies":[{"name":"wp","href":"https:\/\/api.w.org\/{rel}","templated":true}]}}