{"id":1991,"date":"2022-04-25T07:00:18","date_gmt":"2022-04-25T07:00:18","guid":{"rendered":"https:\/\/revistacienciaecultura.org.br\/?p=1991"},"modified":"2022-04-22T11:34:33","modified_gmt":"2022-04-22T11:34:33","slug":"e-se-o-brasil-nao-tivesse-ficado-independente","status":"publish","type":"post","link":"https:\/\/revistacienciaecultura.org.br\/?p=1991","title":{"rendered":"E se o Brasil n\u00e3o tivesse ficado independente?"},"content":{"rendered":"<p>E se o Brasil n\u00e3o tivesse ficado independente? N\u00f3s ainda ser\u00edamos uma col\u00f4nia? N\u00f3s ter\u00edamos nos fragmentado em v\u00e1rias prov\u00edncias? Ou ter\u00edamos nos revoltado em algum outro momento? Em um exerc\u00edcio de imagina\u00e7\u00e3o, Renato Janine Ribeiro, professor do Departamento de Hist\u00f3ria da Faculdade de Filosofia, Letras e Ci\u00eancias Humanas (FFLCH) da USP e presidente da Sociedade Brasileira para o Progresso da Ci\u00eancia (SBPC) escreveu seu primeiro romance hist\u00f3rico, em que a fam\u00edlia real brasileira n\u00e3o teria aportado por aqui. Em seu lugar, teria vindo o imperador franc\u00eas Napole\u00e3o Bonaparte. Saiba o que acontece (e o que poderia acontecer) neste epis\u00f3dio do Ci\u00eancia &amp; Cultura Cast!<\/p>\n<p>&nbsp;<\/p>\n<p><iframe loading=\"lazy\" style=\"border-radius:12px\" src=\"https:\/\/open.spotify.com\/embed\/episode\/6Z07djykLe1vJabZZ2eIQI?utm_source=generator\" width=\"100%\" height=\"232\" frameBorder=\"0\" allowfullscreen=\"\" allow=\"autoplay; clipboard-write; encrypted-media; fullscreen; picture-in-picture\"><\/iframe><\/p>\n","protected":false},"excerpt":{"rendered":"E se o Brasil n\u00e3o tivesse ficado independente? N\u00f3s ainda ser\u00edamos uma&hellip;\n","protected":false},"author":19,"featured_media":1993,"comment_status":"open","ping_status":"open","sticky":false,"template":"","format":"audio","meta":[],"categories":[4],"tags":[],"acf":[],"_links":{"self":[{"href":"https:\/\/revistacienciaecultura.org.br\/index.php?rest_route=\/wp\/v2\/posts\/1991"}],"collection":[{"href":"https:\/\/revistacienciaecultura.org.br\/index.php?rest_route=\/wp\/v2\/posts"}],"about":[{"href":"https:\/\/revistacienciaecultura.org.br\/index.php?rest_route=\/wp\/v2\/types\/post"}],"author":[{"embeddable":true,"href":"https:\/\/revistacienciaecultura.org.br\/index.php?rest_route=\/wp\/v2\/users\/19"}],"replies":[{"embeddable":true,"href":"https:\/\/revistacienciaecultura.org.br\/index.php?rest_route=%2Fwp%2Fv2%2Fcomments&post=1991"}],"version-history":[{"count":3,"href":"https:\/\/revistacienciaecultura.org.br\/index.php?rest_route=\/wp\/v2\/posts\/1991\/revisions"}],"predecessor-version":[{"id":1999,"href":"https:\/\/revistacienciaecultura.org.br\/index.php?rest_route=\/wp\/v2\/posts\/1991\/revisions\/1999"}],"wp:featuredmedia":[{"embeddable":true,"href":"https:\/\/revistacienciaecultura.org.br\/index.php?rest_route=\/wp\/v2\/media\/1993"}],"wp:attachment":[{"href":"https:\/\/revistacienciaecultura.org.br\/index.php?rest_route=%2Fwp%2Fv2%2Fmedia&parent=1991"}],"wp:term":[{"taxonomy":"category","embeddable":true,"href":"https:\/\/revistacienciaecultura.org.br\/index.php?rest_route=%2Fwp%2Fv2%2Fcategories&post=1991"},{"taxonomy":"post_tag","embeddable":true,"href":"https:\/\/revistacienciaecultura.org.br\/index.php?rest_route=%2Fwp%2Fv2%2Ftags&post=1991"}],"curies":[{"name":"wp","href":"https:\/\/api.w.org\/{rel}","templated":true}]}}