{"id":1995,"date":"2022-04-22T11:32:57","date_gmt":"2022-04-22T11:32:57","guid":{"rendered":"https:\/\/revistacienciaecultura.org.br\/?p=1995"},"modified":"2022-04-22T11:32:57","modified_gmt":"2022-04-22T11:32:57","slug":"dia-internacional-da-mae-terra-mundo-enfrenta-triplice-crise","status":"publish","type":"post","link":"https:\/\/revistacienciaecultura.org.br\/?p=1995","title":{"rendered":"Dia Internacional da M\u00e3e Terra: Mundo enfrenta  tr\u00edplice crise"},"content":{"rendered":"<p>No Dia Internacional da M\u00e3e Terra, comemorado em 22 de abril, o mundo tem muito pouco o que celebrar. Em mensagem especial para o dia, Ant\u00f3nio Guterres, secret\u00e1rio-geral da <a href=\"https:\/\/www.googleadservices.com\/pagead\/aclk?sa=L&amp;ai=DChcSEwjmxbSWyKf3AhX7QUgAHdYbB7AYABAAGgJjZQ&amp;ae=2&amp;ohost=www.google.com&amp;cid=CAESauD2004sBWEvV54x1U_qSYfbjhGjkGAu3g9gu8Nupt-akKRYU1Npj_IuaptzU1_7vUpACeqgKmXHPvVVuBsiceJKh0LoVI7lWdKz1--vVm44bnZuzXQUiuB11Y1YzgUD-OfcfqpDfC_wZYs&amp;sig=AOD64_0Rtk41emn2c5yXPHSLNiRxm1xmDg&amp;q&amp;adurl&amp;ved=2ahUKEwiK9K2WyKf3AhV_HLkGHRGwDMIQ0Qx6BAgDEAE\">Organiza\u00e7\u00e3o das Na\u00e7\u00f5es Unidas<\/a> (ONU), disse que os humanos t\u00eam sido maus guardi\u00f5es do seu \u201cfr\u00e1gil lar\u201d.<\/p>\n<p>De acordo com Guterres, a Terra enfrenta uma crise planet\u00e1ria tripla: o dist\u00farbio clim\u00e1tico, a perda da natureza e da biodiversidade, e a polui\u00e7\u00e3o o desperd\u00edcio que amea\u00e7am o bem-estar e a sobreviv\u00eancia de milh\u00f5es de pessoas em todo o mundo.<\/p>\n<h3 id=\"clima\"><strong>Clima<\/strong><\/h3>\n<p>O \u00faltimo relat\u00f3rio do <a href=\"https:\/\/www.googleadservices.com\/pagead\/aclk?sa=L&amp;ai=DChcSEwjH_caeyKf3AhWx4FwKHUnuA9EYABAAGgJjZQ&amp;ae=2&amp;ohost=www.google.com&amp;cid=CAESauD2ja5uDWDp_2G3M858iAGxRgtg544FeW170UFxfUz_rnoFvpVy6YySbPxdbzkMWwhqdKYSZfoGHp6PRePmf-ZW-ePMgAmzCD9frknv_wyG4zn2IpOgaupT-B1qnW1ZkrJS5NN7OZEj8tw&amp;sig=AOD64_2rmwgl1zBdsgPEbyuhApVsiOZ4Pw&amp;q&amp;adurl&amp;ved=2ahUKEwjjqL-eyKf3AhUKILkGHXvTBSIQ0Qx6BAgDEAE\">Painel Intergovernamental sobre Mudan\u00e7as Clim\u00e1ticas<\/a>, (IPCC), divulgado no in\u00edcio deste m\u00eas, revelou que as emiss\u00f5es globais m\u00e9dias de gases de efeito estufa atingiram os n\u00edveis mais altos da hist\u00f3ria. A previs\u00e3o \u00e9 que as emiss\u00f5es globais de gases de efeito estufa atinjam o pico entre 2020 e o mais tardar antes de 2025 em modelos que limitam o aquecimento a 1,5\u00b0C ou 2\u00b0C. Se n\u00e3o houver um refor\u00e7o de \u00a0pol\u00edticas, al\u00e9m das que foram sendo implementadas at\u00e9 o final de 2020, as emiss\u00f5es devem aumentar al\u00e9m de 2025. A situa\u00e7\u00e3o causar\u00e1 um aquecimento global m\u00e9dio de 3,2 \u00b0C at\u00e9 2100.<\/p>\n<p>O relat\u00f3rio aponta ainda uma imensa diferen\u00e7a regional e social entre as emiss\u00f5es:\u00a010% dos lares do mundo respondem por 35% a 45% das emiss\u00f5es de gases de efeito estufa, e 50% dos lares responde por 13% a 15% desse total. Os pa\u00edses mais pobres do mundo e as na\u00e7\u00f5es-ilhas, as principais v\u00edtimas dos impactos clim\u00e1ticos, contribu\u00edram com menos de 4% das emiss\u00f5es do mundo em 2019.<\/p>\n<h3 id=\"perda-da-natureza-e-da-biodiversidade\"><strong>Perda da natureza e da biodiversidade<\/strong><\/h3>\n<p>A ONU calcula que a perda anual de florestas equivale a \u00a04,7 milh\u00f5es de hectares, uma \u00e1rea maior que a Dinamarca. A organiza\u00e7\u00e3o estima que um milh\u00e3o de esp\u00e9cies animais e vegetais estejam amea\u00e7adas de extin\u00e7\u00e3o.<\/p>\n<p>No Brasil, o desmatamento na Amaz\u00f4nia nos tr\u00eas primeiros meses de 2022 \u00e9 o segundo pior em 15 anos. De janeiro a mar\u00e7o, a floresta perdeu uma \u00e1rea equivalente \u00e0 metade da cidade do Rio de Janeiro, de acordo com o <a href=\"https:\/\/imazon.org.br\/\">Instituto do Homem e Meio Ambiente da Amaz\u00f4nia<\/a> (Imazon).<\/p>\n<h3 id=\"poluicao\"><strong>Polui\u00e7\u00e3o<\/strong><\/h3>\n<p>A ONU tamb\u00e9m enfatiza o fim do uso de combust\u00edvel com chumbo e de combust\u00edveis f\u00f3sseis.\u00a0Relat\u00f3rio divulgado pela <a href=\"https:\/\/www.paho.org\/pt\/brasil\">Organiza\u00e7\u00e3o Mundial da Sa\u00fade<\/a> (OMS) no in\u00edcio deste m\u00eas revelou que quase toda a popula\u00e7\u00e3o global, aproximadamente 99%, respira ar fora da qualidade recomendada pela ag\u00eancia, o que \u00e9 uma amea\u00e7a \u00e0 sa\u00fade mundial.<\/p>\n<p>Al\u00e9m disso, a ag\u00eancia alerta para a amea\u00e7a da polui\u00e7\u00e3o pl\u00e1stica. Segundo relat\u00f3rio do <a href=\"https:\/\/news.un.org\/pt\/tags\/pnuma\">Programa das Na\u00e7\u00f5es Unidas para o Meio Ambiente<\/a> (Pnuma), a produ\u00e7\u00e3o de pl\u00e1stico aumentou, exponencialmente, nas \u00faltimas d\u00e9cadas e agora chega a cerca de 400 milh\u00f5es de toneladas por ano, um volume que deve dobrar at\u00e9 2040.<\/p>\n<h3 id=\"esperanca\"><strong>Esperan\u00e7a<\/strong><\/h3>\n<p>No entanto, chefe da ONU aponta que ainda h\u00e1 esperan\u00e7a. Ele explica que cinquenta anos atr\u00e1s, o mundo se uniu para a Confer\u00eancia de Estocolmo para dar in\u00edcio ao movimento ambiental global.\u00a0 Entre os resultados est\u00e3o o encolhimento do buraco na camada de ozono, o alargamento das prote\u00e7\u00f5es para a vida selvagem e os ecossistemas.\u00a0Por\u00e9m, considera que mais a\u00e7\u00f5es precisam ser tomadas com maior rapidez, especialmente para evitar uma cat\u00e1strofe.<\/p>\n<ul>\n<li><em>Com informa\u00e7\u00f5es da ONU<\/em><\/li>\n<\/ul>\n<p>&nbsp;<\/p>\n<h6 id=\"imagem-freepik-com\">Imagem: <a href=\"https:\/\/www.freepik.com\/free-photo\/waterfal-iguazu-national-park-cataratas-argentina_13006391.htm#query=brazil&amp;position=13&amp;from_view=search\">Freepik.com<\/a><\/h6>\n","protected":false},"excerpt":{"rendered":"No Dia Internacional da M\u00e3e Terra, comemorado em 22 de abril, o&hellip;\n","protected":false},"author":19,"featured_media":1996,"comment_status":"open","ping_status":"open","sticky":false,"template":"","format":"standard","meta":[],"categories":[1,2],"tags":[],"acf":[],"_links":{"self":[{"href":"https:\/\/revistacienciaecultura.org.br\/index.php?rest_route=\/wp\/v2\/posts\/1995"}],"collection":[{"href":"https:\/\/revistacienciaecultura.org.br\/index.php?rest_route=\/wp\/v2\/posts"}],"about":[{"href":"https:\/\/revistacienciaecultura.org.br\/index.php?rest_route=\/wp\/v2\/types\/post"}],"author":[{"embeddable":true,"href":"https:\/\/revistacienciaecultura.org.br\/index.php?rest_route=\/wp\/v2\/users\/19"}],"replies":[{"embeddable":true,"href":"https:\/\/revistacienciaecultura.org.br\/index.php?rest_route=%2Fwp%2Fv2%2Fcomments&post=1995"}],"version-history":[{"count":1,"href":"https:\/\/revistacienciaecultura.org.br\/index.php?rest_route=\/wp\/v2\/posts\/1995\/revisions"}],"predecessor-version":[{"id":1997,"href":"https:\/\/revistacienciaecultura.org.br\/index.php?rest_route=\/wp\/v2\/posts\/1995\/revisions\/1997"}],"wp:featuredmedia":[{"embeddable":true,"href":"https:\/\/revistacienciaecultura.org.br\/index.php?rest_route=\/wp\/v2\/media\/1996"}],"wp:attachment":[{"href":"https:\/\/revistacienciaecultura.org.br\/index.php?rest_route=%2Fwp%2Fv2%2Fmedia&parent=1995"}],"wp:term":[{"taxonomy":"category","embeddable":true,"href":"https:\/\/revistacienciaecultura.org.br\/index.php?rest_route=%2Fwp%2Fv2%2Fcategories&post=1995"},{"taxonomy":"post_tag","embeddable":true,"href":"https:\/\/revistacienciaecultura.org.br\/index.php?rest_route=%2Fwp%2Fv2%2Ftags&post=1995"}],"curies":[{"name":"wp","href":"https:\/\/api.w.org\/{rel}","templated":true}]}}