{"id":2016,"date":"2022-04-25T11:37:56","date_gmt":"2022-04-25T11:37:56","guid":{"rendered":"https:\/\/revistacienciaecultura.org.br\/?p=2016"},"modified":"2022-04-25T11:37:56","modified_gmt":"2022-04-25T11:37:56","slug":"banco-de-dados-reune-cerca-de-15-mil-referencias-sobre-a-independencia-do-brasil","status":"publish","type":"post","link":"https:\/\/revistacienciaecultura.org.br\/?p=2016","title":{"rendered":"Banco de dados re\u00fane cerca de 15 mil refer\u00eancias sobre a Independ\u00eancia do Brasil"},"content":{"rendered":"<p>Cerca de 15 mil refer\u00eancias sobre a Independ\u00eancia do Brasil e tamb\u00e9m sobre o contexto da \u00e9poca. Esse \u00e9 o resultado de um levantamento realizado pelos historiadores Jo\u00e3o Paulo Pimenta e C\u00e9sar Augusto Atti, que vai se transformar na Bibliografia da Independ\u00eancia. Iniciado h\u00e1 oito anos, a ideia \u00e9 que o reposit\u00f3rio de fontes esteja dispon\u00edvel ao p\u00fablico no segundo semestre deste ano.<\/p>\n<p>O levantamento inclui refer\u00eancias de livros, artigos de imprensa e de peri\u00f3dicos acad\u00eamicos, teses e disserta\u00e7\u00f5es, al\u00e9m de verbetes de enciclop\u00e9dias e dicion\u00e1rios publicados entre 1832 e 2021. A maioria dos documentos est\u00e1 portugu\u00eas, mas h\u00e1 tamb\u00e9m textos em ingl\u00eas, espanhol, franc\u00eas, italiano, alem\u00e3o, russo e sueco. O trabalho chamou a aten\u00e7\u00e3o de outros especialistas, que se uniram para colaborar com o projeto. Hoje a equipe conta com cinco estudantes de gradua\u00e7\u00e3o e p\u00f3s-gradua\u00e7\u00e3o em hist\u00f3ria da USP, Unifesp e Universidade Federal do Maranh\u00e3o (UFMA).<\/p>\n<p>H\u00e1 cerca de um ano o banco de dados come\u00e7ou a ser montado e deve ser abrigado em um site que tamb\u00e9m est\u00e1 sendo desenvolvido pela equipe. <em>As refer\u00eancias s\u00e3o classificadas com base em dois tipos de descritores: os espaciais e os tem\u00e1ticos. O material tamb\u00e9m foi elencado em <\/em>um conjunto de pelo menos 42 temas. Assim o pesquisador pode chegar mais facilmente ao material que procura por interm\u00e9dio de palavras-chave.<\/p>\n<p><em>* Com informa\u00e7\u00f5es da Revista Fapesp<\/em><\/p>\n<p>&nbsp;<\/p>\n<h6 id=\"imagem-de-capa-o-livro-grandes-vultos-da-independencia-brasileira-de-1922-reproducao\">Imagem de capa: O livro\u00a0<em>Grandes vultos da Independ\u00eancia brasileira<\/em>, de 1922, Reprodu\u00e7\u00e3o<\/h6>\n","protected":false},"excerpt":{"rendered":"Cerca de 15 mil refer\u00eancias sobre a Independ\u00eancia do Brasil e tamb\u00e9m&hellip;\n","protected":false},"author":19,"featured_media":2017,"comment_status":"open","ping_status":"open","sticky":false,"template":"","format":"standard","meta":[],"categories":[1,2],"tags":[],"acf":[],"_links":{"self":[{"href":"https:\/\/revistacienciaecultura.org.br\/index.php?rest_route=\/wp\/v2\/posts\/2016"}],"collection":[{"href":"https:\/\/revistacienciaecultura.org.br\/index.php?rest_route=\/wp\/v2\/posts"}],"about":[{"href":"https:\/\/revistacienciaecultura.org.br\/index.php?rest_route=\/wp\/v2\/types\/post"}],"author":[{"embeddable":true,"href":"https:\/\/revistacienciaecultura.org.br\/index.php?rest_route=\/wp\/v2\/users\/19"}],"replies":[{"embeddable":true,"href":"https:\/\/revistacienciaecultura.org.br\/index.php?rest_route=%2Fwp%2Fv2%2Fcomments&post=2016"}],"version-history":[{"count":1,"href":"https:\/\/revistacienciaecultura.org.br\/index.php?rest_route=\/wp\/v2\/posts\/2016\/revisions"}],"predecessor-version":[{"id":2018,"href":"https:\/\/revistacienciaecultura.org.br\/index.php?rest_route=\/wp\/v2\/posts\/2016\/revisions\/2018"}],"wp:featuredmedia":[{"embeddable":true,"href":"https:\/\/revistacienciaecultura.org.br\/index.php?rest_route=\/wp\/v2\/media\/2017"}],"wp:attachment":[{"href":"https:\/\/revistacienciaecultura.org.br\/index.php?rest_route=%2Fwp%2Fv2%2Fmedia&parent=2016"}],"wp:term":[{"taxonomy":"category","embeddable":true,"href":"https:\/\/revistacienciaecultura.org.br\/index.php?rest_route=%2Fwp%2Fv2%2Fcategories&post=2016"},{"taxonomy":"post_tag","embeddable":true,"href":"https:\/\/revistacienciaecultura.org.br\/index.php?rest_route=%2Fwp%2Fv2%2Ftags&post=2016"}],"curies":[{"name":"wp","href":"https:\/\/api.w.org\/{rel}","templated":true}]}}