{"id":2058,"date":"2022-05-02T11:25:47","date_gmt":"2022-05-02T11:25:47","guid":{"rendered":"https:\/\/revistacienciaecultura.org.br\/?p=2058"},"modified":"2022-05-02T11:25:47","modified_gmt":"2022-05-02T11:25:47","slug":"falta-de-comunicacao-aumenta-hesitacao-sobre-as-vacinas-anti-covid","status":"publish","type":"post","link":"https:\/\/revistacienciaecultura.org.br\/?p=2058","title":{"rendered":"Falta de comunica\u00e7\u00e3o aumenta hesita\u00e7\u00e3o sobre as vacinas anti-covid"},"content":{"rendered":"<p>Apesar da pandemia da covid-19 finalmente parecer sob controle, a imuniza\u00e7\u00e3o contra o Sars-Cov-2 ainda est\u00e1 muito longe do ideal \u2014 especialmente na Am\u00e9rica Latina. Na maioria dos pa\u00edses da regi\u00e3o h\u00e1 um n\u00famero significativo de pessoas que n\u00e3o recebeu o calend\u00e1rio completo de vacina\u00e7\u00e3o, e a hesita\u00e7\u00e3o em se imunizar est\u00e1 relacionada em grande parte \u00e0 falta (ou m\u00e1) comunica\u00e7\u00e3o dos governos.<\/p>\n<p>Segundo dados da plataforma Statista, at\u00e9 20 de abril, apenas dez pa\u00edses da regi\u00e3o atingiram a meta recomendada pela Organiza\u00e7\u00e3o Mundial da Sa\u00fade (OMS) de vacinar 70% da popula\u00e7\u00e3o: Chile, Cuba, Uruguai, Argentina, Peru, Costa Rica, Equador, Aruba, Brasil e Bermudas. No extremo oposto est\u00e3o Jamaica e Guatemala, abaixo de 35% da popula\u00e7\u00e3o com esquema completo.<\/p>\n<p>Problemas na distribui\u00e7\u00e3o e log\u00edstica das doses s\u00e3o apenas parte do motivo do baixo \u00edndice. Outra grande raz\u00e3o para este n\u00famero permanecer baixo \u00e9 a \u201chesita\u00e7\u00e3o vacinal\u201d, descrita pela <a href=\"https:\/\/www.googleadservices.com\/pagead\/aclk?sa=L&amp;ai=DChcSEwisv9Dr2cD3AhUDxpEKHbFFCnAYABAAGgJjZQ&amp;ae=2&amp;ohost=www.google.com&amp;cid=CAESauD2qxJbX_kznMKceFcq3_WdPnj0SrTiEahMfWPrndUeJ31Vs-WvIYN_Ntafus4yt_XWSVEO4JniFwIB37sG-06JwC5VRkg-0Xx7DQzJt2e6_0H9ppScvvdO-2iIGyGHHmsEpyA9Ll93l2c&amp;sig=AOD64_0Kl4EaqMaNalObVcRJKGXRcyCJSQ&amp;q&amp;adurl&amp;ved=2ahUKEwiS5Mnr2cD3AhXDELkGHbCwAoAQ0Qx6BAgEEAE\">Organiza\u00e7\u00e3o Mundial da Sa\u00fade (OMS)<\/a> como \u201ca relut\u00e2ncia ou recusa da vacina\u00e7\u00e3o apesar da disponibilidade de vacinas\u201d. O relat\u00f3rio \u201c<a href=\"https:\/\/www.interacademies.org\/sites\/default\/files\/2022-04\/Countering%20COVID-19%20Vaccine%20Hesitancy%20final.pdf\">Countering COVID-19 Vaccine Hesitancy<\/a>\u201d, publicado no dia 26 de abril pela <a href=\"https:\/\/www.interacademies.org\/\">InterAcademy Partnership (IAP)<\/a>, destaca as quest\u00f5es sociopol\u00edticas e psicol\u00f3gicas em torno desta hesita\u00e7\u00e3o.<\/p>\n<p>O relat\u00f3rio afirma que, para melhorar as taxas de imuniza\u00e7\u00e3o contra a covid-19, s\u00e3o essenciais sistemas de vigil\u00e2ncia para monitorar quaisquer eventos adversos das vacinas, al\u00e9m de informa\u00e7\u00f5es transparentes, confi\u00e1veis, livres de termos de dif\u00edcil compreens\u00e3o e politiza\u00e7\u00e3o. Al\u00e9m disso, recomenda que os comunicadores de ci\u00eancia se envolvam em discuss\u00f5es abertas com minorias e outras comunidades marginalizadas e estejam preparados com informa\u00e7\u00f5es para responder \u00e0s rea\u00e7\u00f5es do p\u00fablico.<\/p>\n<h3 id=\"comunicacao-deficiente\"><strong>Comunica\u00e7\u00e3o deficiente<\/strong><\/h3>\n<p>No entanto, na Am\u00e9rica Latina e no Caribe a comunica\u00e7\u00e3o acerca da necessidade e da import\u00e2ncia da imuniza\u00e7\u00e3o tem sido deficiente. Um dos pontos levantados pelos pr\u00f3prios divulgadores cient\u00edficos \u00e9 que na maioria desses pa\u00edses n\u00e3o houve campanhas para resolver as d\u00favidas ou equ\u00edvocos em torno da vacina\u00e7\u00e3o. As poucas campanhas existentes foram muito gerais e n\u00e3o se destinavam \u00e0s necessidades ou \u00e0 compreens\u00e3o da popula\u00e7\u00e3o, indicando que os governos locais n\u00e3o tinham estrat\u00e9gias espec\u00edficas para lidar com o assunto.<\/p>\n<p>O relat\u00f3rio do IAP recomenda que a melhor maneira de responder \u00e0 indecis\u00e3o entre grupos vulner\u00e1veis \u200b\u200b\u00e9 uma comunica\u00e7\u00e3o eficaz, clara, emp\u00e1tica e sens\u00edvel \u00e0 situa\u00e7\u00e3o que cada grupo est\u00e1 vivenciando. No entanto, o que se observou na regi\u00e3o foi um trabalho de m\u00eddia alternativa e iniciativas locais, e n\u00e3o uma estrat\u00e9gia oficial dos Estados.<\/p>\n<p><em>* Com informa\u00e7\u00f5es do <a href=\"https:\/\/www.scidev.net\/\">SciDev.Net<\/a><\/em><\/p>\n<p>&nbsp;<\/p>\n<h6 id=\"imagem-por-freepik-com\"><a href=\"https:\/\/www.freepik.com\/free-photo\/woman-getting-vaccine-shot-by-doctor_14833586.htm#query=vaccine&amp;position=9&amp;from_view=search\">Imagem por Freepik.com<\/a><\/h6>\n","protected":false},"excerpt":{"rendered":"Apesar da pandemia da covid-19 finalmente parecer sob controle, a imuniza\u00e7\u00e3o contra&hellip;\n","protected":false},"author":19,"featured_media":2059,"comment_status":"open","ping_status":"open","sticky":false,"template":"","format":"standard","meta":[],"categories":[1,2],"tags":[],"acf":[],"_links":{"self":[{"href":"https:\/\/revistacienciaecultura.org.br\/index.php?rest_route=\/wp\/v2\/posts\/2058"}],"collection":[{"href":"https:\/\/revistacienciaecultura.org.br\/index.php?rest_route=\/wp\/v2\/posts"}],"about":[{"href":"https:\/\/revistacienciaecultura.org.br\/index.php?rest_route=\/wp\/v2\/types\/post"}],"author":[{"embeddable":true,"href":"https:\/\/revistacienciaecultura.org.br\/index.php?rest_route=\/wp\/v2\/users\/19"}],"replies":[{"embeddable":true,"href":"https:\/\/revistacienciaecultura.org.br\/index.php?rest_route=%2Fwp%2Fv2%2Fcomments&post=2058"}],"version-history":[{"count":1,"href":"https:\/\/revistacienciaecultura.org.br\/index.php?rest_route=\/wp\/v2\/posts\/2058\/revisions"}],"predecessor-version":[{"id":2060,"href":"https:\/\/revistacienciaecultura.org.br\/index.php?rest_route=\/wp\/v2\/posts\/2058\/revisions\/2060"}],"wp:featuredmedia":[{"embeddable":true,"href":"https:\/\/revistacienciaecultura.org.br\/index.php?rest_route=\/wp\/v2\/media\/2059"}],"wp:attachment":[{"href":"https:\/\/revistacienciaecultura.org.br\/index.php?rest_route=%2Fwp%2Fv2%2Fmedia&parent=2058"}],"wp:term":[{"taxonomy":"category","embeddable":true,"href":"https:\/\/revistacienciaecultura.org.br\/index.php?rest_route=%2Fwp%2Fv2%2Fcategories&post=2058"},{"taxonomy":"post_tag","embeddable":true,"href":"https:\/\/revistacienciaecultura.org.br\/index.php?rest_route=%2Fwp%2Fv2%2Ftags&post=2058"}],"curies":[{"name":"wp","href":"https:\/\/api.w.org\/{rel}","templated":true}]}}