{"id":2111,"date":"2022-05-06T10:40:11","date_gmt":"2022-05-06T10:40:11","guid":{"rendered":"https:\/\/revistacienciaecultura.org.br\/?p=2111"},"modified":"2022-05-06T10:40:11","modified_gmt":"2022-05-06T10:40:11","slug":"74a-reuniao-anual-da-sbpc-esta-com-inscricoes-abertas","status":"publish","type":"post","link":"https:\/\/revistacienciaecultura.org.br\/?p=2111","title":{"rendered":"74\u00aa Reuni\u00e3o Anual da SBPC est\u00e1 com inscri\u00e7\u00f5es abertas"},"content":{"rendered":"<p>A 74\u00aa Reuni\u00e3o Anual da Sociedade Brasileira para o Progresso da Ci\u00eancia (SBPC) est\u00e1 com inscri\u00e7\u00f5es abertas. O evento ser\u00e1 realizado de 24 a 30 de julho e ter\u00e1 como tema \u201cCi\u00eancia, independ\u00eancia e soberania nacional\u201d, em alus\u00e3o ao ano que marca o bicenten\u00e1rio da Independ\u00eancia do Brasil e o centen\u00e1rio da Semana de Arte Moderna. Esta edi\u00e7\u00e3o acontecer\u00e1 de forma h\u00edbrida, com atividades virtuais e presenciais, nos quatro campi da Universidade de Bras\u00edlia (UnB): Darcy Ribeiro, Ceil\u00e2ndia, Gama e Planaltina.<\/p>\n<p>A realiza\u00e7\u00e3o da 74\u00aa RA na UnB \u00e9 uma das grandes atividades da universidade, \u00e0 qual se une a SBPC, para a comemora\u00e7\u00e3o de seus 60 anos. O evento \u00e9 aberto a todos.<\/p>\n<p>Com confer\u00eancias, mesas-redondas, WEBMinicursos, pain\u00e9is e sess\u00f5es de bate-papo, a programa\u00e7\u00e3o foi preparada com o objetivo de levar aos participantes um panorama amplo do que melhor se faz em ci\u00eancia no Brasil. Entre os temas que ser\u00e3o debatidos nas confer\u00eancias est\u00e3o \u201cA literatura inspirada em estruturas matem\u00e1ticas\u201d, \u201cA luta pela opini\u00e3o no processo de independ\u00eancia\u201d, \u201cA vis\u00e3o da ci\u00eancia no enfrentamento da pandemia e o futuro da sa\u00fade no brasil\u201d, entre outros.<\/p>\n<p>Entre alguns dos assuntos discutidos nas mesas-redondas est\u00e3o \u201cDarcy Ribeiro e as universidades\u201d, \u201cDoen\u00e7as raras no Brasil\u201d, \u201cEduca\u00e7\u00e3o fundamental\u201d, \u201cAntes e o depois da BNCC\u201d, \u201cIntelig\u00eancia artificial e jornalismo\u201d, entre outros.<\/p>\n<p>\u201c60 anos da UnB e suas lutas\u201d, \u201cO caso Cancelier\u201d, \u201c40 anos do Proantar\u201d s\u00e3o alguns dos temas das sess\u00f5es especiais.<\/p>\n<p>O evento contar\u00e1 tamb\u00e9m com atra\u00e7\u00f5es como a SBPC Jovem (exposi\u00e7\u00e3o voltada para estudantes do ensino b\u00e1sico e p\u00fablico em geral), a ExpoT&amp;C (mostra de ci\u00eancia e tecnologia), a SBPC Cultural (apresenta\u00e7\u00e3o de atividades art\u00edsticas regionais e discuss\u00f5es sobre temas relacionados \u00e0s artes e \u00e0 cultura), al\u00e9m da SBPC Afro e Ind\u00edgena, SBPC Educa\u00e7\u00e3o e a SBPC Inova\u00e7\u00e3o. De forma experimental, a SBPC levar\u00e1 \u00e0 UnB atividades do programa SBPC vai \u00e0 Escola, destinadas aos estudantes e professores da educa\u00e7\u00e3o b\u00e1sica.<\/p>\n<p>O evento se encerra com o Dia da Fam\u00edlia na Ci\u00eancia, em um s\u00e1bado dedicado \u00e0 integra\u00e7\u00e3o entre cultura, ci\u00eancia e recrea\u00e7\u00e3o para crian\u00e7as, jovens e seus familiares.<\/p>\n<p>Confira a programa\u00e7\u00e3o neste link e participe!<\/p>\n<p>Mais informa\u00e7\u00f5es sobre o evento est\u00e3o dispon\u00edveis no site: <a href=\"https:\/\/ra.sbpcnet.org.br\/74RA\/\">https:\/\/ra.sbpcnet.org.br\/74RA\/<\/a><\/p>\n<p><a href=\"http:\/\/www.jornaldaciencia.org.br\/\">Jornal da Ci\u00eancia<\/a><\/p>\n","protected":false},"excerpt":{"rendered":"A 74\u00aa Reuni\u00e3o Anual da Sociedade Brasileira para o Progresso da Ci\u00eancia&hellip;\n","protected":false},"author":19,"featured_media":2054,"comment_status":"open","ping_status":"open","sticky":false,"template":"","format":"standard","meta":[],"categories":[1,2],"tags":[],"acf":[],"_links":{"self":[{"href":"https:\/\/revistacienciaecultura.org.br\/index.php?rest_route=\/wp\/v2\/posts\/2111"}],"collection":[{"href":"https:\/\/revistacienciaecultura.org.br\/index.php?rest_route=\/wp\/v2\/posts"}],"about":[{"href":"https:\/\/revistacienciaecultura.org.br\/index.php?rest_route=\/wp\/v2\/types\/post"}],"author":[{"embeddable":true,"href":"https:\/\/revistacienciaecultura.org.br\/index.php?rest_route=\/wp\/v2\/users\/19"}],"replies":[{"embeddable":true,"href":"https:\/\/revistacienciaecultura.org.br\/index.php?rest_route=%2Fwp%2Fv2%2Fcomments&post=2111"}],"version-history":[{"count":1,"href":"https:\/\/revistacienciaecultura.org.br\/index.php?rest_route=\/wp\/v2\/posts\/2111\/revisions"}],"predecessor-version":[{"id":2112,"href":"https:\/\/revistacienciaecultura.org.br\/index.php?rest_route=\/wp\/v2\/posts\/2111\/revisions\/2112"}],"wp:featuredmedia":[{"embeddable":true,"href":"https:\/\/revistacienciaecultura.org.br\/index.php?rest_route=\/wp\/v2\/media\/2054"}],"wp:attachment":[{"href":"https:\/\/revistacienciaecultura.org.br\/index.php?rest_route=%2Fwp%2Fv2%2Fmedia&parent=2111"}],"wp:term":[{"taxonomy":"category","embeddable":true,"href":"https:\/\/revistacienciaecultura.org.br\/index.php?rest_route=%2Fwp%2Fv2%2Fcategories&post=2111"},{"taxonomy":"post_tag","embeddable":true,"href":"https:\/\/revistacienciaecultura.org.br\/index.php?rest_route=%2Fwp%2Fv2%2Ftags&post=2111"}],"curies":[{"name":"wp","href":"https:\/\/api.w.org\/{rel}","templated":true}]}}