{"id":2122,"date":"2022-05-11T11:19:29","date_gmt":"2022-05-11T11:19:29","guid":{"rendered":"https:\/\/revistacienciaecultura.org.br\/?p=2122"},"modified":"2022-05-11T11:19:29","modified_gmt":"2022-05-11T11:19:29","slug":"seminario-da-serie-projeto-para-um-brasil-novo-debatera-seguranca-publica-nesta-quarta-feira","status":"publish","type":"post","link":"https:\/\/revistacienciaecultura.org.br\/?p=2122","title":{"rendered":"Semin\u00e1rio da s\u00e9rie \u201cProjeto para um Brasil Novo\u201d debater\u00e1 seguran\u00e7a p\u00fablica nesta quarta-feira"},"content":{"rendered":"<p>A Sociedade Brasileira para o Progresso da Ci\u00eancia (SBPC) realiza nesta quarta-feira, dia 11 de maio, \u00e0s 16h, a oitava sess\u00e3o dos semin\u00e1rios \u201cProjeto para um Brasil Novo\u201d.\u00a0O tema do debate online \u00e9\u00a0<strong>Seguran\u00e7a P\u00fablica<\/strong>\u00a0e ser\u00e1 transmitido pelo\u00a0<a href=\"https:\/\/www.youtube.com\/user\/canalsbpc\" target=\"_blank\" rel=\"noopener\">canal da SBPC no YouTube<\/a>.<\/p>\n<p>A discuss\u00e3o ser\u00e1 coordenada por Renato Sergio de Lima, diretor-presidente do F\u00f3rum Brasileiro de Seguran\u00e7a P\u00fablica e professor do Departamento de Gest\u00e3o P\u00fablica da Escola de Administra\u00e7\u00e3o de Empresas de S\u00e3o Paulo da Funda\u00e7\u00e3o Getulio Vargas (FGV\/SP). Como debatedores, o evento contar\u00e1 com a participa\u00e7\u00e3o de Arthur Trindade Maranh\u00e3o Costa, diretor do Instituto de Ci\u00eancias Sociais da Universidade de Bras\u00edlia (UnB) e coordenador do N\u00facleo de Estudos sobre Viol\u00eancia e Seguran\u00e7a (NEVIS\/UnB); Flavia Medeiros Santos, professora adjunta do Departamento de Antropologia e do Programa de P\u00f3s-gradua\u00e7\u00e3o em Antropologia Social da Universidade Federal de Santa Catarina (UFSC); Jacqueline de Oliveira Muniz, professora adjunta do Departamento de Seguran\u00e7a P\u00fablica e do Mestrado de Justi\u00e7a e Seguran\u00e7a P\u00fablica (DSP), Instituto de Estudos Comparados em Administra\u00e7\u00e3o de Conflitos (IAC) da\u00a0 Universidade Federal Fluminense (UFF); e Jos\u00e9 Vicente Tavares dos Santos, professor titular do Departamento e do Programa de P\u00f3s-gradua\u00e7\u00e3o em Sociologia aposentado da Universidade Federal do Rio Grande do Sul (UFRGS).<\/p>\n<p>O evento \u00e9 parte de 12 semin\u00e1rios tem\u00e1ticos que a SBPC realiza neste primeiro semestre de 2022 para tratar de temas relevantes que contribuam para o desenvolvimento do Pa\u00eds. Entre os assuntos a serem abordados, est\u00e3o \u201cMudan\u00e7as clim\u00e1ticas\u201d, \u201cQuest\u00e3o ind\u00edgena\u201d, \u201cDiversidade de g\u00eanero e ra\u00e7a\u201d e \u201cCultura\u201d. O primeiro semin\u00e1rio debateu\u00a0<a href=\"http:\/\/www.jornaldaciencia.org.br\/pacto-com-a-sociedade-para-um-novo-brasil\/\" target=\"_blank\" rel=\"noopener\">\u201cCi\u00eancia, Tecnologia e Inova\u00e7\u00e3o<\/a>\u201d, o\u00a0segundo,\u00a0<a href=\"http:\/\/www.jornaldaciencia.org.br\/educacao-basica-e-fundamental-para-a-ciencia-afirmam-especialistas\/\" target=\"_blank\" rel=\"noopener\">\u201cEduca\u00e7\u00e3o b\u00e1sica\u201d<\/a>,\u00a0o terceiro,\u00a0<a href=\"http:\/\/www.jornaldaciencia.org.br\/ensino-superior-tem-que-ser-politica-de-estado-dizem-especialistas\/\" target=\"_blank\" rel=\"noopener\">\u201cEduca\u00e7\u00e3o superior\u201d<\/a>, o quarto,\u00a0<a href=\"http:\/\/www.jornaldaciencia.org.br\/pos-graduacao-em-questao\/\" target=\"_blank\" rel=\"noopener\">\u201cP\u00f3s-gradua\u00e7\u00e3o\u201d<\/a>; o quinto tratou do tema\u00a0<a href=\"http:\/\/www.jornaldaciencia.org.br\/saude-ciencia-e-inovacao-devem-estar-no-centro-de-uma-nova-estrategia-nacional-de-desenvolvimento-afirmam-especialistas\/\" target=\"_blank\" rel=\"noopener\">\u201cSa\u00fade\u201d<\/a>, o sexto discutiu quest\u00f5es de\u00a0<a href=\"http:\/\/www.jornaldaciencia.org.br\/o-desafio-de-enfrentar-as-mudancas-climaticas\/\" target=\"_blank\" rel=\"noopener\">\u201cMeio Ambiente\u201d<\/a>, e o s\u00e9timo,\u00a0<a href=\"https:\/\/www.youtube.com\/watch?v=PUHBqdEez18\" target=\"_blank\" rel=\"noopener\">\u201cDireitos Humanos\u201d.<\/a><\/p>\n<p>Segundo Fernanda Sobral, vice-presidente da SBPC e organizadora da s\u00e9rie, o objetivo dos eventos \u00e9 engajar a comunidade cient\u00edfica a propor pol\u00edticas p\u00fablicas para os pr\u00f3ximos anos. \u201cA ideia \u00e9 que esses eventos abordem temas relevantes visando \u00e0 elabora\u00e7\u00e3o de um documento com diretrizes e propostas gerais de pol\u00edticas que ser\u00e1 entregue aos candidatos ao Legislativo e ao Executivo da pr\u00f3xima elei\u00e7\u00e3o, durante a 74\u00aa Reuni\u00e3o Anual da SBPC, a ser realizada neste ano na UnB (Universidade de Bras\u00edlia)\u201d, explica. \u201cA inten\u00e7\u00e3o \u00e9 n\u00e3o ficarmos apenas na batalha do presente, mas pensarmos um futuro melhor para nosso pa\u00eds\u201c, diz.<\/p>\n<p><strong>Participe:<\/strong><\/p>\n<p><strong>S\u00e9rie\u00a0Projeto para um novo Brasil \u2013 Semin\u00e1rio\u00a0\u201cSeguran\u00e7a p\u00fablica\u201d<\/strong><\/p>\n<p><strong>Dia:<\/strong>\u00a011 de maio<\/p>\n<p><strong>Hor\u00e1rio:<\/strong>\u00a016h<\/p>\n<p><strong>Transmiss\u00e3o:\u00a0<\/strong><a href=\"https:\/\/www.youtube.com\/canalsbpc\" target=\"_blank\" rel=\"noopener\">Canal da SBPC no YouTube<\/a>.<\/p>\n<p><a href=\"http:\/\/www.jornaldaciencia.org.br\/\"><em>Jornal da Ci\u00eancia<\/em><\/a><\/p>\n<h4 id=\"veja-tambem\">Veja tamb\u00e9m:<\/h4>\n<p>Ou\u00e7a o boletim da Unesp FM \u2013\u00a0<a href=\"https:\/\/www.radio.unesp.br\/noticia\/7925\" target=\"_blank\" rel=\"noopener\">Semin\u00e1rio da SBPC debate seguran\u00e7a p\u00fablica<\/a><\/p>\n","protected":false},"excerpt":{"rendered":"A Sociedade Brasileira para o Progresso da Ci\u00eancia (SBPC) realiza nesta quarta-feira,&hellip;\n","protected":false},"author":19,"featured_media":2123,"comment_status":"open","ping_status":"open","sticky":false,"template":"","format":"standard","meta":[],"categories":[1,2],"tags":[],"acf":[],"_links":{"self":[{"href":"https:\/\/revistacienciaecultura.org.br\/index.php?rest_route=\/wp\/v2\/posts\/2122"}],"collection":[{"href":"https:\/\/revistacienciaecultura.org.br\/index.php?rest_route=\/wp\/v2\/posts"}],"about":[{"href":"https:\/\/revistacienciaecultura.org.br\/index.php?rest_route=\/wp\/v2\/types\/post"}],"author":[{"embeddable":true,"href":"https:\/\/revistacienciaecultura.org.br\/index.php?rest_route=\/wp\/v2\/users\/19"}],"replies":[{"embeddable":true,"href":"https:\/\/revistacienciaecultura.org.br\/index.php?rest_route=%2Fwp%2Fv2%2Fcomments&post=2122"}],"version-history":[{"count":1,"href":"https:\/\/revistacienciaecultura.org.br\/index.php?rest_route=\/wp\/v2\/posts\/2122\/revisions"}],"predecessor-version":[{"id":2124,"href":"https:\/\/revistacienciaecultura.org.br\/index.php?rest_route=\/wp\/v2\/posts\/2122\/revisions\/2124"}],"wp:featuredmedia":[{"embeddable":true,"href":"https:\/\/revistacienciaecultura.org.br\/index.php?rest_route=\/wp\/v2\/media\/2123"}],"wp:attachment":[{"href":"https:\/\/revistacienciaecultura.org.br\/index.php?rest_route=%2Fwp%2Fv2%2Fmedia&parent=2122"}],"wp:term":[{"taxonomy":"category","embeddable":true,"href":"https:\/\/revistacienciaecultura.org.br\/index.php?rest_route=%2Fwp%2Fv2%2Fcategories&post=2122"},{"taxonomy":"post_tag","embeddable":true,"href":"https:\/\/revistacienciaecultura.org.br\/index.php?rest_route=%2Fwp%2Fv2%2Ftags&post=2122"}],"curies":[{"name":"wp","href":"https:\/\/api.w.org\/{rel}","templated":true}]}}