{"id":2129,"date":"2022-05-13T10:43:12","date_gmt":"2022-05-13T10:43:12","guid":{"rendered":"https:\/\/revistacienciaecultura.org.br\/?p=2129"},"modified":"2022-05-13T10:43:12","modified_gmt":"2022-05-13T10:43:12","slug":"espaco-ciencia-sbpc-academias-de-ciencias-e-universidades-realizam-marcha-pela-ciencia","status":"publish","type":"post","link":"https:\/\/revistacienciaecultura.org.br\/?p=2129","title":{"rendered":"Espa\u00e7o Ci\u00eancia, SBPC, Academias de Ci\u00eancias e universidades realizam Marcha pela Ci\u00eancia"},"content":{"rendered":"<p>O Espa\u00e7o Ci\u00eancia, a SBPC (Sociedade Brasileira para o Progresso da Ci\u00eancia), a ABC e APC (Academias Brasileira e Pernambucana de Ci\u00eancias) e Universidades Federal, Rural e UPE se unem nesta sexta (13) em uma programa\u00e7\u00e3o especial. Das 9:30h \u00e0s 11:30h, pesquisadores(as) das sete institui\u00e7\u00f5es participam de rodas de conversa e alertam para os escassos recursos destinados \u00e0 pesquisa cient\u00edfica no pa\u00eds.<\/p>\n<p>Ser\u00e3o quatro rodas de conversa, sobre temas como os marcos da Ci\u00eancia em Pernambuco, a import\u00e2ncia da Ci\u00eancia no dia-a-dia, Ci\u00eancia e inclus\u00e3o, divulga\u00e7\u00e3o cient\u00edfica, Intelig\u00eancia Artificial, Mulheres na Ci\u00eancia. Cada sess\u00e3o de bate-papo ter\u00e1 a dura\u00e7\u00e3o m\u00e9dia de meia hora, e ser\u00e1 realizada de forma din\u00e2mica e descontra\u00edda, com participa\u00e7\u00e3o de grupos de alunos. Confira a programa\u00e7\u00e3o das rodas de conversa:<\/p>\n<p><strong>9:30 \u00e0s 10h<\/strong>&#8211; Ascendino Silva (UFPE) e Anderson Gomes (UFPE\/Academia Brasileira de Ci\u00eancias) -\u201c Os marcos da Ci\u00eancia em Pernambuco e a import\u00e2ncia da Ci\u00eancia no dia-a-dia\u201d<\/p>\n<p><strong>10h \u00e0s 10:30h<\/strong>\u00a0\u2013 Maria Jos\u00e9 Sena (UFRPE\/Academia Pernambucana de Ci\u00eancias) e Maria do Carmo Soares (SBPC)- \u201cCi\u00eancia e Sociedade; divulga\u00e7\u00e3o cient\u00edfica e inclus\u00e3o\u201d<\/p>\n<p><strong>10:30h \u00e0s 11h<\/strong>&#8211; Fernando Buarque (UPE)- \u201cIntelig\u00eancia Artificial para jovens\u201d<\/p>\n<p><strong>11h \u00e0s 11:30h<\/strong>&#8211; Giovanna Machado (UFPE\/Programa Futuras Cientistas)- \u201cFuturas Cientistas: a Ci\u00eancia \u00e9 para todas\u201d<\/p>\n<p>Haver\u00e1 tamb\u00e9m intensa atividade nas redes sociais. No local das rodas de conversa, haver\u00e1 cartazes para que os visitantes registrem seu recado e postem fotos usando o filtro da Marcha, dispon\u00edvel no Instagram do Espa\u00e7o Ci\u00eancia. N\u00e3o esque\u00e7am de usar a hashtag #MarchapelaCiencia e de marcar o Espa\u00e7o Ci\u00eancia (espacociencia_pe) e a SBPC em Pernambuco (sbpc.pe)<\/p>\n<p>Al\u00e9m do bate-papo presencial, duas rodadas de conversa pela web acontecem na tarde da sexta: a primeira, sobre \u201cCovid -19: Desafios da informa\u00e7\u00e3o, re\u00fane, a partir das 14h, as pesquisadoras Ana Brito, da UPE\/Funda\u00e7\u00e3o Oswaldo Cruz, e Ana Cl\u00e1udia Farranha, da Universidade de Bras\u00edlia (Unb).<\/p>\n<p>O segundo debate ser\u00e1 \u00e0s 17h e, com o tema \u201cSa\u00fade e Ci\u00eancia\u201d, re\u00fane cientistas do Par\u00e1, Paran\u00e1, Minas Gerais e Pernambuco. Todos os webin\u00e1rios ser\u00e3o mediados pela coordenadora regional da SBPC em Pernambuco, Ros\u00e1rio Andrade, e ser\u00e3o transmitidos pelo Youtube UFRPE NEI e UFRPE OFICIAL. Confira a programa\u00e7\u00e3o remota:<\/p>\n<p><strong>14h-\u00a0<\/strong>Covid -19: Desafios da informa\u00e7\u00e3o \u2013 Com: Ana Brito (UPE\/Funda\u00e7\u00e3o Oswaldo Cruz), e Ana Cl\u00e1udia Farranha (Universidade de Bras\u00edlia \u2013 Unb). Media\u00e7\u00e3o: Ros\u00e1rio Andrade (SBPC-PE)<\/p>\n<p><strong>17h-<\/strong>\u00a0Sa\u00fade e Ci\u00eancia \u2013 Com: Rosa Couto (UFPA\/SBPC-PA); Carolina Freire (UFPR\/SBPC-PR); e Cristiana Brito (Fiocruz\/SBPC-MG). Media\u00e7\u00e3o: Ros\u00e1rio Andrade (SBPC-PE)<\/p>\n<p><em>Com informa\u00e7\u00f5es do <a href=\"https:\/\/www.diariodepernambuco.com.br\/noticia\/vidaurbana\/2022\/05\/espaco-ciencia-sbpc-academias-de-ciencias-e-universidades-realizam-m.html\" target=\"_blank\" rel=\"noopener\">Di\u00e1rio de Pernambuco<\/a><\/em><\/p>\n<p>&nbsp;<\/p>\n<h6 id=\"imagem-freepik-com\">Imagem: <a href=\"https:\/\/www.freepik.com\/free-photo\/people-protesting-with-placards-medium-shot_14370989.htm#query=protest&amp;position=5&amp;from_view=search\">Freepik.com<\/a><\/h6>\n","protected":false},"excerpt":{"rendered":"O Espa\u00e7o Ci\u00eancia, a SBPC (Sociedade Brasileira para o Progresso da Ci\u00eancia),&hellip;\n","protected":false},"author":19,"featured_media":2130,"comment_status":"open","ping_status":"open","sticky":false,"template":"","format":"standard","meta":[],"categories":[1,2],"tags":[],"acf":[],"_links":{"self":[{"href":"https:\/\/revistacienciaecultura.org.br\/index.php?rest_route=\/wp\/v2\/posts\/2129"}],"collection":[{"href":"https:\/\/revistacienciaecultura.org.br\/index.php?rest_route=\/wp\/v2\/posts"}],"about":[{"href":"https:\/\/revistacienciaecultura.org.br\/index.php?rest_route=\/wp\/v2\/types\/post"}],"author":[{"embeddable":true,"href":"https:\/\/revistacienciaecultura.org.br\/index.php?rest_route=\/wp\/v2\/users\/19"}],"replies":[{"embeddable":true,"href":"https:\/\/revistacienciaecultura.org.br\/index.php?rest_route=%2Fwp%2Fv2%2Fcomments&post=2129"}],"version-history":[{"count":1,"href":"https:\/\/revistacienciaecultura.org.br\/index.php?rest_route=\/wp\/v2\/posts\/2129\/revisions"}],"predecessor-version":[{"id":2131,"href":"https:\/\/revistacienciaecultura.org.br\/index.php?rest_route=\/wp\/v2\/posts\/2129\/revisions\/2131"}],"wp:featuredmedia":[{"embeddable":true,"href":"https:\/\/revistacienciaecultura.org.br\/index.php?rest_route=\/wp\/v2\/media\/2130"}],"wp:attachment":[{"href":"https:\/\/revistacienciaecultura.org.br\/index.php?rest_route=%2Fwp%2Fv2%2Fmedia&parent=2129"}],"wp:term":[{"taxonomy":"category","embeddable":true,"href":"https:\/\/revistacienciaecultura.org.br\/index.php?rest_route=%2Fwp%2Fv2%2Fcategories&post=2129"},{"taxonomy":"post_tag","embeddable":true,"href":"https:\/\/revistacienciaecultura.org.br\/index.php?rest_route=%2Fwp%2Fv2%2Ftags&post=2129"}],"curies":[{"name":"wp","href":"https:\/\/api.w.org\/{rel}","templated":true}]}}