{"id":2132,"date":"2022-05-16T13:28:24","date_gmt":"2022-05-16T13:28:24","guid":{"rendered":"https:\/\/revistacienciaecultura.org.br\/?p=2132"},"modified":"2022-05-16T13:28:24","modified_gmt":"2022-05-16T13:28:24","slug":"grupo-de-trabalho-da-oms-desenvolvera-recomendacoes-para-acelerar-acoes-em-favor-da-saude-mental-apos-efeitos-da-pandemia","status":"publish","type":"post","link":"https:\/\/revistacienciaecultura.org.br\/?p=2132","title":{"rendered":"Grupo de trabalho da OMS desenvolver\u00e1 recomenda\u00e7\u00f5es para acelerar a\u00e7\u00f5es em favor da sa\u00fade mental ap\u00f3s efeitos da pandemia"},"content":{"rendered":"<p>A <a href=\"https:\/\/www.paho.org\/pt\/brasil\">Organiza\u00e7\u00e3o Pan-Americana da Sa\u00fade (Opas)<\/a> lan\u00e7ou na \u00faltima semana a Comiss\u00e3o de Alto N\u00edvel sobre Sa\u00fade Mental e Covid-19. O grupo de trabalho desenvolver\u00e1 diretrizes e recomenda\u00e7\u00f5es para reduzir o impacto gerado na sa\u00fade mental da popula\u00e7\u00e3o na regi\u00e3o por conta da raz\u00e3o da pandemia. O trabalho se concentrar\u00e1 em cinco \u00e1reas principais: recupera\u00e7\u00e3o da pandemia e promo\u00e7\u00e3o da sa\u00fade mental como prioridade, necessidades de sa\u00fade mental das popula\u00e7\u00f5es vulner\u00e1veis, integra\u00e7\u00e3o da sa\u00fade mental na cobertura universal de sa\u00fade, financiamento, bem como promo\u00e7\u00e3o e preven\u00e7\u00e3o de condi\u00e7\u00f5es de sa\u00fade mental.<\/p>\n<p>A a\u00e7\u00e3o surge depois que um <a href=\"https:\/\/www.who.int\/publications\/i\/item\/WHO-2019-nCoV-Sci_Brief-Mental_health-2022.1\">dossi\u00ea cient\u00edfico<\/a>\u00a0publicado pela <a href=\"https:\/\/www.googleadservices.com\/pagead\/aclk?sa=L&amp;ai=DChcSEwjTpIrKj-T3AhUCQUgAHVH5An0YABAAGgJjZQ&amp;ae=2&amp;ohost=www.google.com&amp;cid=CAESauD2J6vJA6oXK-8nrw3hemyygduA7WZltAcf2cUmrryAFhvEovdniTHZJXx4qJhM7W4_CwRFuEwqWbLJ10OEKTLHR8YI3ejKxm3ohM0w_p2cN3IWgyBQZ7xDPS3Ogm975UZTMFtdGOVCUx0&amp;sig=AOD64_2vazX-hwTW6lMDBKsX5oBQ-XDrsw&amp;q&amp;adurl&amp;ved=2ahUKEwid34LKj-T3AhUoDrkGHbQ0DP4Q0Qx6BAgDEAE\">Organiza\u00e7\u00e3o Mundial da Sa\u00fade (OMS)<\/a> destacou que a preval\u00eancia global de ansiedade e depress\u00e3o aumentou 25% no primeiro ano da pandemia. Uma\u00a0<a href=\"https:\/\/www.paho.org\/en\/node\/84883\">an\u00e1lise<\/a>\u00a0da Opas na regi\u00e3o das Am\u00e9ricas tamb\u00e9m sugeriu que um ter\u00e7o das pessoas que sofreram com a covid-19 foram diagnosticadas com um transtorno neurol\u00f3gico ou mental. Outro estudo realizado com o apoio da Organiza\u00e7\u00e3o mostra que, em 2020, entre 14,7% e 22% dos profissionais de sa\u00fade apresentavam sintomas que levavam \u00e0 suspeita de depress\u00e3o.<\/p>\n<h3 id=\"esforco-coletivo\"><strong>Esfor\u00e7o coletivo<\/strong><\/h3>\n<p>A Opas alerta que a pandemia de covid-19 teve efeitos arrasadores e \u00e9 esperado que muitos deles sejam de longo prazo.<\/p>\n<p>Segundo a ag\u00eancia, os pa\u00edses das Am\u00e9ricas t\u00eam feito esfor\u00e7os importantes para atender \u00e0s crescentes necessidades de sa\u00fade mental durante a pandemia. No entanto, a baixa prioridade dada ao tema historicamente, com recursos humanos e financiamento insuficientes e mal capacitados, tem dificultado a capacidade de resposta adequada.<\/p>\n<p>Os membros da Comiss\u00e3o preparar\u00e3o um relat\u00f3rio com as principais recomenda\u00e7\u00f5es baseadas em evid\u00eancias para melhorar a sa\u00fade mental nas Am\u00e9ricas e transformar os sistemas e servi\u00e7os de sa\u00fade mental ap\u00f3s a pandemia. O trabalho deve ser conclu\u00eddo no \u00faltimo trimestre de 2022.<\/p>\n<p><em>* Com informa\u00e7\u00f5es da <a href=\"https:\/\/news.un.org\/\">ONU<\/a><\/em><\/p>\n<p>&nbsp;<\/p>\n<h6 id=\"imagem-freepik-com\">Imagem: <a href=\"http:\/\/&lt;a href='https:\/\/www.freepik.com\/photos\/depressed-woman'&gt;Depressed woman photo created by jcomp - www.freepik.com&lt;\/a&gt;\">Freepik.com<\/a><\/h6>\n","protected":false},"excerpt":{"rendered":"A Organiza\u00e7\u00e3o Pan-Americana da Sa\u00fade (Opas) lan\u00e7ou na \u00faltima semana a Comiss\u00e3o&hellip;\n","protected":false},"author":19,"featured_media":2133,"comment_status":"open","ping_status":"open","sticky":false,"template":"","format":"standard","meta":[],"categories":[1,2],"tags":[],"acf":[],"_links":{"self":[{"href":"https:\/\/revistacienciaecultura.org.br\/index.php?rest_route=\/wp\/v2\/posts\/2132"}],"collection":[{"href":"https:\/\/revistacienciaecultura.org.br\/index.php?rest_route=\/wp\/v2\/posts"}],"about":[{"href":"https:\/\/revistacienciaecultura.org.br\/index.php?rest_route=\/wp\/v2\/types\/post"}],"author":[{"embeddable":true,"href":"https:\/\/revistacienciaecultura.org.br\/index.php?rest_route=\/wp\/v2\/users\/19"}],"replies":[{"embeddable":true,"href":"https:\/\/revistacienciaecultura.org.br\/index.php?rest_route=%2Fwp%2Fv2%2Fcomments&post=2132"}],"version-history":[{"count":1,"href":"https:\/\/revistacienciaecultura.org.br\/index.php?rest_route=\/wp\/v2\/posts\/2132\/revisions"}],"predecessor-version":[{"id":2134,"href":"https:\/\/revistacienciaecultura.org.br\/index.php?rest_route=\/wp\/v2\/posts\/2132\/revisions\/2134"}],"wp:featuredmedia":[{"embeddable":true,"href":"https:\/\/revistacienciaecultura.org.br\/index.php?rest_route=\/wp\/v2\/media\/2133"}],"wp:attachment":[{"href":"https:\/\/revistacienciaecultura.org.br\/index.php?rest_route=%2Fwp%2Fv2%2Fmedia&parent=2132"}],"wp:term":[{"taxonomy":"category","embeddable":true,"href":"https:\/\/revistacienciaecultura.org.br\/index.php?rest_route=%2Fwp%2Fv2%2Fcategories&post=2132"},{"taxonomy":"post_tag","embeddable":true,"href":"https:\/\/revistacienciaecultura.org.br\/index.php?rest_route=%2Fwp%2Fv2%2Ftags&post=2132"}],"curies":[{"name":"wp","href":"https:\/\/api.w.org\/{rel}","templated":true}]}}