{"id":2138,"date":"2022-05-18T10:39:10","date_gmt":"2022-05-18T10:39:10","guid":{"rendered":"https:\/\/revistacienciaecultura.org.br\/?p=2138"},"modified":"2022-05-18T10:39:10","modified_gmt":"2022-05-18T10:39:10","slug":"ictp-br-e-sbpc-levam-ao-congresso-nacional-exposicao-faces-da-ciencia-no-brasil","status":"publish","type":"post","link":"https:\/\/revistacienciaecultura.org.br\/?p=2138","title":{"rendered":"ICTP.br e SBPC levam ao Congresso Nacional exposi\u00e7\u00e3o \u201cFaces da ci\u00eancia no Brasil\u201d"},"content":{"rendered":"<p>Em comemora\u00e7\u00e3o ao Bicenten\u00e1rio da Independ\u00eancia do Brasil, a a Iniciativa para a Ci\u00eancia e Tecnologia no Parlamento (ICTP.br) e a Sociedade Brasileira para o Progresso da Ci\u00eancia (SBPC) levam ao Congresso Nacional, em Bras\u00edlia, a exposi\u00e7\u00e3o\u00a0<strong>\u201cFaces da ci\u00eancia no Brasil\u201d<\/strong>. A mostra ficar\u00e1 em exibi\u00e7\u00e3o de 18 de maio a 1\u00ba de junho no Espa\u00e7o Cultural Ivandro Cunha Lima, no corredor do Anexo I da C\u00e2mara.<\/p>\n<p>Inspirada nas celebra\u00e7\u00f5es dos 200 anos da Independ\u00eancia do Brasil, a exposi\u00e7\u00e3o apresenta um conjunto de cientistas brasileiro(a)s e suas contribui\u00e7\u00f5es para a ci\u00eancia brasileira nos \u00faltimos 200 anos, em todas as \u00e1reas do conhecimento e provenientes de diversas regi\u00f5es brasileiras.<\/p>\n<p>Segundo o curador da exposi\u00e7\u00e3o, Ildeu de Castro Moreira, \u00e9 muito simb\u00f3lico que a ci\u00eancia nacional e sua hist\u00f3ria de avan\u00e7os, percal\u00e7os e conquistas ao longo dos dois \u00faltimos s\u00e9culos esteja representada nos corredores do Congresso Nacional.<\/p>\n<p>\u201cA proposta da exposi\u00e7\u00e3o \u00e9 retratar, mesmo que de forma sint\u00e9tica, a trajet\u00f3ria da ci\u00eancia e tecnologia no Brasil atrav\u00e9s de seus principais atores. Por isso, selecionamos cientistas diversos, destacando ainda a diversidade regional, de g\u00eanero, de etnias e de \u00e1reas do conhecimento\u201d, explica Moreira, que \u00e9 professor do Instituto de F\u00edsica da Universidade Federal do Rio de Janeiro (UFRJ). \u201cQueremos mostrar aos parlamentares o importante papel dos cientistas no desenvolvimento do Brasil, e, assim, sensibiliz\u00e1-los para a import\u00e2ncia de incentivar e fomentar o avan\u00e7o da ci\u00eancia no Pa\u00eds\u201d, comenta.<\/p>\n<p>O secret\u00e1rio-executivo da ICTP.br, F\u00e1bio Guedes Gomes, tamb\u00e9m enfatiza a import\u00e2ncia da exposi\u00e7\u00e3o ser realizada no Congresso Nacional, uma vez que a ci\u00eancia brasileira depende de recursos p\u00fablicos. \u201cA ideia \u00e9, al\u00e9m de ressaltarmos as contribui\u00e7\u00f5es da ci\u00eancia para o desenvolvimento do Pa\u00eds, mostrar para os parlamentares que a ci\u00eancia depende deles quando forem decidir pelos recursos na defini\u00e7\u00e3o dos or\u00e7amentos\u201d, explica.<\/p>\n<p>A exposi\u00e7\u00e3o \u00e9 uma \u00f3tima ferramenta de est\u00edmulo e populariza\u00e7\u00e3o e divulga\u00e7\u00e3o da ci\u00eancia, ressalta Cl\u00e1udia Linhares Sales, secret\u00e1ria-geral da SBPC.\u00a0 \u201c\u00c9 importante relembrar aspectos hist\u00f3ricos e atuais, da independ\u00eancia, da sonhada soberania nacional, principalmente no que tange a inevitabilidade da necessidade de educa\u00e7\u00e3o, de desenvolvimento cient\u00edfico e tecnol\u00f3gico e da preserva\u00e7\u00e3o do meio ambiente incluindo todos que contribu\u00edram para o desenvolvimento cient\u00edfico brasileiro\u201d, acrescenta.<\/p>\n<p>A exposi\u00e7\u00e3o\u00a0<strong>\u201cFaces da ci\u00eancia no Brasil\u201d\u00a0<\/strong>tem como patrona a deputada federal Jandira Feghali (PCdoB\/RJ). Ap\u00f3s a temporada no Congresso Nacional, o trabalho ser\u00e1 exposto na 74\u00aa Reuni\u00e3o Anual da SBPC, que ser\u00e1 realizada em julho na Universidade de Bras\u00edlia (UnB), entre os dias 24 e 30 de julho.<\/p>\n<p>&nbsp;<\/p>\n<p><strong>Servi\u00e7o:<\/strong><\/p>\n<p><strong>Exposi\u00e7\u00e3o<\/strong><strong>\u00a0\u201cFaces da ci\u00eancia no Brasil\u201d<\/strong><\/p>\n<p><strong>Local:\u00a0<\/strong>Espa\u00e7o Cultural Ivandro Cunha Lima \u2013 Corredor do Anexo I do Congresso Nacional<\/p>\n<p><strong>Data:<\/strong>\u00a0de\u00a0<em>18 de maio a 1\u00ba de junho<\/em><\/p>\n<p>&nbsp;<\/p>\n<p><a href=\"http:\/\/www.jornaldaciencia.org.br\/\"><em>Jornal da Ci\u00eancia<\/em><\/a><\/p>\n","protected":false},"excerpt":{"rendered":"Em comemora\u00e7\u00e3o ao Bicenten\u00e1rio da Independ\u00eancia do Brasil, a a Iniciativa para&hellip;\n","protected":false},"author":19,"featured_media":2139,"comment_status":"open","ping_status":"open","sticky":false,"template":"","format":"standard","meta":[],"categories":[1,2],"tags":[],"acf":[],"_links":{"self":[{"href":"https:\/\/revistacienciaecultura.org.br\/index.php?rest_route=\/wp\/v2\/posts\/2138"}],"collection":[{"href":"https:\/\/revistacienciaecultura.org.br\/index.php?rest_route=\/wp\/v2\/posts"}],"about":[{"href":"https:\/\/revistacienciaecultura.org.br\/index.php?rest_route=\/wp\/v2\/types\/post"}],"author":[{"embeddable":true,"href":"https:\/\/revistacienciaecultura.org.br\/index.php?rest_route=\/wp\/v2\/users\/19"}],"replies":[{"embeddable":true,"href":"https:\/\/revistacienciaecultura.org.br\/index.php?rest_route=%2Fwp%2Fv2%2Fcomments&post=2138"}],"version-history":[{"count":1,"href":"https:\/\/revistacienciaecultura.org.br\/index.php?rest_route=\/wp\/v2\/posts\/2138\/revisions"}],"predecessor-version":[{"id":2140,"href":"https:\/\/revistacienciaecultura.org.br\/index.php?rest_route=\/wp\/v2\/posts\/2138\/revisions\/2140"}],"wp:featuredmedia":[{"embeddable":true,"href":"https:\/\/revistacienciaecultura.org.br\/index.php?rest_route=\/wp\/v2\/media\/2139"}],"wp:attachment":[{"href":"https:\/\/revistacienciaecultura.org.br\/index.php?rest_route=%2Fwp%2Fv2%2Fmedia&parent=2138"}],"wp:term":[{"taxonomy":"category","embeddable":true,"href":"https:\/\/revistacienciaecultura.org.br\/index.php?rest_route=%2Fwp%2Fv2%2Fcategories&post=2138"},{"taxonomy":"post_tag","embeddable":true,"href":"https:\/\/revistacienciaecultura.org.br\/index.php?rest_route=%2Fwp%2Fv2%2Ftags&post=2138"}],"curies":[{"name":"wp","href":"https:\/\/api.w.org\/{rel}","templated":true}]}}