{"id":2142,"date":"2022-05-19T10:05:19","date_gmt":"2022-05-19T10:05:19","guid":{"rendered":"https:\/\/revistacienciaecultura.org.br\/?p=2142"},"modified":"2023-10-24T18:38:57","modified_gmt":"2023-10-24T18:38:57","slug":"confira-a-primeira-edicao-completa-da-ciencia-cultura","status":"publish","type":"post","link":"https:\/\/revistacienciaecultura.org.br\/?p=2142","title":{"rendered":"Confira a primeira edi\u00e7\u00e3o de 2022 completa da Ci\u00eancia &#038; Cultura"},"content":{"rendered":"<p>A primeira edi\u00e7\u00e3o de relan\u00e7amento da revista Ci\u00eancia &amp; Cultura &#8211; &#8220;Bicenten\u00e1rio da Independ\u00eancia: Povos e Lutas&#8221; &#8211; j\u00e1 est\u00e1 dispon\u00edvel para download em PDF ou para leitura online em flipbook.<\/p>\n<p>Ap\u00f3s um breve per\u00edodo de interrup\u00e7\u00e3o, a revista retoma suas atividades em 2022 \u2013 um ano emblem\u00e1tico, marcado por elei\u00e7\u00f5es presidenciais, Copa do Mundo, centen\u00e1rio da Semana de Arte Moderna e Bicenten\u00e1rio da Independ\u00eancia.<\/p>\n<p>Para marcar sua volta \u00e0 ativa, a primeira edi\u00e7\u00e3o da revista aborda o Bicenten\u00e1rio da Independ\u00eancia. Seus textos discutem os diferentes significados da palavra independ\u00eancia e das festas c\u00edvicas que celebram a separa\u00e7\u00e3o de Portugal, as diversas batalhas travadas em diferentes regi\u00f5es, o papel das mulheres no processo da independ\u00eancia, a defini\u00e7\u00e3o do territ\u00f3rio, as rela\u00e7\u00f5es com Angola e outros pa\u00edses da Am\u00e9rica. Tamb\u00e9m entram em debate as grandes figuras e os populares, inclusive ind\u00edgenas e escravizados, que foram fundamentais para tornar o Brasil independente, o papel dos pasquins, os desafios econ\u00f4micos, a arte, a natureza e a culin\u00e1ria no p\u00f3s-independ\u00eancia.<\/p>\n<h4 id=\"clique-aqui-para-acessar-o-flipbook-e-ler-a-primeira-edicao-completa-da-revista\"><a href=\"https:\/\/www.flipsnack.com\/8DE66BDD75E\/c-c-1a-edicao.html\">Clique aqui para acessar o flipbook e ler a primeira edi\u00e7\u00e3o completa da revista:<\/a><a href=\"https:\/\/www.flipsnack.com\/8DE66BDD75E\/c-c-1a-edicao.html\"><br \/>\n<\/a><a href=\"https:\/\/www.flipsnack.com\/8DE66BDD75E\/c-c-1a-edicao.html\"><img loading=\"lazy\" class=\"wp-image-2146 size-medium alignleft\" src=\"https:\/\/revistacienciaecultura.org.br\/wp-content\/uploads\/2022\/05\/Captura-de-Tela-2022-05-19-a\u0300s-08.11.20-210x300.png\" alt=\"\" width=\"210\" height=\"300\" srcset=\"https:\/\/revistacienciaecultura.org.br\/wp-content\/uploads\/2022\/05\/Captura-de-Tela-2022-05-19-a\u0300s-08.11.20-210x300.png 210w, https:\/\/revistacienciaecultura.org.br\/wp-content\/uploads\/2022\/05\/Captura-de-Tela-2022-05-19-a\u0300s-08.11.20-8x12.png 8w, https:\/\/revistacienciaecultura.org.br\/wp-content\/uploads\/2022\/05\/Captura-de-Tela-2022-05-19-a\u0300s-08.11.20.png 407w\" sizes=\"(max-width: 210px) 100vw, 210px\" \/><\/a><\/h4>\n<p>&nbsp;<\/p>\n<p>&nbsp;<\/p>\n<p>&nbsp;<\/p>\n<p>&nbsp;<\/p>\n<p>&nbsp;<\/p>\n<p>&nbsp;<\/p>\n<p>&nbsp;<\/p>\n<p>&nbsp;<\/p>\n<h4 id=\"clique-aqui-para-acessar-o-flipbook-e-ler-a-primeira-edicao-completa-da-revista\"><span id=\"clique-aqui-para-fazer-o-download-da-versao-em-pdf-e-ler-a-primeira-edicao-completa-da-revista\"><a href=\"https:\/\/revistacienciaecultura.org.br\/C&amp;C%201a%20edicao_.pdf\" target=\"_blank\" rel=\"noopener\">Clique aqui para fazer o download da vers\u00e3o em PDF\u00a0 e ler a primeira edi\u00e7\u00e3o completa da revista.<\/a><\/span><\/h4>\n","protected":false},"excerpt":{"rendered":"A primeira edi\u00e7\u00e3o de relan\u00e7amento da revista Ci\u00eancia &amp; Cultura &#8211; &#8220;Bicenten\u00e1rio&hellip;\n","protected":false},"author":19,"featured_media":1718,"comment_status":"open","ping_status":"open","sticky":false,"template":"","format":"standard","meta":[],"categories":[1,2],"tags":[],"acf":[],"_links":{"self":[{"href":"https:\/\/revistacienciaecultura.org.br\/index.php?rest_route=\/wp\/v2\/posts\/2142"}],"collection":[{"href":"https:\/\/revistacienciaecultura.org.br\/index.php?rest_route=\/wp\/v2\/posts"}],"about":[{"href":"https:\/\/revistacienciaecultura.org.br\/index.php?rest_route=\/wp\/v2\/types\/post"}],"author":[{"embeddable":true,"href":"https:\/\/revistacienciaecultura.org.br\/index.php?rest_route=\/wp\/v2\/users\/19"}],"replies":[{"embeddable":true,"href":"https:\/\/revistacienciaecultura.org.br\/index.php?rest_route=%2Fwp%2Fv2%2Fcomments&post=2142"}],"version-history":[{"count":8,"href":"https:\/\/revistacienciaecultura.org.br\/index.php?rest_route=\/wp\/v2\/posts\/2142\/revisions"}],"predecessor-version":[{"id":4974,"href":"https:\/\/revistacienciaecultura.org.br\/index.php?rest_route=\/wp\/v2\/posts\/2142\/revisions\/4974"}],"wp:featuredmedia":[{"embeddable":true,"href":"https:\/\/revistacienciaecultura.org.br\/index.php?rest_route=\/wp\/v2\/media\/1718"}],"wp:attachment":[{"href":"https:\/\/revistacienciaecultura.org.br\/index.php?rest_route=%2Fwp%2Fv2%2Fmedia&parent=2142"}],"wp:term":[{"taxonomy":"category","embeddable":true,"href":"https:\/\/revistacienciaecultura.org.br\/index.php?rest_route=%2Fwp%2Fv2%2Fcategories&post=2142"},{"taxonomy":"post_tag","embeddable":true,"href":"https:\/\/revistacienciaecultura.org.br\/index.php?rest_route=%2Fwp%2Fv2%2Ftags&post=2142"}],"curies":[{"name":"wp","href":"https:\/\/api.w.org\/{rel}","templated":true}]}}