{"id":2156,"date":"2022-05-23T12:55:25","date_gmt":"2022-05-23T12:55:25","guid":{"rendered":"https:\/\/revistacienciaecultura.org.br\/?p=2156"},"modified":"2022-05-23T12:55:25","modified_gmt":"2022-05-23T12:55:25","slug":"mast-envolve-criancas-e-adolescentes-em-debate-sobre-o-futuro-do-planeta","status":"publish","type":"post","link":"https:\/\/revistacienciaecultura.org.br\/?p=2156","title":{"rendered":"MAST envolve crian\u00e7as e adolescentes em debate sobre o futuro do planeta"},"content":{"rendered":"<p>Como ser\u00e1 o futuro? Quem tem a resposta para essa pergunta s\u00e3o as crian\u00e7as e os adolescentes entre 3 e 18 anos de idade. \u00c9 isso o que acredita o Museu de Astronomia e Ci\u00eancias Afins (MAST), que realiza sua nova exposi\u00e7\u00e3o \u201cAc\u00fastica do Futuro\u201d visando motivar os jovens de todo o pa\u00eds na constru\u00e7\u00e3o coletiva do futuro.<\/p>\n<p>A nova exposi\u00e7\u00e3o virtual do MAST ser\u00e1 um espa\u00e7o\u00a0para divulga\u00e7\u00e3o das imagina\u00e7\u00f5es, medos, anseios e esperan\u00e7as do p\u00fablico infanto-juvenil (3 a 18 anos) quanto ao futuro do planeta Terra, das ci\u00eancias, da tecnologia e das rela\u00e7\u00f5es humanas por meio do compartilhamento de mensagens de \u00e1udios ou v\u00eddeos em libras.\u00a0Esses sons pretendem simular coletivamente um ambiente de imers\u00e3o no futuro e estimular as mais diversas formas de intera\u00e7\u00e3o entre museu e sociedade.<\/p>\n<p>O objetivo do evento \u00e9 formar la\u00e7os e incluir as comunidades de crian\u00e7as, adolescentes e educadoras surdas e\/ou mudas, cegas ou com baixa vis\u00e3o, e crian\u00e7as e adolescentes do espectro autista.\u00a0\u00a0Os \u00e1udios ou v\u00eddeos em libras enviados passar\u00e3o pela curadoria e podem ser expostos para todo o Brasil, na Exposi\u00e7\u00e3o Virtual Ac\u00fastica do Futuro, nos canais e redes do MAST. O museu aproveitar\u00e1 a oportunidade para divulgar o tema dos sons, sua import\u00e2ncia para a ci\u00eancia, natureza e cultura, e registrar suas formas de estar presente em nossas vidas.<\/p>\n<p>Para participar, basta responder \u00e0 pergunta: &#8220;Como Ser\u00e1 o Futuro?&#8221;. As mensagens devem ser enviadas em \u00e1udio ou em libras, com at\u00e9 60 segundos de dura\u00e7\u00e3o. O prazo de inscri\u00e7\u00e3o \u00e9 at\u00e9 o dia 17 de junho. O link para o formul\u00e1rio de inscri\u00e7\u00e3o e o regulamento est\u00e3o dispon\u00edveis no site do MAST e pelo <a href=\"https:\/\/docs.google.com\/forms\/d\/e\/1FAIpQLScI2Gm_MIyVPA6UvPfW3lRX6cuesllkvhHmOs23IV6HbOYPuQ\/viewform\">neste link<\/a>.<\/p>\n<p><em>* Com informa\u00e7\u00f5es do MAST<\/em><\/p>\n<p>&nbsp;<\/p>\n<h6 id=\"imagem-por-freepik-com\">Imagem por <a href=\"http:\/\/&lt;a href='https:\/\/www.freepik.com\/photos\/student-reading'&gt;Student reading photo created by rawpixel.com - www.freepik.com&lt;\/a&gt;\">Freepik.com<\/a><\/h6>\n","protected":false},"excerpt":{"rendered":"Como ser\u00e1 o futuro? Quem tem a resposta para essa pergunta s\u00e3o&hellip;\n","protected":false},"author":19,"featured_media":2157,"comment_status":"open","ping_status":"open","sticky":false,"template":"","format":"standard","meta":[],"categories":[1,2],"tags":[],"acf":[],"_links":{"self":[{"href":"https:\/\/revistacienciaecultura.org.br\/index.php?rest_route=\/wp\/v2\/posts\/2156"}],"collection":[{"href":"https:\/\/revistacienciaecultura.org.br\/index.php?rest_route=\/wp\/v2\/posts"}],"about":[{"href":"https:\/\/revistacienciaecultura.org.br\/index.php?rest_route=\/wp\/v2\/types\/post"}],"author":[{"embeddable":true,"href":"https:\/\/revistacienciaecultura.org.br\/index.php?rest_route=\/wp\/v2\/users\/19"}],"replies":[{"embeddable":true,"href":"https:\/\/revistacienciaecultura.org.br\/index.php?rest_route=%2Fwp%2Fv2%2Fcomments&post=2156"}],"version-history":[{"count":1,"href":"https:\/\/revistacienciaecultura.org.br\/index.php?rest_route=\/wp\/v2\/posts\/2156\/revisions"}],"predecessor-version":[{"id":2158,"href":"https:\/\/revistacienciaecultura.org.br\/index.php?rest_route=\/wp\/v2\/posts\/2156\/revisions\/2158"}],"wp:featuredmedia":[{"embeddable":true,"href":"https:\/\/revistacienciaecultura.org.br\/index.php?rest_route=\/wp\/v2\/media\/2157"}],"wp:attachment":[{"href":"https:\/\/revistacienciaecultura.org.br\/index.php?rest_route=%2Fwp%2Fv2%2Fmedia&parent=2156"}],"wp:term":[{"taxonomy":"category","embeddable":true,"href":"https:\/\/revistacienciaecultura.org.br\/index.php?rest_route=%2Fwp%2Fv2%2Fcategories&post=2156"},{"taxonomy":"post_tag","embeddable":true,"href":"https:\/\/revistacienciaecultura.org.br\/index.php?rest_route=%2Fwp%2Fv2%2Ftags&post=2156"}],"curies":[{"name":"wp","href":"https:\/\/api.w.org\/{rel}","templated":true}]}}