{"id":2193,"date":"2022-05-25T14:11:57","date_gmt":"2022-05-25T14:11:57","guid":{"rendered":"https:\/\/revistacienciaecultura.org.br\/?p=2193"},"modified":"2022-05-25T14:11:57","modified_gmt":"2022-05-25T14:11:57","slug":"serie-projeto-para-um-brasil-novo-debatera-diversidade-de-genero-e-raca-nesta-quarta","status":"publish","type":"post","link":"https:\/\/revistacienciaecultura.org.br\/?p=2193","title":{"rendered":"S\u00e9rie \u201cProjeto para um Brasil Novo\u201d debater\u00e1 diversidade de g\u00eanero e ra\u00e7a nesta quarta"},"content":{"rendered":"<p>A Sociedade Brasileira para o Progresso da Ci\u00eancia (SBPC) realiza amanh\u00e3, quarta-feira, dia 25 de maio, \u00e0s 16h, a nona sess\u00e3o dos semin\u00e1rios \u201cProjeto para um Brasil Novo\u201d.\u00a0O tema do debate online \u00e9 \u201cDiversidade de g\u00eanero e ra\u00e7a\u201d e ser\u00e1 transmitido pelo\u00a0<a href=\"https:\/\/www.youtube.com\/user\/canalsbpc\" target=\"_blank\" rel=\"noopener\">canal da SBPC no YouTube<\/a>.<\/p>\n<p>Com coordena\u00e7\u00e3o de Maria Filomena Gregori, professora livre-docente do Departamento de Antropologia da Universidade Estadual de Campinas\u00a0 (Unicamp), o evento contar\u00e1 com a participa\u00e7\u00e3o de Cleber Santos Vieira, docente do Programa de Mestrado Profissional em Ensino de Hist\u00f3ria e do Programa de P\u00f3s-gradua\u00e7\u00e3o em Educa\u00e7\u00e3o e Sa\u00fade na Inf\u00e2ncia e na Adolesc\u00eancia e membro do N\u00facleo de Estudos Afro-Brasileiros na Universidade Federal de S\u00e3o Paulo (Unifesp); Joana Maria Pedro, professora titular da Universidade Federal de Santa Catarina (UFSC); Jozil\u00e9ia Daniza Jagso Kaingang, da Articula\u00e7\u00e3o dos povos ind\u00edgenas do Sul; e Nilma Lino Gomes, professora titular e em\u00e9rita da Faculdade de Educa\u00e7\u00e3o (FaE) da Universidade Federal de Minas Gerais (UFMG).<\/p>\n<p>O evento \u00e9 parte de 12 semin\u00e1rios tem\u00e1ticos que a SBPC est\u00e1 realizando para tratar de temas relevantes que contribuam para o desenvolvimento do Pa\u00eds. Entre os assuntos a serem abordados est\u00e3o \u201cMudan\u00e7as clim\u00e1ticas\u201d, \u201cQuest\u00e3o ind\u00edgena e \u201cCultura\u201d. O primeiro semin\u00e1rio debateu\u00a0<a href=\"http:\/\/www.jornaldaciencia.org.br\/pacto-com-a-sociedade-para-um-novo-brasil\/\" target=\"_blank\" rel=\"noopener\">\u201cCi\u00eancia, Tecnologia e Inova\u00e7\u00e3o<\/a>\u201d, o\u00a0segundo,\u00a0<a href=\"http:\/\/www.jornaldaciencia.org.br\/educacao-basica-e-fundamental-para-a-ciencia-afirmam-especialistas\/\" target=\"_blank\" rel=\"noopener\">\u201cEduca\u00e7\u00e3o b\u00e1sica\u201d<\/a>,\u00a0o terceiro,\u00a0<a href=\"http:\/\/www.jornaldaciencia.org.br\/ensino-superior-tem-que-ser-politica-de-estado-dizem-especialistas\/\" target=\"_blank\" rel=\"noopener\">\u201cEduca\u00e7\u00e3o superior\u201d<\/a>, o quarto,\u00a0<a href=\"http:\/\/www.jornaldaciencia.org.br\/pos-graduacao-em-questao\/\" target=\"_blank\" rel=\"noopener\">\u201cP\u00f3s-gradua\u00e7\u00e3o\u201d<\/a>; o quinto tratou do tema\u00a0<a href=\"http:\/\/www.jornaldaciencia.org.br\/saude-ciencia-e-inovacao-devem-estar-no-centro-de-uma-nova-estrategia-nacional-de-desenvolvimento-afirmam-especialistas\/\" target=\"_blank\" rel=\"noopener\">\u201cSa\u00fade\u201d<\/a>, o sexto \u00a0<a href=\"http:\/\/www.jornaldaciencia.org.br\/o-desafio-de-enfrentar-as-mudancas-climaticas\/\" target=\"_blank\" rel=\"noopener\">\u201cMeio Ambiente\u201d<\/a>,\u00a0 o s\u00e9timo\u00a0<a href=\"http:\/\/www.jornaldaciencia.org.br\/cientistas-apontam-preocupacao-com-desrespeito-a-direitos-humanos\/\" target=\"_blank\" rel=\"noopener\">\u201cDireitos Humanos\u201d<\/a>, e o oitavo\u00a0<a href=\"http:\/\/www.jornaldaciencia.org.br\/brasil-precisa-olhar-a-seguranca-publica-como-uma-demanda-alem-da-gestao-policial-apontam-cientistas\/\" target=\"_blank\" rel=\"noopener\">\u201cSeguran\u00e7a P\u00fablica\u201d<\/a>.<\/p>\n<p>Segundo Fernanda Sobral, vice-presidente da SBPC, o objetivo dos eventos \u00e9 engajar a comunidade cient\u00edfica a propor pol\u00edticas p\u00fablicas para os pr\u00f3ximos anos. \u201cA ideia \u00e9 que esses eventos abordem temas relevantes visando \u00e0 elabora\u00e7\u00e3o de um documento com diretrizes e propostas gerais de pol\u00edticas que ser\u00e1 entregue aos candidatos ao Legislativo e ao Executivo da pr\u00f3xima elei\u00e7\u00e3o, durante a 74\u00aa Reuni\u00e3o Anual da SBPC, a ser realizada neste ano na UnB (Universidade de Bras\u00edlia)\u201d, explica. \u201cA ideia \u00e9 n\u00e3o ficarmos apenas na batalha do presente, mas pensarmos em um futuro melhor para nosso pa\u00eds\u201c, diz.<\/p>\n<p>Participe:<br \/>\nS\u00e9rie\u00a0Projeto para um novo Brasil \u2013 Semin\u00e1rio\u00a0\u201cDiversidade de g\u00eanero e ra\u00e7a\u201d<br \/>\nDia:\u00a025 de maio<strong><br \/>\nHor\u00e1rio:<\/strong>\u00a016h<strong><br \/>\nTransmiss\u00e3o:\u00a0<\/strong><a href=\"https:\/\/www.youtube.com\/canalsbpc\" target=\"_blank\" rel=\"noopener\">Canal da SBPC no YouTube<\/a>.<\/p>\n<p><a href=\"http:\/\/www.jornaldaciencia.org.br\/\"><em>SBPC<\/em><\/a><\/p>\n","protected":false},"excerpt":{"rendered":"A Sociedade Brasileira para o Progresso da Ci\u00eancia (SBPC) realiza amanh\u00e3, quarta-feira,&hellip;\n","protected":false},"author":19,"featured_media":2194,"comment_status":"open","ping_status":"open","sticky":false,"template":"","format":"standard","meta":[],"categories":[1,2],"tags":[],"acf":[],"_links":{"self":[{"href":"https:\/\/revistacienciaecultura.org.br\/index.php?rest_route=\/wp\/v2\/posts\/2193"}],"collection":[{"href":"https:\/\/revistacienciaecultura.org.br\/index.php?rest_route=\/wp\/v2\/posts"}],"about":[{"href":"https:\/\/revistacienciaecultura.org.br\/index.php?rest_route=\/wp\/v2\/types\/post"}],"author":[{"embeddable":true,"href":"https:\/\/revistacienciaecultura.org.br\/index.php?rest_route=\/wp\/v2\/users\/19"}],"replies":[{"embeddable":true,"href":"https:\/\/revistacienciaecultura.org.br\/index.php?rest_route=%2Fwp%2Fv2%2Fcomments&post=2193"}],"version-history":[{"count":1,"href":"https:\/\/revistacienciaecultura.org.br\/index.php?rest_route=\/wp\/v2\/posts\/2193\/revisions"}],"predecessor-version":[{"id":2195,"href":"https:\/\/revistacienciaecultura.org.br\/index.php?rest_route=\/wp\/v2\/posts\/2193\/revisions\/2195"}],"wp:featuredmedia":[{"embeddable":true,"href":"https:\/\/revistacienciaecultura.org.br\/index.php?rest_route=\/wp\/v2\/media\/2194"}],"wp:attachment":[{"href":"https:\/\/revistacienciaecultura.org.br\/index.php?rest_route=%2Fwp%2Fv2%2Fmedia&parent=2193"}],"wp:term":[{"taxonomy":"category","embeddable":true,"href":"https:\/\/revistacienciaecultura.org.br\/index.php?rest_route=%2Fwp%2Fv2%2Fcategories&post=2193"},{"taxonomy":"post_tag","embeddable":true,"href":"https:\/\/revistacienciaecultura.org.br\/index.php?rest_route=%2Fwp%2Fv2%2Ftags&post=2193"}],"curies":[{"name":"wp","href":"https:\/\/api.w.org\/{rel}","templated":true}]}}