{"id":2307,"date":"2022-05-31T11:05:41","date_gmt":"2022-05-31T11:05:41","guid":{"rendered":"https:\/\/revistacienciaecultura.org.br\/?p=2307"},"modified":"2022-05-31T11:05:41","modified_gmt":"2022-05-31T11:05:41","slug":"alteracoes-climaticas-ameacam-os-sistemas-de-saude","status":"publish","type":"post","link":"https:\/\/revistacienciaecultura.org.br\/?p=2307","title":{"rendered":"Altera\u00e7\u00f5es clim\u00e1ticas amea\u00e7am os sistemas de sa\u00fade"},"content":{"rendered":"<p>Aumento de doen\u00e7as transmitidas por vetores, \u00e1gua e alimentos; piora nas condi\u00e7\u00f5es respirat\u00f3rias, desnutri\u00e7\u00e3o, les\u00f5es e mortes relacionadas a cat\u00e1strofes ambientais e migra\u00e7\u00f5es for\u00e7adas devido ao clima. Esses s\u00e3o alguns dos problemas causados pelas mudan\u00e7as clim\u00e1ticas que podem colocar em xeque os sistemas globais de sa\u00fade.<\/p>\n<p>A afirma\u00e7\u00e3o surge de uma investiga\u00e7\u00e3o de tr\u00eas anos que analisou mais de 500 artigos cient\u00edficos realizados por cerca de 80 pesquisadores de 50 pa\u00edses agrupados na rede de academias de ci\u00eancias <a href=\"https:\/\/www.interacademies.org\/\">Interacademy Partnership<\/a> (IAP). O relat\u00f3rio \u201cSa\u00fade na Emerg\u00eancia Clim\u00e1tica: Uma Perspectiva Global\u201d, alerta que os impactos do clima na sa\u00fade continuar\u00e3o a aumentar a menos que os governos tomem medidas urgentes de mitiga\u00e7\u00e3o e adapta\u00e7\u00e3o com base em evid\u00eancias cient\u00edficas dispon\u00edveis, que para serem eficazes, devem ser desenvolvidas de forma integrada tanto ao n\u00edvel inter-regional, como ao n\u00edvel nacional e regional.<\/p>\n<h3 id=\"estudos\"><strong>Estudos<\/strong><\/h3>\n<p>O relat\u00f3rio cita um estudo da <a href=\"https:\/\/www.nature.com\/nclimate\/\">Nature Climate Change<\/a>, que aponta que um ter\u00e7o das mortes relacionadas ao calor pode ser atribu\u00edda \u00e0s mudan\u00e7as clim\u00e1ticas.<\/p>\n<p>Outra pesquisa citada pelo documento, da <a href=\"https:\/\/www.thelancet.com\/journals\/lanplh\/home\">The Lancet Planetary Health<\/a>, alerta que, se n\u00e3o for alterado, o calor extremo (um aumento da temperatura global de 2,5\u00b0C acima dos tempos pr\u00e9-industriais) impedir\u00e1 que cerca de bilh\u00f5es de pessoas realizem trabalho f\u00edsico durante parte do ano.<\/p>\n<p>Mais um artigo da The Lancet Planetary Health inclu\u00eddo no relat\u00f3rio do IAP indica que pode haver mais 4,7 bilh\u00f5es de novos casos de dengue e mal\u00e1ria, particularmente em \u00e1reas urbanas e plan\u00edcies, at\u00e9 2070.<\/p>\n<h3 id=\"acao-urgente\"><strong>A\u00e7\u00e3o urgente<\/strong><\/h3>\n<p>Para os autores do estudo, a primeira medida a ser tomada \u00e9 reconhecer a gravidade da situa\u00e7\u00e3o e a necessidade de agir imediatamente. Embora o relat\u00f3rio forne\u00e7a orienta\u00e7\u00e3o, os pesquisadores alertam que a efic\u00e1cia das interven\u00e7\u00f5es de adapta\u00e7\u00e3o ou mitiga\u00e7\u00e3o pode ser diminu\u00edda se a a\u00e7\u00e3o for atrasada.<\/p>\n<p>Os pesquisadores tamb\u00e9m apontam que os governos devem buscar a\u00e7\u00f5es elaborar pol\u00edticas de sa\u00fade relacionadas \u00e0s mudan\u00e7as clim\u00e1ticas e projetos de mitiga\u00e7\u00e3o para as cidades.<\/p>\n<p>&nbsp;<\/p>\n<p><em>* Com informa\u00e7\u00f5es da <a href=\"http:\/\/www.scidev.net\/\">SciDev.Net<\/a><\/em><\/p>\n<hr \/>\n<h5 id=\"leia-mais\"><strong>Leia mais<\/strong><\/h5>\n<p><a href=\"https:\/\/www.interacademies.org\/project\/climate-change-and-health\">Informe \u201cSa\u00fade na emerg\u00eancia clim\u00e1tica: uma perspectiva global\u201d<\/a><\/p>\n<p><a href=\"https:\/\/www.interacademies.org\/publication\/taking-action-against-climate-change-will-benefit-health-and-advance-health-equity\">Informe sobre a Am\u00e9rica Latina e o Caribe<\/a><\/p>\n<p><a href=\"https:\/\/www.interacademies.org\/publication\/report-overview-taking-action-against-climate-change-will-benefit-health-improve-health\">Resumo executivo sobre a Am\u00e9rica Latina e o Caribe<\/a><\/p>\n<p>&nbsp;<\/p>\n<h6 id=\"imagem-freepik-com\">Imagem: <a href=\"http:\/\/&lt;a href='https:\/\/www.freepik.com\/photos\/doctor-nurse'&gt;Doctor and nurse photo created by DCStudio - www.freepik.com&lt;\/a&gt;\">Freepik.com<\/a><\/h6>\n","protected":false},"excerpt":{"rendered":"Aumento de doen\u00e7as transmitidas por vetores, \u00e1gua e alimentos; piora nas condi\u00e7\u00f5es&hellip;\n","protected":false},"author":19,"featured_media":2308,"comment_status":"open","ping_status":"open","sticky":false,"template":"","format":"standard","meta":[],"categories":[1,2],"tags":[],"acf":[],"_links":{"self":[{"href":"https:\/\/revistacienciaecultura.org.br\/index.php?rest_route=\/wp\/v2\/posts\/2307"}],"collection":[{"href":"https:\/\/revistacienciaecultura.org.br\/index.php?rest_route=\/wp\/v2\/posts"}],"about":[{"href":"https:\/\/revistacienciaecultura.org.br\/index.php?rest_route=\/wp\/v2\/types\/post"}],"author":[{"embeddable":true,"href":"https:\/\/revistacienciaecultura.org.br\/index.php?rest_route=\/wp\/v2\/users\/19"}],"replies":[{"embeddable":true,"href":"https:\/\/revistacienciaecultura.org.br\/index.php?rest_route=%2Fwp%2Fv2%2Fcomments&post=2307"}],"version-history":[{"count":1,"href":"https:\/\/revistacienciaecultura.org.br\/index.php?rest_route=\/wp\/v2\/posts\/2307\/revisions"}],"predecessor-version":[{"id":2309,"href":"https:\/\/revistacienciaecultura.org.br\/index.php?rest_route=\/wp\/v2\/posts\/2307\/revisions\/2309"}],"wp:featuredmedia":[{"embeddable":true,"href":"https:\/\/revistacienciaecultura.org.br\/index.php?rest_route=\/wp\/v2\/media\/2308"}],"wp:attachment":[{"href":"https:\/\/revistacienciaecultura.org.br\/index.php?rest_route=%2Fwp%2Fv2%2Fmedia&parent=2307"}],"wp:term":[{"taxonomy":"category","embeddable":true,"href":"https:\/\/revistacienciaecultura.org.br\/index.php?rest_route=%2Fwp%2Fv2%2Fcategories&post=2307"},{"taxonomy":"post_tag","embeddable":true,"href":"https:\/\/revistacienciaecultura.org.br\/index.php?rest_route=%2Fwp%2Fv2%2Ftags&post=2307"}],"curies":[{"name":"wp","href":"https:\/\/api.w.org\/{rel}","templated":true}]}}