{"id":2330,"date":"2022-06-01T11:28:49","date_gmt":"2022-06-01T11:28:49","guid":{"rendered":"https:\/\/revistacienciaecultura.org.br\/?p=2330"},"modified":"2022-06-01T11:28:49","modified_gmt":"2022-06-01T11:28:49","slug":"mostra-inedita-online-e-presencial-com-200-filmes-comemora-o-bicentenario-da-independencia","status":"publish","type":"post","link":"https:\/\/revistacienciaecultura.org.br\/?p=2330","title":{"rendered":"Mostra in\u00e9dita online e presencial com 200 filmes comemora o bicenten\u00e1rio da Independ\u00eancia"},"content":{"rendered":"<p>200 filmes para comemorar 200 anos da independ\u00eancia do Brasil. Entre os dias 02 e 30 de junho, a Secretaria de Cultura e Economia Criativa do Estado de S\u00e3o Paulo apresenta a mostra \u201c200 anos da Independ\u00eancia em 200 filmes\u201d, que comemora o Bicenten\u00e1rio da Independ\u00eancia do Brasil com uma sele\u00e7\u00e3o de cem curtas e cem longas-metragens nacionais.<\/p>\n<p>Os filmes ser\u00e3o apresentados gratuitamente no formato virtual pela plataforma de streaming e v\u00eddeo por demanda do Governo do Estado #CulturaEmCasa, gerida pela Amigos da Arte. A mostra tamb\u00e9m ter\u00e1 apresenta\u00e7\u00f5es presenciais no Cine Petra Belas Artes, na regi\u00e3o central de S\u00e3o Paulo, a pre\u00e7os populares (com\u00a0ingresso a R$ 4\u00a0e meia-entrada a R$ 2). A mostra ocupar\u00e1 a sala 4 do Petra Belas Artes com pelo menos quatro sess\u00f5es di\u00e1rias compostas por um curta, seguido de um longa-metragem.<\/p>\n<p>O festival conta com obras de diversos per\u00edodos e movimentos como Cin\u00e9dia, Vera Cruz, Chanchadas da Atl\u00e2ntida, Cinema Novo pioneiros, Cinema Marginal do Rio, Cinema Marginal de SP, Boca do Lixo, Pornochanchadas, Cinema da Embrafilme, Novo Cinema Paulista, Cinema da Retomada, al\u00e9m da produ\u00e7\u00e3o atual. A produ\u00e7\u00e3o brasileira de curta-metragem tamb\u00e9m \u00e9 extensa, com destaque para a produ\u00e7\u00e3o do final dos anos 1980 e in\u00edcio dos 1990.<\/p>\n<p>A mostra foi aberta nesta ter\u00e7a-feira com a exibi\u00e7\u00e3o do filme \u201cUm Broto Legal\u201d, uma cinebiografia da cantora Celly Campello. Na programa\u00e7\u00e3o, est\u00e3o grandes cl\u00e1ssicos do cinema nacional como &#8220;Vidas Secas&#8221;, &#8220;O Assalto ao Trem Pagador&#8221;, &#8220;Rio, 40 Graus&#8221;, &#8220;Madame Sat\u00e3&#8221; e &#8220;Que Horas Ela Volta?&#8221;.<\/p>\n<h4 id=\"servico\"><strong>Servi\u00e7o<\/strong><\/h4>\n<p><strong>Mostra: 200 anos da Independ\u00eancia em 200 filmes<\/strong><\/p>\n<p>Data: 2 a 30 de junho de 2022<\/p>\n<p>Hor\u00e1rios: Sess\u00f5es di\u00e1rias<\/p>\n<p>Ingresso: R$ 4,00 e R$ 2,00 (meia entrada)<\/p>\n<p>Onde: Cine Petra Belas Artes<\/p>\n<p>Endere\u00e7o: Rua da Consola\u00e7\u00e3o, 2423<\/p>\n<p>Informa\u00e7\u00f5es:\u00a0<a href=\"http:\/\/www.cinebelasartes.com.br\/\">www.cinebelasartes.com.br<\/a><\/p>\n<p>&nbsp;<\/p>\n<p><em>*Com informa\u00e7\u00f5es de <a href=\"https:\/\/www.cinebelasartes.com.br\/programacao\/200-anos-da-independencia-em-200-filmes\/\">Cine Belas Artes<\/a><\/em><\/p>\n<p>&nbsp;<\/p>\n<h6 id=\"imagem-cena-do-filme-um-broto-legal-de-luiz-alberto-pereira-sinny-assessoria-e-comunicacao-divulgacao\"><strong>Imagem: Cena do Filme &#8220;Um Broto Legal&#8221;, de Luiz Alberto Pereira\u00a0<\/strong><br \/>\n(Sinny Assessoria e Comunica\u00e7\u00e3o. Divulga\u00e7\u00e3o)<\/h6>\n","protected":false},"excerpt":{"rendered":"200 filmes para comemorar 200 anos da independ\u00eancia do Brasil. Entre os&hellip;\n","protected":false},"author":19,"featured_media":2331,"comment_status":"open","ping_status":"open","sticky":false,"template":"","format":"standard","meta":[],"categories":[1,2],"tags":[],"acf":[],"_links":{"self":[{"href":"https:\/\/revistacienciaecultura.org.br\/index.php?rest_route=\/wp\/v2\/posts\/2330"}],"collection":[{"href":"https:\/\/revistacienciaecultura.org.br\/index.php?rest_route=\/wp\/v2\/posts"}],"about":[{"href":"https:\/\/revistacienciaecultura.org.br\/index.php?rest_route=\/wp\/v2\/types\/post"}],"author":[{"embeddable":true,"href":"https:\/\/revistacienciaecultura.org.br\/index.php?rest_route=\/wp\/v2\/users\/19"}],"replies":[{"embeddable":true,"href":"https:\/\/revistacienciaecultura.org.br\/index.php?rest_route=%2Fwp%2Fv2%2Fcomments&post=2330"}],"version-history":[{"count":1,"href":"https:\/\/revistacienciaecultura.org.br\/index.php?rest_route=\/wp\/v2\/posts\/2330\/revisions"}],"predecessor-version":[{"id":2332,"href":"https:\/\/revistacienciaecultura.org.br\/index.php?rest_route=\/wp\/v2\/posts\/2330\/revisions\/2332"}],"wp:featuredmedia":[{"embeddable":true,"href":"https:\/\/revistacienciaecultura.org.br\/index.php?rest_route=\/wp\/v2\/media\/2331"}],"wp:attachment":[{"href":"https:\/\/revistacienciaecultura.org.br\/index.php?rest_route=%2Fwp%2Fv2%2Fmedia&parent=2330"}],"wp:term":[{"taxonomy":"category","embeddable":true,"href":"https:\/\/revistacienciaecultura.org.br\/index.php?rest_route=%2Fwp%2Fv2%2Fcategories&post=2330"},{"taxonomy":"post_tag","embeddable":true,"href":"https:\/\/revistacienciaecultura.org.br\/index.php?rest_route=%2Fwp%2Fv2%2Ftags&post=2330"}],"curies":[{"name":"wp","href":"https:\/\/api.w.org\/{rel}","templated":true}]}}