{"id":2333,"date":"2022-06-02T08:00:31","date_gmt":"2022-06-02T08:00:31","guid":{"rendered":"https:\/\/revistacienciaecultura.org.br\/?p=2333"},"modified":"2022-06-01T11:33:36","modified_gmt":"2022-06-01T11:33:36","slug":"biblioteca-nacional-abre-selecao-para-apoio-a-pesquisa-sobre-bicentenario-da-independencia","status":"publish","type":"post","link":"https:\/\/revistacienciaecultura.org.br\/?p=2333","title":{"rendered":"Biblioteca Nacional abre sele\u00e7\u00e3o para apoio \u00e0 pesquisa sobre bicenten\u00e1rio da independ\u00eancia"},"content":{"rendered":"<p>Para comemorar o Bicenten\u00e1rio da Independ\u00eancia, a <a href=\"https:\/\/www.bn.gov.br\/\">Biblioteca Nacional<\/a> (FBN), autarquia vinculada \u00e0 Secretaria Nacional da Cultura do Minist\u00e9rio do Turismo, est\u00e1 com inscri\u00e7\u00f5es abertas para a concess\u00e3o de bolsas para o desenvolvimento de pesquisas que tratem dos 200 anos da independ\u00eancia do Brasil. As inscri\u00e7\u00f5es v\u00e3o at\u00e9 o dia 11 de julho. Ao todo, est\u00e3o previstas quatro bolsas no valor de R$ 30 mil cada, totalizando R$ 120 mil.<\/p>\n<p>Os projetos dever\u00e3o conter, obrigatoriamente, como fontes principais ou objeto da pesquisa, pe\u00e7as ou cole\u00e7\u00f5es dos acervos da Funda\u00e7\u00e3o Biblioteca Nacional, em qualquer uma de suas \u00e1reas. Os selecionados dever\u00e3o dedicar 20 horas semanais, no m\u00ednimo, \u00e0s atividades de pesquisa previstas no projeto. Al\u00e9m disso, dever\u00e3o apresentar plano de trabalho em at\u00e9 30 dias ap\u00f3s a assinatura do contrato contendo atividade formativa a ser oferecida aos servidores da FBN e\/ou ao p\u00fablico em geral, com dura\u00e7\u00e3o m\u00ednima de oito horas.<\/p>\n<p>Os registros dos projetos inscritos, selecionados ou n\u00e3o, poder\u00e3o fazer parte do cadastro da Funda\u00e7\u00e3o Biblioteca Nacional para fins de pesquisa, documenta\u00e7\u00e3o e mapeamento da produ\u00e7\u00e3o cultural brasileira, a crit\u00e9rio da FBN.<\/p>\n<p>Para se inscrever, os pesquisadores dever\u00e3o encaminhar\u00a0<a href=\"mailto:editaispesquisa@bn.gov.br\">e-mail<\/a>\u00a0com uma c\u00f3pia do RG, formul\u00e1rio de inscri\u00e7\u00e3o, c\u00f3pia do curr\u00edculo acad\u00eamico da Plataforma Lattes atualizado e o projeto de pesquisa.<\/p>\n<p>Confira <a href=\"https:\/\/www.bn.gov.br\/sites\/default\/files\/documentos\/editais\/2022\/edital-programa-nacional-apoio-pesquisa-biblioteca-nacional\/edital-edital-programa-nacional-apoio-pesquisa-biblioteca.pdf\">aqui o edital<\/a>.<\/p>\n<p>&nbsp;<\/p>\n<p><em>* Com informa\u00e7\u00f5es do <a href=\"https:\/\/www.gov.br\/turismo\/pt-br\">Minist\u00e9rio do Turismo<\/a><\/em><\/p>\n<p>&nbsp;<\/p>\n<h6 id=\"imagem-bibliteca-nacional-no-rio-de-janeiro-divulgacao\">Imagem: Bibliteca Nacional no Rio de Janeiro (Divulga\u00e7\u00e3o)<\/h6>\n","protected":false},"excerpt":{"rendered":"Para comemorar o Bicenten\u00e1rio da Independ\u00eancia, a Biblioteca Nacional (FBN), autarquia vinculada&hellip;\n","protected":false},"author":19,"featured_media":2335,"comment_status":"open","ping_status":"open","sticky":false,"template":"","format":"standard","meta":[],"categories":[1,2],"tags":[],"acf":[],"_links":{"self":[{"href":"https:\/\/revistacienciaecultura.org.br\/index.php?rest_route=\/wp\/v2\/posts\/2333"}],"collection":[{"href":"https:\/\/revistacienciaecultura.org.br\/index.php?rest_route=\/wp\/v2\/posts"}],"about":[{"href":"https:\/\/revistacienciaecultura.org.br\/index.php?rest_route=\/wp\/v2\/types\/post"}],"author":[{"embeddable":true,"href":"https:\/\/revistacienciaecultura.org.br\/index.php?rest_route=\/wp\/v2\/users\/19"}],"replies":[{"embeddable":true,"href":"https:\/\/revistacienciaecultura.org.br\/index.php?rest_route=%2Fwp%2Fv2%2Fcomments&post=2333"}],"version-history":[{"count":3,"href":"https:\/\/revistacienciaecultura.org.br\/index.php?rest_route=\/wp\/v2\/posts\/2333\/revisions"}],"predecessor-version":[{"id":2336,"href":"https:\/\/revistacienciaecultura.org.br\/index.php?rest_route=\/wp\/v2\/posts\/2333\/revisions\/2336"}],"wp:featuredmedia":[{"embeddable":true,"href":"https:\/\/revistacienciaecultura.org.br\/index.php?rest_route=\/wp\/v2\/media\/2335"}],"wp:attachment":[{"href":"https:\/\/revistacienciaecultura.org.br\/index.php?rest_route=%2Fwp%2Fv2%2Fmedia&parent=2333"}],"wp:term":[{"taxonomy":"category","embeddable":true,"href":"https:\/\/revistacienciaecultura.org.br\/index.php?rest_route=%2Fwp%2Fv2%2Fcategories&post=2333"},{"taxonomy":"post_tag","embeddable":true,"href":"https:\/\/revistacienciaecultura.org.br\/index.php?rest_route=%2Fwp%2Fv2%2Ftags&post=2333"}],"curies":[{"name":"wp","href":"https:\/\/api.w.org\/{rel}","templated":true}]}}