{"id":2359,"date":"2022-06-03T11:02:23","date_gmt":"2022-06-03T11:02:23","guid":{"rendered":"https:\/\/revistacienciaecultura.org.br\/?p=2359"},"modified":"2022-06-03T11:02:23","modified_gmt":"2022-06-03T11:02:23","slug":"museu-do-ipiranga-celebra-reabertura-proxima-com-videos-ineditos","status":"publish","type":"post","link":"https:\/\/revistacienciaecultura.org.br\/?p=2359","title":{"rendered":"Museu do Ipiranga celebra reabertura pr\u00f3xima com v\u00eddeos in\u00e9ditos"},"content":{"rendered":"<p>Faltando 100 dias para a sua reabertura ao p\u00fablico \u2013 prevista para 7 de setembro pr\u00f3ximo \u2013 o Museu Paulista da USP, tamb\u00e9m conhecido como Museu do Ipiranga, lan\u00e7ou no final de maio dois v\u00eddeos para celebrar essa data. Um dos v\u00eddeos tem a participa\u00e7\u00e3o da Orquestra Brasil Jazz Sinf\u00f4nica, mantida pelo governo do Estado de S\u00e3o Paulo, que executa o\u00a0<em>Hino da Independ\u00eancia<\/em>. O outro v\u00eddeo traz a S\u00e3o Paulo Companhia de Dan\u00e7a (SPCD), tamb\u00e9m ligada ao governo do Estado. As duas produ\u00e7\u00f5es foram gravadas no Edif\u00edcio Monumento do Museu Paulista e no Parque da Independ\u00eancia, na zona sul de S\u00e3o Paulo, onde fica o museu.<\/p>\n<p>Com pouco mais de quatro minutos de dura\u00e7\u00e3o, o v\u00eddeo com a Brasil Jazz Sinf\u00f4nica apresenta o\u00a0<em>Hino da Independ\u00eancia<\/em>, composto por D. Pedro I e Evaristo da Veiga, em arranjo de Ruri\u00e1 Duprat, que tamb\u00e9m rege o conjunto. No v\u00eddeo, em alguns momentos a m\u00fasica se mistura harmoniosamente com o barulho de batidas de martelos, lixas raspando paredes e furadeiras em atividade, produzido pelos oper\u00e1rios das obras de reforma do museu. A concep\u00e7\u00e3o \u00e9 de F\u00e1bio Borba e a dire\u00e7\u00e3o, de Jarbas Agnelli. \u201cTemos uma orquestra dupla: a Brasil Jazz Sinf\u00f4nica e a \u2018orquestra\u2019 dos oper\u00e1rios\u201d, afirma Duprat, conforme divulgou a assessoria de imprensa do museu. Com a presen\u00e7a da orquestra completa \u2013 que soma 70 m\u00fasicos -, o v\u00eddeo faz homenagem ao Bicenten\u00e1rio da Independ\u00eancia e \u00e0 reforma do Museu Paulista.<\/p>\n<p>J\u00e1 o v\u00eddeo com a S\u00e3o Paulo Companhia de Dan\u00e7a \u00e9 o primeiro de uma s\u00e9rie de cinco produ\u00e7\u00f5es intitulada\u00a0<em>SPCD no Museu<\/em>. A s\u00e9rie dar\u00e1 destaque para a arquitetura do museu, ao mostrar performances da companhia diante da fachada do edif\u00edcio e entre seus corredores, varandas e sal\u00f5es \u2013 como acontece no primeiro epis\u00f3dio, que tem tr\u00eas minutos de dura\u00e7\u00e3o. Os cinco v\u00eddeos da s\u00e9rie contam com concep\u00e7\u00e3o e dire\u00e7\u00e3o de In\u00eas Bog\u00e9a, diretora art\u00edstica da SPCD, e trilha sonora original do pianista Andr\u00e9 Mehmari.<\/p>\n<p>\u201cUm dos compromissos constantes da S\u00e3o Paulo Companhia de Dan\u00e7a \u00e9 difundir a arte da dan\u00e7a para todos os p\u00fablicos\u201d, disse In\u00eas Bog\u00e9a. \u201cNa s\u00e9rie\u00a0<em>SPCD no Museu<\/em>, apresentamos um novo olhar para a arquitetura e as obras de um lugar fundamental do nosso patrim\u00f4nio hist\u00f3rico. Ao reinventar, descobrir e experimentar novos movimentos no Museu do Ipiranga, queremos instigar as pessoas a redescobrirem esse espa\u00e7o singular da cidade meses antes de sua reinaugura\u00e7\u00e3o.\u201d<\/p>\n<p>A diretora do Museu Paulista, professora Rosaria Ono, destaca a import\u00e2ncia da parceria com a orquestra e o grupo de dan\u00e7a. \u201c\u00c9 uma alegria para o Museu do Ipiranga, que passa por uma fase de renova\u00e7\u00e3o, essa parceria com dois grupos art\u00edsticos de extrema relev\u00e2ncia para o nosso cen\u00e1rio cultural\u201d, comemora Rosaria. \u201cEm ambas as institui\u00e7\u00f5es, \u00e9 not\u00f3rio o amor pela cultura, pela arte e pela hist\u00f3ria do nosso pa\u00eds. Esse encontro, portanto, nos parece a oportunidade perfeita para, juntos, exaltarmos esses valores.\u201d<\/p>\n<p>Fechado para o p\u00fablico desde 2013, o Museu Paulista da USP seguiu em atividade nos \u00faltimos nove anos com eventos, cursos, palestras e oficinas realizados em diferentes espa\u00e7os da cidade. As obras de restauro, amplia\u00e7\u00e3o e moderniza\u00e7\u00e3o do museu s\u00e3o financiadas via Lei Federal de Incentivo \u00e0 Cultura. A gest\u00e3o do projeto Novo Museu do Ipiranga \u00e9 feita de forma compartilhada pelo Comit\u00ea Gestor Museu do Ipiranga 2022, pela dire\u00e7\u00e3o do Museu Paulista e pela Funda\u00e7\u00e3o de Apoio \u00e0 USP (FUSP). As obras foram iniciadas em outubro de 2019. A reabertura do museu, no dia 7 de setembro deste ano, ser\u00e1 um dos eventos que marcar\u00e3o o bicenten\u00e1rio da Independ\u00eancia do Brasil.<\/p>\n<p>\u201cO edif\u00edcio, tombado pelo patrim\u00f4nio hist\u00f3rico municipal, estadual e federal, foi constru\u00eddo entre 1885 e 1890 e est\u00e1 situado dentro do complexo do Parque da Independ\u00eancia, em S\u00e3o Paulo\u201d, informa a assessoria de imprensa do museu. \u201cConcebido originalmente como um monumento \u00e0 Independ\u00eancia, tornou-se em 1895 a sede do Museu do Estado, criado dois anos antes, sendo o museu p\u00fablico mais antigo de S\u00e3o Paulo e um dos mais antigos do Pa\u00eds. Desde 1963 est\u00e1 sob a administra\u00e7\u00e3o da USP, atendendo \u00e0s fun\u00e7\u00f5es de ensino, pesquisa e extens\u00e3o.\u201d<\/p>\n<p><strong>Assista aos v\u00eddeos aqui:<\/strong><\/p>\n<p><a href=\"https:\/\/youtu.be\/5r_4GpEmCsg\">Homenagem aos 200 anos de Independ\u00eancia do Brasil<\/a> \u2013 Orquestra Brasil Jazz Sinf\u00f4nica<\/p>\n<p><a href=\"https:\/\/youtu.be\/GLoc9toa314\">SPDC no Museu<\/a> \u2013 S\u00e3o Paulo Companhia de Dan\u00e7a<\/p>\n<p>&nbsp;<\/p>\n<p><em>* Com informa\u00e7\u00f5es do <a href=\"jornal.usp.br\">Jornal da USP<\/a><\/em><\/p>\n<p>&nbsp;<\/p>\n<h6 id=\"imagem-charles-lima-reproducao\">Imagem: Charles Lima\/ Reprodu\u00e7\u00e3o<\/h6>\n","protected":false},"excerpt":{"rendered":"Faltando 100 dias para a sua reabertura ao p\u00fablico \u2013 prevista para&hellip;\n","protected":false},"author":19,"featured_media":2360,"comment_status":"open","ping_status":"open","sticky":false,"template":"","format":"standard","meta":[],"categories":[1,2],"tags":[],"acf":[],"_links":{"self":[{"href":"https:\/\/revistacienciaecultura.org.br\/index.php?rest_route=\/wp\/v2\/posts\/2359"}],"collection":[{"href":"https:\/\/revistacienciaecultura.org.br\/index.php?rest_route=\/wp\/v2\/posts"}],"about":[{"href":"https:\/\/revistacienciaecultura.org.br\/index.php?rest_route=\/wp\/v2\/types\/post"}],"author":[{"embeddable":true,"href":"https:\/\/revistacienciaecultura.org.br\/index.php?rest_route=\/wp\/v2\/users\/19"}],"replies":[{"embeddable":true,"href":"https:\/\/revistacienciaecultura.org.br\/index.php?rest_route=%2Fwp%2Fv2%2Fcomments&post=2359"}],"version-history":[{"count":1,"href":"https:\/\/revistacienciaecultura.org.br\/index.php?rest_route=\/wp\/v2\/posts\/2359\/revisions"}],"predecessor-version":[{"id":2361,"href":"https:\/\/revistacienciaecultura.org.br\/index.php?rest_route=\/wp\/v2\/posts\/2359\/revisions\/2361"}],"wp:featuredmedia":[{"embeddable":true,"href":"https:\/\/revistacienciaecultura.org.br\/index.php?rest_route=\/wp\/v2\/media\/2360"}],"wp:attachment":[{"href":"https:\/\/revistacienciaecultura.org.br\/index.php?rest_route=%2Fwp%2Fv2%2Fmedia&parent=2359"}],"wp:term":[{"taxonomy":"category","embeddable":true,"href":"https:\/\/revistacienciaecultura.org.br\/index.php?rest_route=%2Fwp%2Fv2%2Fcategories&post=2359"},{"taxonomy":"post_tag","embeddable":true,"href":"https:\/\/revistacienciaecultura.org.br\/index.php?rest_route=%2Fwp%2Fv2%2Ftags&post=2359"}],"curies":[{"name":"wp","href":"https:\/\/api.w.org\/{rel}","templated":true}]}}