{"id":2390,"date":"2022-06-06T13:19:34","date_gmt":"2022-06-06T13:19:34","guid":{"rendered":"https:\/\/revistacienciaecultura.org.br\/?p=2390"},"modified":"2022-06-06T13:19:34","modified_gmt":"2022-06-06T13:19:34","slug":"sbpc-e-abc-lancam-pagina-sobre-o-ano-internacional-das-ciencias-basicas","status":"publish","type":"post","link":"https:\/\/revistacienciaecultura.org.br\/?p=2390","title":{"rendered":"SBPC e ABC lan\u00e7am p\u00e1gina sobre o Ano Internacional das Ci\u00eancias B\u00e1sicas"},"content":{"rendered":"<p>A Sociedade Brasileira para o Progresso da Ci\u00eancia (SBPC), em parceria com a Academia Brasileira de Ci\u00eancias (ABC), lan\u00e7a a vers\u00e3o em portugu\u00eas do site do Ano Internacional das Ci\u00eancias B\u00e1sicas para o Desenvolvimento Sustent\u00e1vel 2022-23 (IYBSSD, sigla em ingl\u00eas). A p\u00e1gina ser\u00e1 atualizada periodicamente com a programa\u00e7\u00e3o dos eventos no Brasil.<\/p>\n<p>O Ano Internacional das Ci\u00eancias B\u00e1sicas para o Desenvolvimento Sustent\u00e1vel foi definido pela Assembleia Geral das Na\u00e7\u00f5es Unidas com o objetivo de ressaltar a liga\u00e7\u00e3o entre as ci\u00eancias b\u00e1sicas e os Objetivos de Desenvolvimento Sustent\u00e1vel (ODS), al\u00e9m de destacar como as ci\u00eancias b\u00e1sicas s\u00e3o essenciais ao desenvolvimento sustent\u00e1vel.<\/p>\n<p>De 1\u00ba de julho de 2022 a 1\u00ba de julho de 2023, academias e associa\u00e7\u00f5es cient\u00edficas em todo o mundo realizar\u00e3o eventos, palestras, reuni\u00f5es e outras a\u00e7\u00f5es para demonstrar a import\u00e2ncia da ci\u00eancia b\u00e1sica para o futuro. Aqui no Brasil, a SBPC e a ABC s\u00e3o parceiras desta iniciativa e participar\u00e3o das atividades oficiais, assim como da avalia\u00e7\u00e3o de propostas para eventos a serem organizados oficialmente no \u00e2mbito do Ano Internacional das Ci\u00eancias B\u00e1sicas para o Desenvolvimento Sustent\u00e1vel.<\/p>\n<p>Segundo Paulo Artaxo, vice-presidente da SBPC, o objetivo do Ano Internacional das Ci\u00eancias B\u00e1sicas para o Desenvolvimento Sustent\u00e1vel \u00e9 ressaltar a liga\u00e7\u00e3o entre as ci\u00eancias b\u00e1sicas e os Objetivos de Desenvolvimento Sustent\u00e1vel. \u201cTanto a ci\u00eancia b\u00e1sica, que avan\u00e7a no conhecimento necess\u00e1rio para o desenvolvimento do planeta e da sociedade, quanto a ci\u00eancia aplicada, s\u00e3o fundamentais como ferramentas de promo\u00e7\u00e3o nos ODS e do progresso econ\u00f4mico\u201d, ressalta. \u201cNossa sociedade tem desafios enormes como observamos na pandemia de covid-19, e somente com forte desenvolvimento das ci\u00eancias b\u00e1sicas conseguiremos responder aos desafios que termos que enfrentar nas pr\u00f3ximas d\u00e9cadas.\u201d<\/p>\n<p>O site ir\u00e1 listar todas as atividades organizadas oficialmente no \u00e2mbito do Ano Internacional das Ci\u00eancias B\u00e1sicas para o Desenvolvimento Sustent\u00e1vel.<\/p>\n<p>Propostas de atividades pelas associa\u00e7\u00f5es cient\u00edficas j\u00e1 podem ser submetidas para an\u00e1lise. O processo \u00e9 simples, basta acessar o formul\u00e1rio na p\u00e1gina da SBPC e da ABC e enviar as propostas.<\/p>\n<p><a href=\"http:\/\/portal.sbpcnet.org.br\/ano-internacional-das-ciencias-basicas\/\" target=\"_blank\" rel=\"noopener\">Acesse aqui a p\u00e1gina do\u00a0Ano Internacional das Ci\u00eancias B\u00e1sicas para o Desenvolvimento Sustent\u00e1vel 2022-23<\/a>.<\/p>\n<p><em>* Com informa\u00e7\u00f5es do <a href=\"http:\/\/jcnoticias.jornaldaciencia.org.br\/\">Jornal da Ci\u00eancia<\/a><\/em><\/p>\n","protected":false},"excerpt":{"rendered":"A Sociedade Brasileira para o Progresso da Ci\u00eancia (SBPC), em parceria com&hellip;\n","protected":false},"author":19,"featured_media":2391,"comment_status":"open","ping_status":"open","sticky":false,"template":"","format":"standard","meta":[],"categories":[1,2],"tags":[],"acf":[],"_links":{"self":[{"href":"https:\/\/revistacienciaecultura.org.br\/index.php?rest_route=\/wp\/v2\/posts\/2390"}],"collection":[{"href":"https:\/\/revistacienciaecultura.org.br\/index.php?rest_route=\/wp\/v2\/posts"}],"about":[{"href":"https:\/\/revistacienciaecultura.org.br\/index.php?rest_route=\/wp\/v2\/types\/post"}],"author":[{"embeddable":true,"href":"https:\/\/revistacienciaecultura.org.br\/index.php?rest_route=\/wp\/v2\/users\/19"}],"replies":[{"embeddable":true,"href":"https:\/\/revistacienciaecultura.org.br\/index.php?rest_route=%2Fwp%2Fv2%2Fcomments&post=2390"}],"version-history":[{"count":1,"href":"https:\/\/revistacienciaecultura.org.br\/index.php?rest_route=\/wp\/v2\/posts\/2390\/revisions"}],"predecessor-version":[{"id":2392,"href":"https:\/\/revistacienciaecultura.org.br\/index.php?rest_route=\/wp\/v2\/posts\/2390\/revisions\/2392"}],"wp:featuredmedia":[{"embeddable":true,"href":"https:\/\/revistacienciaecultura.org.br\/index.php?rest_route=\/wp\/v2\/media\/2391"}],"wp:attachment":[{"href":"https:\/\/revistacienciaecultura.org.br\/index.php?rest_route=%2Fwp%2Fv2%2Fmedia&parent=2390"}],"wp:term":[{"taxonomy":"category","embeddable":true,"href":"https:\/\/revistacienciaecultura.org.br\/index.php?rest_route=%2Fwp%2Fv2%2Fcategories&post=2390"},{"taxonomy":"post_tag","embeddable":true,"href":"https:\/\/revistacienciaecultura.org.br\/index.php?rest_route=%2Fwp%2Fv2%2Ftags&post=2390"}],"curies":[{"name":"wp","href":"https:\/\/api.w.org\/{rel}","templated":true}]}}