{"id":2409,"date":"2022-06-08T11:39:47","date_gmt":"2022-06-08T11:39:47","guid":{"rendered":"https:\/\/revistacienciaecultura.org.br\/?p=2409"},"modified":"2022-06-08T11:39:47","modified_gmt":"2022-06-08T11:39:47","slug":"seminario-da-serie-projeto-para-um-brasil-novo-debatera-mudancas-climaticas-nesta-quarta-feira","status":"publish","type":"post","link":"https:\/\/revistacienciaecultura.org.br\/?p=2409","title":{"rendered":"Semin\u00e1rio da s\u00e9rie \u201cProjeto para um Brasil Novo\u201d debater\u00e1 mudan\u00e7as clim\u00e1ticas nesta quarta-feira"},"content":{"rendered":"<p>A Sociedade Brasileira para o Progresso da Ci\u00eancia (SBPC) realiza nesta quarta-feira, 8 de junho, \u00e0s 16h, a d\u00e9cima sess\u00e3o dos semin\u00e1rios \u201cProjeto para um Brasil Novo\u201d.\u00a0O tema do debate online \u00e9\u00a0<strong>Mudan\u00e7as clim\u00e1ticas<\/strong>\u00a0e ser\u00e1 transmitido pelo\u00a0<a href=\"https:\/\/www.youtube.com\/user\/canalsbpc\">canal da SBPC no YouTube<\/a>.<\/p>\n<p>A discuss\u00e3o ser\u00e1 coordenada por Paulo Artaxo, professor do Instituto de F\u00edsica da Universidade de S\u00e3o Paulo (USP) e vice-presidente da SBPC. Como debatedores, o evento contar\u00e1 com a participa\u00e7\u00e3o de Carlos Nobre, pesquisador do Instituto Nacional de Pesquisas Espaciais (Inpe) e Instituto de Estudos Avan\u00e7ados da USP (IEA-USP), Moacyr Ara\u00fajo, professor associado do Departamento de Oceanografia (DOCEAN), pesquisador do Centro de Estudos e Ensaios em Risco e Modelagem Ambiental (CEERMA), e vice-reitor da Universidade Federal de Pernambuco (UFPE), Suzana Kahn Ribeiro, professora titular da Universidade Federal do Rio de Janeiro (UFRJ) e vice-diretora do Instituto Alberto Luiz Coimbra de P\u00f3s-Gradua\u00e7\u00e3o e Pesquisa em Engenharia (Coppe\/UFRJ), e Thelma Krug, vice-presidente do Invent\u00e1rios Nacionais de Gases de Efeito Estufa do Painel Intergovernamental sobre Mudan\u00e7a do Clima (IPCC).<\/p>\n<p>O evento \u00e9 parte de 12 semin\u00e1rios tem\u00e1ticos que a SBPC est\u00e1 realizando para tratar de temas relevantes que contribuam para o desenvolvimento do Pa\u00eds. Entre os assuntos a serem abordados est\u00e3o \u201cQuest\u00e3o ind\u00edgena\u201d e \u201cCultura\u201d. O primeiro semin\u00e1rio debateu\u00a0<a href=\"http:\/\/www.jornaldaciencia.org.br\/pacto-com-a-sociedade-para-um-novo-brasil\/\" target=\"_blank\" rel=\"noopener\">\u201cCi\u00eancia, Tecnologia e Inova\u00e7\u00e3o<\/a>\u201d, o\u00a0segundo,\u00a0<a href=\"http:\/\/www.jornaldaciencia.org.br\/educacao-basica-e-fundamental-para-a-ciencia-afirmam-especialistas\/\" target=\"_blank\" rel=\"noopener\">\u201cEduca\u00e7\u00e3o b\u00e1sica\u201d<\/a>,\u00a0o terceiro,\u00a0<a href=\"http:\/\/www.jornaldaciencia.org.br\/ensino-superior-tem-que-ser-politica-de-estado-dizem-especialistas\/\" target=\"_blank\" rel=\"noopener\">\u201cEduca\u00e7\u00e3o superior\u201d<\/a>, o quarto,\u00a0<a href=\"http:\/\/www.jornaldaciencia.org.br\/pos-graduacao-em-questao\/\" target=\"_blank\" rel=\"noopener\">\u201cP\u00f3s-gradua\u00e7\u00e3o\u201d<\/a>; o quinto tratou do tema\u00a0<a href=\"http:\/\/www.jornaldaciencia.org.br\/saude-ciencia-e-inovacao-devem-estar-no-centro-de-uma-nova-estrategia-nacional-de-desenvolvimento-afirmam-especialistas\/\" target=\"_blank\" rel=\"noopener\">\u201cSa\u00fade\u201d<\/a>, o sexto \u00a0<a href=\"http:\/\/www.jornaldaciencia.org.br\/o-desafio-de-enfrentar-as-mudancas-climaticas\/\" target=\"_blank\" rel=\"noopener\">\u201cMeio Ambiente\u201d<\/a>,\u00a0 o s\u00e9timo\u00a0<a href=\"http:\/\/www.jornaldaciencia.org.br\/cientistas-apontam-preocupacao-com-desrespeito-a-direitos-humanos\/\" target=\"_blank\" rel=\"noopener\">\u201cDireitos Humanos\u201d<\/a>, e oitavo\u00a0<a href=\"http:\/\/www.jornaldaciencia.org.br\/brasil-precisa-olhar-a-seguranca-publica-como-uma-demanda-alem-da-gestao-policial-apontam-cientistas\/\" target=\"_blank\" rel=\"noopener\">\u201cSeguran\u00e7a P\u00fablica\u201d<\/a>\u00a0e o nono\u00a0<a href=\"http:\/\/www.jornaldaciencia.org.br\/brasil-teve-programas-pela-igualdade-racial-e-de-genero-mas-acoes-afirmativas-vivem-ameacas-hoje\/\" target=\"_blank\" rel=\"noopener\">\u201cDiversidade de g\u00eanero\u201d<\/a>.<\/p>\n<p>Segundo Fernanda Sobral, vice-presidente da SBPC, o objetivo dos eventos \u00e9 engajar a comunidade cient\u00edfica a propor pol\u00edticas p\u00fablicas para os pr\u00f3ximos anos. \u201cA ideia \u00e9 que esses eventos abordem temas relevantes visando \u00e0 elabora\u00e7\u00e3o de um documento com diretrizes e propostas gerais de pol\u00edticas que ser\u00e1 entregue aos candidatos ao Legislativo e ao Executivo da pr\u00f3xima elei\u00e7\u00e3o, durante a 74\u00aa Reuni\u00e3o Anual da SBPC, a ser realizada neste ano na UnB (Universidade de Bras\u00edlia)\u201d, explica. \u201cA ideia \u00e9 n\u00e3o ficarmos apenas na batalha do presente, mas pensarmos um futuro melhor para nosso pa\u00eds\u201d, diz.<\/p>\n<p><strong>Participe:<\/strong><\/p>\n<p><strong>S\u00e9rie\u00a0Projeto para um novo Brasil \u2013 Semin\u00e1rio\u00a0\u201cMudan\u00e7as clim\u00e1ticas\u201d<\/strong><\/p>\n<p><strong>Dia:<\/strong>\u00a08 de junho<\/p>\n<p><strong>Hor\u00e1rio:<\/strong>\u00a016h<\/p>\n<p><strong>Transmiss\u00e3o:\u00a0<\/strong><a href=\"https:\/\/www.youtube.com\/canalsbpc\" target=\"_blank\" rel=\"noopener\">Canal da SBPC no YouTube<\/a>.<\/p>\n<p><a href=\"http:\/\/www.jornaldaciencia.org.br\/\"><em>Jornal da Ci\u00eancia<\/em><\/a><\/p>\n","protected":false},"excerpt":{"rendered":"A Sociedade Brasileira para o Progresso da Ci\u00eancia (SBPC) realiza nesta quarta-feira,&hellip;\n","protected":false},"author":19,"featured_media":2410,"comment_status":"open","ping_status":"open","sticky":false,"template":"","format":"standard","meta":[],"categories":[1,2],"tags":[],"acf":[],"_links":{"self":[{"href":"https:\/\/revistacienciaecultura.org.br\/index.php?rest_route=\/wp\/v2\/posts\/2409"}],"collection":[{"href":"https:\/\/revistacienciaecultura.org.br\/index.php?rest_route=\/wp\/v2\/posts"}],"about":[{"href":"https:\/\/revistacienciaecultura.org.br\/index.php?rest_route=\/wp\/v2\/types\/post"}],"author":[{"embeddable":true,"href":"https:\/\/revistacienciaecultura.org.br\/index.php?rest_route=\/wp\/v2\/users\/19"}],"replies":[{"embeddable":true,"href":"https:\/\/revistacienciaecultura.org.br\/index.php?rest_route=%2Fwp%2Fv2%2Fcomments&post=2409"}],"version-history":[{"count":1,"href":"https:\/\/revistacienciaecultura.org.br\/index.php?rest_route=\/wp\/v2\/posts\/2409\/revisions"}],"predecessor-version":[{"id":2411,"href":"https:\/\/revistacienciaecultura.org.br\/index.php?rest_route=\/wp\/v2\/posts\/2409\/revisions\/2411"}],"wp:featuredmedia":[{"embeddable":true,"href":"https:\/\/revistacienciaecultura.org.br\/index.php?rest_route=\/wp\/v2\/media\/2410"}],"wp:attachment":[{"href":"https:\/\/revistacienciaecultura.org.br\/index.php?rest_route=%2Fwp%2Fv2%2Fmedia&parent=2409"}],"wp:term":[{"taxonomy":"category","embeddable":true,"href":"https:\/\/revistacienciaecultura.org.br\/index.php?rest_route=%2Fwp%2Fv2%2Fcategories&post=2409"},{"taxonomy":"post_tag","embeddable":true,"href":"https:\/\/revistacienciaecultura.org.br\/index.php?rest_route=%2Fwp%2Fv2%2Ftags&post=2409"}],"curies":[{"name":"wp","href":"https:\/\/api.w.org\/{rel}","templated":true}]}}