{"id":2415,"date":"2022-06-10T10:56:06","date_gmt":"2022-06-10T10:56:06","guid":{"rendered":"https:\/\/revistacienciaecultura.org.br\/?p=2415"},"modified":"2022-06-10T11:13:09","modified_gmt":"2022-06-10T11:13:09","slug":"villa-lobos-para-alem-do-modernismo-e-das-fronteiras","status":"publish","type":"post","link":"https:\/\/revistacienciaecultura.org.br\/?p=2415","title":{"rendered":"Villa-Lobos, para al\u00e9m do Modernismo e das fronteiras"},"content":{"rendered":"<p>J\u00e1 reconhecido por sua m\u00fasica erudita, o carioca Heitor Villa-Lobos brilhou na Semana de Arte Moderna de 22, em S\u00e3o Paulo, quando introduziu, naquela oportunidade, elementos do folclore e da m\u00fasica popular, imprimindo em sua obra a vanguarda e o moderno. Mas Villa-Lobos fica restrito ao Modernismo? Qual o papel do m\u00fasico no cen\u00e1rio nacional e internacional?<\/p>\n<p>Os professores Jorge Coli e Loque Arcanjo, estudiosos e apaixonados pela m\u00fasica brasileira, al\u00e9m de autores de livros e artigos sobre arte e sobre o pr\u00f3prio Villa-Lobos, conversaram conosco sobre a vida e a obra do m\u00fasico carioca, num bate-papo que vai deixar voc\u00ea com vontade de ouvir Villa-Lobos.<\/p>\n<p>Jorge Coli \u00e9 professor do Instituto de Filosofia e Ci\u00eancias Humanas (IFCH) da Unicamp (Universidade Estadual de Campinas) e Loque Arcanjo \u00e9 professor da UEMG (Universidade do Estado de Minas Gerais).<\/p>\n<p><iframe loading=\"lazy\" title=\"Spotify Embed: Villa-Lobos, para al\u00e9m do Modernismo e das fronteiras\" style=\"border-radius: 12px\" width=\"100%\" height=\"152\" frameborder=\"0\" allowfullscreen allow=\"autoplay; clipboard-write; encrypted-media; fullscreen; picture-in-picture\" src=\"https:\/\/open.spotify.com\/embed\/episode\/6XYeBepY68UzDdi0fZeGOX?si=4cC_eNocT6eIvXnHMuoXBQ&#038;utm_source=oembed\"><\/iframe><\/p>\n","protected":false},"excerpt":{"rendered":"J\u00e1 reconhecido por sua m\u00fasica erudita, o carioca Heitor Villa-Lobos brilhou na&hellip;\n","protected":false},"author":19,"featured_media":2419,"comment_status":"open","ping_status":"open","sticky":false,"template":"","format":"standard","meta":[],"categories":[4],"tags":[],"acf":[],"_links":{"self":[{"href":"https:\/\/revistacienciaecultura.org.br\/index.php?rest_route=\/wp\/v2\/posts\/2415"}],"collection":[{"href":"https:\/\/revistacienciaecultura.org.br\/index.php?rest_route=\/wp\/v2\/posts"}],"about":[{"href":"https:\/\/revistacienciaecultura.org.br\/index.php?rest_route=\/wp\/v2\/types\/post"}],"author":[{"embeddable":true,"href":"https:\/\/revistacienciaecultura.org.br\/index.php?rest_route=\/wp\/v2\/users\/19"}],"replies":[{"embeddable":true,"href":"https:\/\/revistacienciaecultura.org.br\/index.php?rest_route=%2Fwp%2Fv2%2Fcomments&post=2415"}],"version-history":[{"count":1,"href":"https:\/\/revistacienciaecultura.org.br\/index.php?rest_route=\/wp\/v2\/posts\/2415\/revisions"}],"predecessor-version":[{"id":2417,"href":"https:\/\/revistacienciaecultura.org.br\/index.php?rest_route=\/wp\/v2\/posts\/2415\/revisions\/2417"}],"wp:featuredmedia":[{"embeddable":true,"href":"https:\/\/revistacienciaecultura.org.br\/index.php?rest_route=\/wp\/v2\/media\/2419"}],"wp:attachment":[{"href":"https:\/\/revistacienciaecultura.org.br\/index.php?rest_route=%2Fwp%2Fv2%2Fmedia&parent=2415"}],"wp:term":[{"taxonomy":"category","embeddable":true,"href":"https:\/\/revistacienciaecultura.org.br\/index.php?rest_route=%2Fwp%2Fv2%2Fcategories&post=2415"},{"taxonomy":"post_tag","embeddable":true,"href":"https:\/\/revistacienciaecultura.org.br\/index.php?rest_route=%2Fwp%2Fv2%2Ftags&post=2415"}],"curies":[{"name":"wp","href":"https:\/\/api.w.org\/{rel}","templated":true}]}}