{"id":2420,"date":"2022-06-13T10:35:33","date_gmt":"2022-06-13T10:35:33","guid":{"rendered":"https:\/\/revistacienciaecultura.org.br\/?p=2420"},"modified":"2022-06-13T10:35:33","modified_gmt":"2022-06-13T10:35:33","slug":"sbpc-retoma-reuniao-presencial-com-centenas-de-atividades","status":"publish","type":"post","link":"https:\/\/revistacienciaecultura.org.br\/?p=2420","title":{"rendered":"SBPC retoma reuni\u00e3o presencial com centenas de atividades"},"content":{"rendered":"<p>Ap\u00f3s dois anos atividades virtuais por conta da pandemia de coronav\u00edrus, a Sociedade Brasileira para o Progresso da Ci\u00eancia (SBPC) retoma a realiza\u00e7\u00e3o presencial da Reuni\u00e3o Anual com uma programa\u00e7\u00e3o ainda maior. Esta 74\u00aa edi\u00e7\u00e3o ser\u00e1 h\u00edbrida, com 117 atividades presenciais nos quatro campi da Universidade de Bras\u00edlia (UnB) \u2013 Darcy Ribeiro, Ceil\u00e2ndia, Gama e Planaltina \u2013 e 110 online, com transmiss\u00e3o pelo YouTube. O evento ser\u00e1 realizado de 24 a 30 de julho e ter\u00e1 como tema \u201cCi\u00eancia, independ\u00eancia e soberania nacional\u201d, em alus\u00e3o ao ano que marca o bicenten\u00e1rio da Independ\u00eancia do Brasil e o centen\u00e1rio da Semana de Arte Moderna.<\/p>\n<p>Com 44 confer\u00eancias (27 presenciais), 75 mesas-redondas (50 presenciais), 54 pain\u00e9is (2 presenciais), 16 webminicursos, 4 sess\u00f5es especiais (presenciais), 3 encontros (presenciais) e 1 assembleia (presencial),\u00a0a programa\u00e7\u00e3o foi preparada com o objetivo de levar aos participantes um panorama amplo do que melhor se faz em ci\u00eancia no Brasil. De forma experimental, a SBPC levar\u00e1 \u00e0 UnB 30 atividades presenciais do programa SBPC vai \u00e0 Escola, destinadas aos estudantes e professores da educa\u00e7\u00e3o b\u00e1sica.<\/p>\n<p>Segundo o presidente da SBPC, Renato Janine Ribeiro, as expectativas para a realiza\u00e7\u00e3o desse grande encontro da ci\u00eancia ap\u00f3s quase 30 meses de pandemia s\u00e3o elevadas. \u201cTivemos duas Reuni\u00f5es Anuais virtuais por causa da covid-19 e agora, com os sinais de que a transmiss\u00e3o do coronav\u00edrus est\u00e1 diminuindo e com todos os protocolos de seguran\u00e7a \u2013 mantendo distanciamento, m\u00e1scaras e higieniza\u00e7\u00e3o das m\u00e3os \u2013, estamos muito animados com a volta do presencial. Isso porque o conv\u00edvio humano \u00e9 essencial, principalmente para o p\u00fablico jovem, j\u00e1 que teremos atividades interativas\u201d, afirma.<\/p>\n<p>Janine Ribeiro ressalta ainda que a reuni\u00e3o \u00e9 uma \u00f3tima oportunidade para os participantes verem como que a ci\u00eancia \u00e9 feita, acompanhar discuss\u00f5es interessantes das pol\u00edticas de CT&amp;I e de educa\u00e7\u00e3o. \u201c\u00c9 fascinante descobrir coisas novas e a Reuni\u00e3o Anual, que \u00e9 considerada o maior evento cient\u00edfico brasileiro, \u00e9 uma \u00f3tima oportunidade para isso\u201d, diz.<\/p>\n<h3 id=\"palestrantes\"><strong>Palestrantes<\/strong><\/h3>\n<p>O evento contar\u00e1 com a participa\u00e7\u00e3o de cientistas de destaque no Pa\u00eds e no mundo, como Margareth Dalcolmo, pneumologista e pesquisadora da Escola Nacional de Sa\u00fade P\u00fablica da Funda\u00e7\u00e3o Oswaldo Cruz (Fiocruz), que ir\u00e1 proferir a confer\u00eancia \u201cA vis\u00e3o da ci\u00eancia no enfrentamento da pandemia e o futuro da sa\u00fade no Brasil\u201d.<\/p>\n<p>Como de costume, a Reuni\u00e3o Anual ser\u00e1 um espa\u00e7o de debates estrat\u00e9gicos para o futuro do setor, como a formula\u00e7\u00e3o de pol\u00edticas p\u00fablicas para a CT&amp;I. Por isso, ir\u00e1 reunir gestores importantes da \u00e1rea como Paulo Alvim, ministro de Ci\u00eancia, Tecnologia e Inova\u00e7\u00f5es, Evaldo Ferreira Vilela, presidente do Conselho Nacional de Desenvolvimento Cient\u00edfico e Tecnol\u00f3gico (CNPq), Odir Dellagostin, presidente do Conselho Nacional das Funda\u00e7\u00f5es Estaduais de Amparo \u00e0 Pesquisa (Confap), Cl\u00e1udia Mansani Queda de Toledo, presidente da Coordena\u00e7\u00e3o de Aperfei\u00e7oamento de Pessoal de N\u00edvel Superior(Capes). Parlamentares tamb\u00e9m participar\u00e3o de atividades.<\/p>\n<p>Para debater temas relacionados ao meio ambiente a programa\u00e7\u00e3o contar\u00e1 com a participar\u00e3o de especialistas, dentre eles, Paulo Artaxo, professor do Instituto de F\u00edsica da Universidade de S\u00e3o Paulo (USP), membro do Painel Intergovernamental para Mudan\u00e7as Clim\u00e1ticas (IPCC)\u00a0e vice-presidente da SBPC, Carlos Nobre, pesquisador aposentado do Instituto Nacional de Pesquisas Espaciais (Inpe) e Instituto de Estudos Avan\u00e7ados da USP (IEA-USP), Ricardo Galv\u00e3o, professor titular do Instituto de F\u00edsica da Universidade de S\u00e3o Paulo (USP), e Luciana Gomes Barbosa, professora da Universidade Federal da Para\u00edba (UFPB) e coordenadora do Grupo de Trabalho Meio Ambiente da SBPC.<\/p>\n<p>O evento contar\u00e1 tamb\u00e9m com atra\u00e7\u00f5es como a SBPC Jovem (exposi\u00e7\u00e3o voltada para estudantes do ensino b\u00e1sico e p\u00fablico em geral), a ExpoT&amp;C (mostra de ci\u00eancia e tecnologia), a SBPC Cultural (apresenta\u00e7\u00e3o de atividades art\u00edsticas regionais e discuss\u00f5es sobre temas relacionados \u00e0s artes e \u00e0 cultura), al\u00e9m da SBPC Afro e Ind\u00edgena, SBPC Educa\u00e7\u00e3o e a SBPC Inova\u00e7\u00e3o. De forma experimental, a SBPC levar\u00e1 \u00e0 UnB atividades do programa SBPC vai \u00e0 Escola, destinadas aos estudantes e professores da educa\u00e7\u00e3o b\u00e1sica.<\/p>\n<p>A 74\u00aa edi\u00e7\u00e3o da Reuni\u00e3o Anual ser\u00e1 encerrada com o Dia da Fam\u00edlia na Ci\u00eancia, em um s\u00e1bado dedicado \u00e0 integra\u00e7\u00e3o entre cultura, ci\u00eancia e recrea\u00e7\u00e3o para crian\u00e7as, jovens e seus familiares.<\/p>\n<p>Confira aqui informa\u00e7\u00f5es sobre o evento:\u00a0<a href=\"https:\/\/ra.sbpcnet.org.br\/74RA\/\" target=\"_blank\" rel=\"noopener\">https:\/\/ra.sbpcnet.org.br\/74RA\/<\/a>.<\/p>\n<p><a href=\"http:\/\/www.jornaldaciencia.org.br\/\"><em>Jornal da Ci\u00eancia<\/em><\/a><\/p>\n","protected":false},"excerpt":{"rendered":"Ap\u00f3s dois anos atividades virtuais por conta da pandemia de coronav\u00edrus, a&hellip;\n","protected":false},"author":19,"featured_media":2054,"comment_status":"open","ping_status":"open","sticky":false,"template":"","format":"standard","meta":[],"categories":[1,2],"tags":[],"acf":[],"_links":{"self":[{"href":"https:\/\/revistacienciaecultura.org.br\/index.php?rest_route=\/wp\/v2\/posts\/2420"}],"collection":[{"href":"https:\/\/revistacienciaecultura.org.br\/index.php?rest_route=\/wp\/v2\/posts"}],"about":[{"href":"https:\/\/revistacienciaecultura.org.br\/index.php?rest_route=\/wp\/v2\/types\/post"}],"author":[{"embeddable":true,"href":"https:\/\/revistacienciaecultura.org.br\/index.php?rest_route=\/wp\/v2\/users\/19"}],"replies":[{"embeddable":true,"href":"https:\/\/revistacienciaecultura.org.br\/index.php?rest_route=%2Fwp%2Fv2%2Fcomments&post=2420"}],"version-history":[{"count":1,"href":"https:\/\/revistacienciaecultura.org.br\/index.php?rest_route=\/wp\/v2\/posts\/2420\/revisions"}],"predecessor-version":[{"id":2421,"href":"https:\/\/revistacienciaecultura.org.br\/index.php?rest_route=\/wp\/v2\/posts\/2420\/revisions\/2421"}],"wp:featuredmedia":[{"embeddable":true,"href":"https:\/\/revistacienciaecultura.org.br\/index.php?rest_route=\/wp\/v2\/media\/2054"}],"wp:attachment":[{"href":"https:\/\/revistacienciaecultura.org.br\/index.php?rest_route=%2Fwp%2Fv2%2Fmedia&parent=2420"}],"wp:term":[{"taxonomy":"category","embeddable":true,"href":"https:\/\/revistacienciaecultura.org.br\/index.php?rest_route=%2Fwp%2Fv2%2Fcategories&post=2420"},{"taxonomy":"post_tag","embeddable":true,"href":"https:\/\/revistacienciaecultura.org.br\/index.php?rest_route=%2Fwp%2Fv2%2Ftags&post=2420"}],"curies":[{"name":"wp","href":"https:\/\/api.w.org\/{rel}","templated":true}]}}