{"id":2427,"date":"2022-06-14T13:12:19","date_gmt":"2022-06-14T13:12:19","guid":{"rendered":"https:\/\/revistacienciaecultura.org.br\/?p=2427"},"modified":"2022-06-14T13:12:19","modified_gmt":"2022-06-14T13:12:19","slug":"museu-disponibiliza-livros-sobre-villa-lobos-para-download-gratuito","status":"publish","type":"post","link":"https:\/\/revistacienciaecultura.org.br\/?p=2427","title":{"rendered":"Museu disponibiliza livros sobre Villa-Lobos para download gratuito"},"content":{"rendered":"<p>Uma s\u00e9rie bibliogr\u00e1fica em 14 volumes que re\u00fane v\u00e1rios artigos de intelectuais, amigos, m\u00fasicos e personalidades em homenagem aquele que \u00e9 considerado um dos maiores m\u00fasicos brasileiros. Os livros \u201cPresen\u00e7a de Villa-Lobos\u201d contam um pouco sobre essa c\u00e9lebre figura nacional \u2014 e agora est\u00e3o dispon\u00edveis para download gratuito pela <a href=\"https:\/\/museuvillalobos.museus.gov.br\/index.php\/hemeroteca-digital\">biblioteca virtual<\/a>\u00a0do <a href=\"https:\/\/museuvillalobos.museus.gov.br\/\">Museu Villa-Lobos<\/a>.<\/p>\n<p>Os primeiros 12 volumes da s\u00e9rie foram publicados entre 1965 e 1981, sob a dire\u00e7\u00e3o de Arminda Villa-Lobos, segunda esposa do compositor. O 13.\u00ba volume data de 1989 e o 14.\u00ba, em homenagem \u00e0 Arminda, \u00e9 de 2012.<\/p>\n<p>Considerado, ainda em vida, o maior compositor das Am\u00e9ricas, Heitor Villa-Lobos comp\u00f4s cerca de mil obras. Sua import\u00e2ncia reside, entre outros aspectos, no fato de ter reformulado o conceito brasileiro de nacionalismo musical, tornando-se seu maior expoente. Foi tamb\u00e9m com Villa-Lobos que a m\u00fasica brasileira de concerto se tornou amplamente reconhecida em outros pa\u00edses.<\/p>\n<p>O Museu Villa-Lobos nasceu como institui\u00e7\u00e3o p\u00fablica federal em 22 de junho\u00a0de 1960. Sob a guarda da institui\u00e7\u00e3o, encontra-se uma parcela significativa de cole\u00e7\u00f5es que t\u00eam como suporte o papel: partituras manuscritas e impressas, correspond\u00eancia,\u00a0documentos textuais, fotografias, programas de concertos, recortes de jornais nacionais\u00a0e internacionais e cartazes; al\u00e9m do acervo sonoro e das cole\u00e7\u00f5es de instrumentos\u00a0musicais, artes visuais, homenagens e objetos pessoais, entre outros. O mais completo acervo musical sobre o compositor, incluindo a quase totalidade de seus originais, est\u00e1\u00a0preservado no museu.<\/p>\n<p>Clique\u00a0<a href=\"https:\/\/drive.google.com\/drive\/folders\/1xU361YZ8lnFf-Jpz-fMbLq8xbGaLOokA?usp=sharing\">aqui<\/a>\u00a0para ter acesso aos livros em formato PDF.<\/p>\n<p>&nbsp;<\/p>\n<p><em>* Com informa\u00e7\u00f5es do <a href=\"https:\/\/museuvillalobos.museus.gov.br\/\">Museu Villa-Lobos<\/a><\/em><\/p>\n","protected":false},"excerpt":{"rendered":"Uma s\u00e9rie bibliogr\u00e1fica em 14 volumes que re\u00fane v\u00e1rios artigos de intelectuais,&hellip;\n","protected":false},"author":19,"featured_media":2428,"comment_status":"open","ping_status":"open","sticky":false,"template":"","format":"standard","meta":[],"categories":[1,2],"tags":[],"acf":[],"_links":{"self":[{"href":"https:\/\/revistacienciaecultura.org.br\/index.php?rest_route=\/wp\/v2\/posts\/2427"}],"collection":[{"href":"https:\/\/revistacienciaecultura.org.br\/index.php?rest_route=\/wp\/v2\/posts"}],"about":[{"href":"https:\/\/revistacienciaecultura.org.br\/index.php?rest_route=\/wp\/v2\/types\/post"}],"author":[{"embeddable":true,"href":"https:\/\/revistacienciaecultura.org.br\/index.php?rest_route=\/wp\/v2\/users\/19"}],"replies":[{"embeddable":true,"href":"https:\/\/revistacienciaecultura.org.br\/index.php?rest_route=%2Fwp%2Fv2%2Fcomments&post=2427"}],"version-history":[{"count":1,"href":"https:\/\/revistacienciaecultura.org.br\/index.php?rest_route=\/wp\/v2\/posts\/2427\/revisions"}],"predecessor-version":[{"id":2429,"href":"https:\/\/revistacienciaecultura.org.br\/index.php?rest_route=\/wp\/v2\/posts\/2427\/revisions\/2429"}],"wp:featuredmedia":[{"embeddable":true,"href":"https:\/\/revistacienciaecultura.org.br\/index.php?rest_route=\/wp\/v2\/media\/2428"}],"wp:attachment":[{"href":"https:\/\/revistacienciaecultura.org.br\/index.php?rest_route=%2Fwp%2Fv2%2Fmedia&parent=2427"}],"wp:term":[{"taxonomy":"category","embeddable":true,"href":"https:\/\/revistacienciaecultura.org.br\/index.php?rest_route=%2Fwp%2Fv2%2Fcategories&post=2427"},{"taxonomy":"post_tag","embeddable":true,"href":"https:\/\/revistacienciaecultura.org.br\/index.php?rest_route=%2Fwp%2Fv2%2Ftags&post=2427"}],"curies":[{"name":"wp","href":"https:\/\/api.w.org\/{rel}","templated":true}]}}