{"id":2488,"date":"2022-06-21T11:27:41","date_gmt":"2022-06-21T11:27:41","guid":{"rendered":"https:\/\/revistacienciaecultura.org.br\/?p=2488"},"modified":"2022-06-21T11:27:41","modified_gmt":"2022-06-21T11:27:41","slug":"dia-nacional-de-nao-aos-cortes-em-educacao-e-ciencia","status":"publish","type":"post","link":"https:\/\/revistacienciaecultura.org.br\/?p=2488","title":{"rendered":"Dia Nacional de \u201cN\u00e3o aos cortes em Educa\u00e7\u00e3o e Ci\u00eancia\u201d"},"content":{"rendered":"<p>Cerca de 20 universidades e entidades cient\u00edficas e acad\u00eamicas realizam nesta ter\u00e7a-feira (21) o\u00a0Dia Nacional de\u00a0<strong>\u201cN\u00e3o\u00a0aos cortes em Educa\u00e7\u00e3o e Ci\u00eancia\u201d<\/strong>. Com um dia de manifesta\u00e7\u00f5es virtuais, o foco central das atividades s\u00e3o os cortes anunciados pelo governo para ci\u00eancia, educa\u00e7\u00e3o, cultura, sa\u00fade,\u00a0meio ambiente e inclus\u00e3o social, \u00e1reas decisivas para o futuro do Brasil.<\/p>\n<p>Os atos contra os cortes or\u00e7ament\u00e1rios come\u00e7am logo pela manh\u00e3. Entre elas est\u00e1 a live promovida pela Rede Lepel e Gepec \u201cN\u00e3o aos Cortes em Educa\u00e7\u00e3o e Ci\u00eancia\u201d, das 8h \u00e0s 10h. Coordenado por Joelma Albuquerque, da Universidade Federal de Alagoas (Ufal), o evento contar\u00e1 com a participa\u00e7\u00e3o de Cassia Hack, da Universidade Federal do Amap\u00e1 (Unifap), e Celi Taffarel, da Universidade Federal da Bahia (UFBA).<\/p>\n<p>\u00c0s 8h30, a Associa\u00e7\u00e3o Brasileira de Antropologia (ABA) promove a palestra\u00a0\u201cContexto do financiamento da educa\u00e7\u00e3o e da ci\u00eancia no Brasil\u201d, que ser\u00e1 proferida por Greg\u00f3rio Grisa, do Instituto Federal do Rio Grande do Sul (IFRS).\u00a0O mediador ser\u00e1 Guillermo Vega Sanabria, da Universidade Federal da Bahia (UFBA).<\/p>\n<p>\u00c0s 10h ser\u00e3o tr\u00eas atividades, dentre elas, o painel \u201cN\u00e3o aos cortes em Educa\u00e7\u00e3o e Ci\u00eancia\u201d. Com media\u00e7\u00e3o de Dinara Moura, da Universidade Federal de Ci\u00eancias da Sa\u00fade de Porto Alegre (UFCSPA), a atividade contar\u00e1 com a participa\u00e7\u00e3o de Odir Dellagostin, diretor-presidente da Funda\u00e7\u00e3o de Amparo \u00e0 Pesquisa do Rio Grande do Sul (Fapergs), Soraya Smaili, professora titular do Departamento de Farmacologia da Escola Paulista de Medicina da Universidade Federal de S\u00e3o Paulo (Unifesp), e Tiago Oliveira, da UFCSPA.<\/p>\n<p>Entre 14h e 16h, a Sociedade Brasileira para o Progresso da Ci\u00eancia (SBPC) realiza o ato\u00a0<strong>central \u201cA responsabilidade da Economia nos cortes em Ci\u00eancia e Educa\u00e7\u00e3o: A meta \u00e9 desenvolver ou subdesenvolver?\u201d<\/strong>. Coordenado pelo presidente da SBPC, Renato Janine Ribeiro, o evento contar\u00e1 com a participa\u00e7\u00e3o de Cl\u00e9lio Campolina Diniz, ex-ministro da Ci\u00eancia, Tecnologia e Inova\u00e7\u00e3o (2014), e Nelson Henrique Barbosa Filho, ex-ministro do Planejamento (2015) e da Fazenda (2016). A atividade contar\u00e1 tamb\u00e9m com depoimentos em v\u00eddeos de Fernanda Haddad, ex-ministro da Educa\u00e7\u00e3o (2005-2012), Luiz Carlos Bresser-Pereira, ex-ministro da Fazenda (1987), Administra\u00e7\u00e3o Federal e Reforma do Estado (1995-98) e da Ci\u00eancia e Tecnologia (1999), e Sergio Machado Rezende, ex-ministro da Ci\u00eancia e Tecnologia (2005-2010).<\/p>\n<p>Logo em seguida, \u00e0s 16h, o Dia Nacional de\u00a0<strong>\u201cN\u00e3o\u00a0aos cortes em Educa\u00e7\u00e3o e Ci\u00eancia\u201d\u00a0<\/strong><strong>contar\u00e1 com<\/strong>\u00a0outras tr\u00eas atividades, dentre elas, a mesa-redonda \u201cCi\u00eancia e Universidade na Atual Conjuntura Sociopol\u00edtica Nacional: Desafios e Estrat\u00e9gias Em Tempos de Bloqueios Or\u00e7ament\u00e1rios e Sucateamento das Institui\u00e7\u00f5es Federais\u201d. O evento contar\u00e1 com a participa\u00e7\u00e3o de\u00a0In\u00e1cio Arruda, diretor regional do Nordeste do Conselho Nacional de Secret\u00e1rios Estaduais para Assuntos de Ci\u00eancia, Tecnologia e Inova\u00e7\u00e3o (Consecti),\u00a0Fabio Guedes Gomes, secret\u00e1rio-executivo da Iniciativa para Ci\u00eancia e Tecnologia no Parlamento (ICTP.br),\u00a0Antonio Gomes Souza Filho, da Universidade Federal do Cear\u00e1 (UFC), Fernando Peregrino, presidente do Conselho Nacional das Funda\u00e7\u00f5es de Apoio \u00e0s Institui\u00e7\u00f5es de Ensino Superior e de Pesquisa Cient\u00edfica e Tecnol\u00f3gica (Confies), Clovis Ricardo Montenegro de Lima, pesquisador titular do Instituto Brasileiro de Informa\u00e7\u00e3o em Ci\u00eancia e Tecnologia (Ibict). Entre os debatedores est\u00e3o\u00a0Enio Pontes, da Federa\u00e7\u00e3o de Sindicatos de Professores e Professoras de Institui\u00e7\u00f5es Federais de<br \/>\nEnsino Superior e de Ensino B\u00e1sico T\u00e9cnico e Tecnol\u00f3gico (PROIFES Federa\u00e7\u00e3o), e\u00a0Barbara Coelho, professora adjunto da Universidade Federal da Bahia (UFBA)\u00a0 e do GT de C&amp;T da APUB.<\/p>\n<p>O dia ser\u00e1 finalizado \u00e0s 19h com a atividade\u00a0<strong>\u201cN\u00c3O aos cortes em Educa\u00e7\u00e3o e Ci\u00eancia em Minas Gerais\u201d<\/strong>\u00a0(APUBH\/CNDE\/MG\/FEPEMG\/FOMEJA\/IFMG).<\/p>\n<p><a href=\"http:\/\/portal.sbpcnet.org.br\/nao-aos-cortes-educacao-e-ciencia\/\">A programa\u00e7\u00e3o completa<\/a>\u00a0est\u00e1 disponibilizada no site da SBPC e ser\u00e1 divulgada ao longo do dia nas redes sociais da entidade (@SBPCnet).<\/p>\n<p>Confira e fa\u00e7a parte desta mobiliza\u00e7\u00e3o!<\/p>\n<p><strong>Confira a programa\u00e7\u00e3o:<\/strong><\/p>\n<p>SBF na mobiliza\u00e7\u00e3o pela Ci\u00eancia e pela Educa\u00e7\u00e3o.\u00a0<a href=\"https:\/\/www.youtube.com\/c\/SociedadeBrasileiradeF%C3%ADsica\" target=\"_blank\" rel=\"noopener\">Assista aqui<\/a>.\u00a0<a href=\"http:\/\/portal.sbpcnet.org.br\/wp-content\/uploads\/2022\/06\/Nao_aos_cortes_SBF.jpeg\" target=\"_blank\" rel=\"noopener\">Card de divulga\u00e7\u00e3o<\/a><\/p>\n<p>MutaGen-Brasil\u00a0na mobiliza\u00e7\u00e3o pela Ci\u00eancia e pela Educa\u00e7\u00e3o.\u00a0<a href=\"https:\/\/youtu.be\/A7G5MbR46_Q\" target=\"_blank\" rel=\"noopener\">Assista aqui<\/a>.<\/p>\n<p>08h \u00e0s 10h \u2013 Live da Rede Lepel e Gepec \u201cN\u00e3o aos Cortes em Educa\u00e7\u00e3o e Ci\u00eancia\u201d. Coordena\u00e7\u00e3o: Joelma Albuquerque (UFAL), Cassia Hack (UNIFAP) e Celi Taffarel (UFAL\/UFBA).\u00a0<a href=\"https:\/\/www.youtube.com\/watch?v=IvnImUkEWCY\" target=\"_blank\" rel=\"noopener\">Assista aqui<\/a>.<\/p>\n<p>08h30 \u2013\u00a0\u201cContexto do financiamento da educa\u00e7\u00e3o e da ci\u00eancia no Brasil\u201d (ABA).\u00a0Palestrante: Greg\u00f3rio Grisa (IFRS).\u00a0Mediador: Guillermo Vega Sanabria (UFBA).\u00a0<a href=\"https:\/\/www.youtube.com\/channel\/UCmPI3wees4g61zbGfePk4YQ\" target=\"_blank\" rel=\"noopener\">Assista aqui<\/a>.<\/p>\n<p>10h \u2013\u00a0\u00a0\u201cANPOLL\u00a0na mobiliza\u00e7\u00e3o pela Ci\u00eancia e pela Educa\u00e7\u00e3o\u201d.\u00a0Coordena\u00e7\u00e3o: Ana Cr\u00e9lia Dias (UFRJ\/ANPOLL). Participantes:\u00a0Alice Casimiro Lopes (UERJ\/FAPERJ),\u00a0Dani Balbi (SEE-RJ\/ALERJ).\u00a0<a href=\"https:\/\/www.youtube.com\/c\/CanaldaANPOLL\/\">Assista aqui<\/a>.<\/p>\n<p>10h \u2013 Painel \u201cN\u00e3o aos cortes em Educa\u00e7\u00e3o e Ci\u00eancia\u201d (UFCSPA). Media\u00e7\u00e3o: Dinara Moura (UFCSPA). Participantes: Odir Dellagostin (Fapergs), Soraya Smaili (UNIFESP) e Tiago Oliveira (UFCSPA).\u00a0<a href=\"https:\/\/www.youtube.com\/watch?v=L3Cxd64Dx6U\" target=\"_blank\" rel=\"noopener\">Assista aqui<\/a>.\u00a0<a href=\"http:\/\/portal.sbpcnet.org.br\/wp-content\/uploads\/2022\/06\/WhatsApp-Image-2022-06-17-at-20.35.33.jpeg\" target=\"_blank\" rel=\"noopener\">Card de divulga\u00e7\u00e3o<\/a>.<\/p>\n<p>10h \u2013\u00a0Comunica\u00e7\u00e3o, inclus\u00e3o e pol\u00edticas p\u00fablicas (ABRAPCORP). Modera\u00e7\u00e3o:\u00a0M\u00f4nica Fort (UTP). Participantes:\u00a0Palestrantes: Anderson Lopes (USP) e Aline Ferreira Lira (UFAM).\u00a0<a href=\"https:\/\/www.youtube.com\/c\/Abrapcorp\" target=\"_blank\" rel=\"noopener\">Assista aqui<\/a>.<\/p>\n<p>11h30 \u2013\u00a0Manifesta\u00e7\u00e3o presencial contra os cortes na Educa\u00e7\u00e3o e Ci\u00eancia em Minas Gerais (APUBH\/SINDIFES\/APG\/OAP) \u2013 Local: Gramado da Reitoria da UFMG<\/p>\n<p><strong>14h \u00e0s 16h \u2013 Ato central \u201cA responsabilidade da Economia nos cortes em Ci\u00eancia e Educa\u00e7\u00e3o:\u00a0A meta \u00e9 desenvolver ou subdesenvolver?\u201d.\u00a0<a href=\"https:\/\/www.youtube.com\/canalsbpc\" target=\"_blank\" rel=\"noopener\">Assista aqui<\/a>.<\/strong><\/p>\n<p>16h \u2013\u00a0Debates REMIR-ABET \u201cN\u00e3o aos cortes em Educa\u00e7\u00e3o e Ci\u00eancia\u201d \u2013 Media\u00e7\u00e3o: Paula Freitas (UNICAMP). Participantes:\u00a0Jo\u00e3o Carlos Salles\u00a0(UFBA), Gra\u00e7a Druck (UFBA) e Marcos Ferraz (UFPR).\u00a0<a href=\"https:\/\/youtu.be\/O61gilSKWWA\" target=\"_blank\" rel=\"noopener\">Assista aqui<\/a>.<\/p>\n<p>16h \u2013\u00a0Mesa-redonda \u201cCi\u00eancia e Universidade na Atual Conjuntura Sociopol\u00edtica Nacional: Desafios e Estrat\u00e9gias Em Tempos de Bloqueios Or\u00e7ament\u00e1rios e Sucateamento das Institui\u00e7\u00f5es Federais\u201d. Participantes:\u00a0In\u00e1cio Arruda (Consecti),\u00a0Fabio Guedes Gomes (ICTP.br),\u00a0Antonio Gomes Souza Filho (UFC), Fernando Peregrino (Confies), Clovis Ricardo Montenegro de Lima (Ibict). Debatedores:\u00a0Enio Pontes (PROIFES Federa\u00e7\u00e3o) e\u00a0Barbara Coelho (UFBA\/GT de C&amp;T da APUB).\u00a0<a href=\"https:\/\/www.youtube.com\/user\/PROIFESFEDERACAO\" target=\"_blank\" rel=\"noopener\">Assista aqui<\/a>.<\/p>\n<p>16h \u2013 Painel \u201cSem presente, sem Futuro: Educa\u00e7\u00e3o e Ci\u00eancia em Risco\u201d (UFMG).\u00a0Abertura: Apresenta\u00e7\u00e3o de v\u00eddeo do Cedecom com pronunciamento da Reitora. Mediador: Fernando Reis (pr\u00f3-reitor de Pesquisa da UFMG).\u00a0Participantes: Natacha Rena (Escola de Arquitetura da UFMG),\u00a0L\u00edvia Pancr\u00e1cio de Errico (Escola de Enfermagem da UFMG),\u00a0Maria Fernanda Salcedo Repol\u00eas (Faculdade de Direito da UFMG),\u00a0Francisco de Paula Antunes Lima (Escola de Engenharia da UFMG) e Marina de Lima Tavares (Faculdade de Educa\u00e7\u00e3o da UFMG).\u00a0<a href=\"https:\/\/www.youtube.com\/cacufmg\" target=\"_blank\" rel=\"noopener\">Assista aqui<\/a>.\u00a0<a href=\"https:\/\/www.instagram.com\/p\/Ce7dfVIM5YB\/\" target=\"_blank\" rel=\"noopener\">Card de divulga\u00e7\u00e3o<\/a><\/p>\n<p>17h30\u00a0\u2013 Mesa-redonda \u201cN\u00e3o aos cortes em Educa\u00e7\u00e3o e Ci\u00eancia\u201d (UFRN).\u00a0Media\u00e7\u00e3o:\u00a0Maralice Freitas (jornalista). Participantes: Jos\u00e9 Daniel Diniz Melo (UFRN), representantes do Diret\u00f3rio Central do Estudantes (DCE), Sindicato dos Docentes da UFRN (Adurn), Sindicato Estadual dos Trabalhadores em Educa\u00e7\u00e3o de Ensino Superior (Sintest) e Associa\u00e7\u00e3o dos T\u00e9cnicos de N\u00edvel Superior (Atens).\u00a0<a href=\"https:\/\/www.youtube.com\/channel\/UCbnu_Rlu_aPVI0FKG3enw_Q\" target=\"_blank\" rel=\"noopener\">Assista aqui<\/a>.<\/p>\n<p>18h \u2013 \u201cN\u00e3o aos Cortes na Educa\u00e7\u00e3o e Ci\u00eancia: Mobiliza\u00e7\u00e3o da Marcha pela Ci\u00eancia em S\u00e3o Paulo 2022\u2033 (SBPC-SPI, Cientistas Engajados, APqC, Via Saber)<\/p>\n<p>18h \u2013 \u201cN\u00e3o aos cortes em Educa\u00e7\u00e3o e Ci\u00eancia e Cultura\u201d (ABEM\/ABET\/ANPPOM).\u00a0<a href=\"https:\/\/www.youtube.com\/channel\/UCmRe2h-Y7BQdBIIWDwnX4ag\" target=\"_blank\" rel=\"noopener\">Assista aqui<\/a>.<\/p>\n<p>18h \u2013\u00a0\u201cImpactos dos cortes no financiamento em pesquisa para a produ\u00e7\u00e3o cient\u00edfica na Bahia\u201d (LAC-FMB-UFBA).\u00a0<a href=\"https:\/\/www.youtube.com\/c\/LACFMB\" target=\"_blank\" rel=\"noopener\">Assista aqui<\/a>.<\/p>\n<p>18h \u2013\u00a0Ato conjunto: UFABC CONTRA CORTES. Presencial: Campus Santo Andr\u00e9, piso vermelho.\u00a0<a href=\"http:\/\/portal.sbpcnet.org.br\/wp-content\/uploads\/2022\/06\/WhatsApp-Image-2022-06-15-at-12.19.53.jpeg\" target=\"_blank\" rel=\"noopener\">Card de divulga\u00e7\u00e3o<\/a><\/p>\n<p>18h \u2013 Painel \u201cEduca\u00e7\u00e3o e Ci\u00eancia em Risco:\u00a0 Essencialidade da Ci\u00eancia para a Educa\u00e7\u00e3o B\u00e1sica\u201d (UFMG).\u00a0Abertura: Apresenta\u00e7\u00e3o de v\u00eddeo do Cedecom com pronunciamento da Reitora.\u00a0Mediadora: Viviane S. Alves\u00a0(PROEX \u2013 UFMG).\u00a0Participantes:\u00a0Ana Cristina Ribeiro Vaz (Programa UFMG Jovem Conhecimento para todos),\u00a0Cleida Aparecida de Oliveira (PROFBIO), Nilma Soares da Silva (COMFIC),\u00a0R\u00fabia Santos Fonseca (Rede de Museus e Espa\u00e7os de Ci\u00eancias e Cultura da UFMG) e\u00a0Santer Alvares de Matos\u00a0(Febrat).\u00a0<a href=\"https:\/\/www.youtube.com\/c\/Extens%C3%A3oUFMGcanal\/videos\" target=\"_blank\" rel=\"noopener\">Assista aqui<\/a>.\u00a0<a href=\"https:\/\/www.instagram.com\/p\/Ce7dfVIM5YB\/\" target=\"_blank\" rel=\"noopener\">Card de divulga\u00e7\u00e3o<\/a><\/p>\n<p>19h \u2013 \u201cN\u00c3O aos cortes em Educa\u00e7\u00e3o e Ci\u00eancia em Minas Gerais\u201d (APUBH\/CNDE\/MG\/FEPEMG\/FOMEJA\/IFMG).\u00a0<a href=\"https:\/\/youtu.be\/4Pe2nZOon_c\" target=\"_blank\" rel=\"noopener\">Assista aqui<\/a>.<\/p>\n<p><a href=\"http:\/\/www.jornaldaciencia.org.br\/\"><em>Jornal da Ci\u00eancia<\/em><\/a><\/p>\n","protected":false},"excerpt":{"rendered":"Cerca de 20 universidades e entidades cient\u00edficas e acad\u00eamicas realizam nesta ter\u00e7a-feira&hellip;\n","protected":false},"author":19,"featured_media":2489,"comment_status":"open","ping_status":"open","sticky":false,"template":"","format":"standard","meta":[],"categories":[1,2],"tags":[],"acf":[],"_links":{"self":[{"href":"https:\/\/revistacienciaecultura.org.br\/index.php?rest_route=\/wp\/v2\/posts\/2488"}],"collection":[{"href":"https:\/\/revistacienciaecultura.org.br\/index.php?rest_route=\/wp\/v2\/posts"}],"about":[{"href":"https:\/\/revistacienciaecultura.org.br\/index.php?rest_route=\/wp\/v2\/types\/post"}],"author":[{"embeddable":true,"href":"https:\/\/revistacienciaecultura.org.br\/index.php?rest_route=\/wp\/v2\/users\/19"}],"replies":[{"embeddable":true,"href":"https:\/\/revistacienciaecultura.org.br\/index.php?rest_route=%2Fwp%2Fv2%2Fcomments&post=2488"}],"version-history":[{"count":1,"href":"https:\/\/revistacienciaecultura.org.br\/index.php?rest_route=\/wp\/v2\/posts\/2488\/revisions"}],"predecessor-version":[{"id":2490,"href":"https:\/\/revistacienciaecultura.org.br\/index.php?rest_route=\/wp\/v2\/posts\/2488\/revisions\/2490"}],"wp:featuredmedia":[{"embeddable":true,"href":"https:\/\/revistacienciaecultura.org.br\/index.php?rest_route=\/wp\/v2\/media\/2489"}],"wp:attachment":[{"href":"https:\/\/revistacienciaecultura.org.br\/index.php?rest_route=%2Fwp%2Fv2%2Fmedia&parent=2488"}],"wp:term":[{"taxonomy":"category","embeddable":true,"href":"https:\/\/revistacienciaecultura.org.br\/index.php?rest_route=%2Fwp%2Fv2%2Fcategories&post=2488"},{"taxonomy":"post_tag","embeddable":true,"href":"https:\/\/revistacienciaecultura.org.br\/index.php?rest_route=%2Fwp%2Fv2%2Ftags&post=2488"}],"curies":[{"name":"wp","href":"https:\/\/api.w.org\/{rel}","templated":true}]}}