{"id":2502,"date":"2022-06-23T14:13:43","date_gmt":"2022-06-23T14:13:43","guid":{"rendered":"https:\/\/revistacienciaecultura.org.br\/?p=2502"},"modified":"2022-06-23T14:15:36","modified_gmt":"2022-06-23T14:15:36","slug":"24-cientistas-brasileiras-que-todos-precisam-conhecer","status":"publish","type":"post","link":"https:\/\/revistacienciaecultura.org.br\/?p=2502","title":{"rendered":"24 cientistas brasileiras que todos precisam conhecer"},"content":{"rendered":"<p><em>Apesar de todos os desafios e preconceitos, \u00e9 cada vez mais marcante a import\u00e2ncia da presen\u00e7a das mulheres na ci\u00eancia. Elas venceram os mais variados obst\u00e1culos para deixarem sua marca e fazerem hist\u00f3ria, fazendo tamb\u00e9m a ci\u00eancia avan\u00e7ar. Conhe\u00e7a algumas dessas brasileiras brilhantes que contribu\u00edram para o desenvolvimento da ci\u00eancia.<\/em><\/p>\n<h6 id=\"bertha-lutzreproducao\"><img loading=\"lazy\" class=\"alignnone wp-image-2505\" src=\"https:\/\/revistacienciaecultura.org.br\/wp-content\/uploads\/2022\/06\/bertha-lutz.jpeg\" alt=\"\" width=\"324\" height=\"400\" srcset=\"https:\/\/revistacienciaecultura.org.br\/wp-content\/uploads\/2022\/06\/bertha-lutz.jpeg 202w, https:\/\/revistacienciaecultura.org.br\/wp-content\/uploads\/2022\/06\/bertha-lutz-10x12.jpeg 10w\" sizes=\"(max-width: 324px) 100vw, 324px\" \/><br \/>\n<strong>Bertha Lutz<\/strong><br \/>\n(reprodu\u00e7\u00e3o)<\/h6>\n<h3 id=\"bertha-lutz\"><strong>Bertha Lutz\u00a0<\/strong><\/h3>\n<p>Cientista e bi\u00f3loga especializada em anf\u00edbios, filha de Adolfo Lutz (refer\u00eancia da zoologia m\u00e9dica no Brasil), foi a segunda mulher a fazer parte do servi\u00e7o p\u00fablico do Brasil. Descobriu uma nova esp\u00e9cie de sapo e em 1919, se tornou pesquisadora do Museu Nacional do Rio de Janeiro. Para al\u00e9m da ci\u00eancia, participou da Confer\u00eancia das Na\u00e7\u00f5es Unidas em S\u00e3o Francisco, em 1945, onde lutou para que a igualdade de g\u00eanero fosse inclu\u00edda na Carta das Na\u00e7\u00f5es Unidas.<\/p>\n<h6 id=\"debora-dinizreproducao\"><img loading=\"lazy\" class=\"alignnone wp-image-2506\" src=\"https:\/\/revistacienciaecultura.org.br\/wp-content\/uploads\/2022\/06\/De\u0301bora-Diniz-.jpeg\" alt=\"\" width=\"400\" height=\"267\" srcset=\"https:\/\/revistacienciaecultura.org.br\/wp-content\/uploads\/2022\/06\/De\u0301bora-Diniz-.jpeg 768w, https:\/\/revistacienciaecultura.org.br\/wp-content\/uploads\/2022\/06\/De\u0301bora-Diniz--300x200.jpeg 300w, https:\/\/revistacienciaecultura.org.br\/wp-content\/uploads\/2022\/06\/De\u0301bora-Diniz--18x12.jpeg 18w\" sizes=\"(max-width: 400px) 100vw, 400px\" \/><br \/>\n<strong>D\u00e9bora Diniz<\/strong><br \/>\n(Reprodu\u00e7\u00e3o)<\/h6>\n<h3 id=\"debora-diniz\"><strong>D\u00e9bora Diniz <\/strong><\/h3>\n<p>Antrop\u00f3loga, documentarista, especialista em bio\u00e9tica e professora licenciada da Faculdade de Direito da Universidade de Bras\u00edlia (UnB), Fundou o Instituto de Bio\u00e9tica, Direitos Humanos e G\u00eanero (Anis), que atua principalmente com os direitos reprodutivos das mulheres.<\/p>\n<h6 id=\"debora-menezesreproducao\"><img loading=\"lazy\" class=\"alignnone wp-image-2161\" src=\"https:\/\/revistacienciaecultura.org.br\/wp-content\/uploads\/2022\/05\/debora2.jpg\" alt=\"\" width=\"400\" height=\"169\" srcset=\"https:\/\/revistacienciaecultura.org.br\/wp-content\/uploads\/2022\/05\/debora2.jpg 1197w, https:\/\/revistacienciaecultura.org.br\/wp-content\/uploads\/2022\/05\/debora2-300x127.jpg 300w, https:\/\/revistacienciaecultura.org.br\/wp-content\/uploads\/2022\/05\/debora2-1024x433.jpg 1024w, https:\/\/revistacienciaecultura.org.br\/wp-content\/uploads\/2022\/05\/debora2-768x325.jpg 768w, https:\/\/revistacienciaecultura.org.br\/wp-content\/uploads\/2022\/05\/debora2-18x8.jpg 18w, https:\/\/revistacienciaecultura.org.br\/wp-content\/uploads\/2022\/05\/debora2-800x338.jpg 800w, https:\/\/revistacienciaecultura.org.br\/wp-content\/uploads\/2022\/05\/debora2-1160x490.jpg 1160w\" sizes=\"(max-width: 400px) 100vw, 400px\" \/><br \/>\n<strong>D\u00e9bora Menezes<\/strong><br \/>\n(Reprodu\u00e7\u00e3o)<\/h6>\n<h3 id=\"debora-menezes\"><strong>D\u00e9bora Menezes<\/strong><\/h3>\n<p>Professora titular do Departamento de F\u00edsica da UFSC (Universidade Federal de Santa Catarina), tornou-se a primeira mulher eleita presidente da Sociedade Brasileira de F\u00edsica (SBF). Suas pesquisas envolvem a \u00e1rea de f\u00edsica de h\u00e1drons, interface entre a f\u00edsica nuclear de baixas energias e a f\u00edsica de part\u00edculas elementares.<\/p>\n<h6 id=\"elisa-frota-pessoareproducao\"><img loading=\"lazy\" class=\"alignnone wp-image-2507\" src=\"https:\/\/revistacienciaecultura.org.br\/wp-content\/uploads\/2022\/06\/elisa-frota-pessoa.jpg\" alt=\"\" width=\"300\" height=\"400\" srcset=\"https:\/\/revistacienciaecultura.org.br\/wp-content\/uploads\/2022\/06\/elisa-frota-pessoa.jpg 984w, https:\/\/revistacienciaecultura.org.br\/wp-content\/uploads\/2022\/06\/elisa-frota-pessoa-225x300.jpg 225w, https:\/\/revistacienciaecultura.org.br\/wp-content\/uploads\/2022\/06\/elisa-frota-pessoa-768x1024.jpg 768w, https:\/\/revistacienciaecultura.org.br\/wp-content\/uploads\/2022\/06\/elisa-frota-pessoa-9x12.jpg 9w, https:\/\/revistacienciaecultura.org.br\/wp-content\/uploads\/2022\/06\/elisa-frota-pessoa-800x1067.jpg 800w\" sizes=\"(max-width: 300px) 100vw, 300px\" \/><br \/>\n<strong>Elisa Frota Pessoa<\/strong><br \/>\n(Reprodu\u00e7\u00e3o)<\/h6>\n<h3 id=\"elisa-frota-pessoa\"><strong>Elisa Frota Pessoa\u00a0<\/strong><\/h3>\n<p>Uma das primeiras mulheres a se formar em f\u00edsica no Brasil, destacando-se nos estudos sobre radioatividade. Uma das pioneiras na ci\u00eancia no pa\u00eds, fundou o Centro Brasileiro de Pesquisas F\u00edsicas, onde coordenou o Laborat\u00f3rio de Emuls\u00f5es Nucleares.<\/p>\n<h6 id=\"elza-furtado-gomidereproducao\"><img loading=\"lazy\" class=\"alignnone wp-image-2508\" src=\"https:\/\/revistacienciaecultura.org.br\/wp-content\/uploads\/2022\/06\/Elza-Furtado-Gomide-.jpeg\" alt=\"\" width=\"271\" height=\"400\" srcset=\"https:\/\/revistacienciaecultura.org.br\/wp-content\/uploads\/2022\/06\/Elza-Furtado-Gomide-.jpeg 220w, https:\/\/revistacienciaecultura.org.br\/wp-content\/uploads\/2022\/06\/Elza-Furtado-Gomide--203x300.jpeg 203w, https:\/\/revistacienciaecultura.org.br\/wp-content\/uploads\/2022\/06\/Elza-Furtado-Gomide--8x12.jpeg 8w\" sizes=\"(max-width: 271px) 100vw, 271px\" \/><br \/>\n<strong>Elza Furtado Gomide<\/strong><br \/>\n(Reprodu\u00e7\u00e3o)<\/h6>\n<h3 id=\"elza-furtado-gomide\"><strong>Elza Furtado Gomide\u00a0<\/strong><\/h3>\n<p>Primeira doutora em matem\u00e1tica pela Universidade de S\u00e3o Paulo (USP). Foi eleita chefe do Departamento de Matem\u00e1tica da USP em 1968 e tornou-se militante pelas quest\u00f5es ligadas ao ensino.<\/p>\n<h6 id=\"enedina-alves-marquesreproducao\"><img loading=\"lazy\" class=\"alignnone wp-image-2509\" src=\"https:\/\/revistacienciaecultura.org.br\/wp-content\/uploads\/2022\/06\/Enedina-Alves-Marques-.jpeg\" alt=\"\" width=\"400\" height=\"256\" srcset=\"https:\/\/revistacienciaecultura.org.br\/wp-content\/uploads\/2022\/06\/Enedina-Alves-Marques-.jpeg 1009w, https:\/\/revistacienciaecultura.org.br\/wp-content\/uploads\/2022\/06\/Enedina-Alves-Marques--300x192.jpeg 300w, https:\/\/revistacienciaecultura.org.br\/wp-content\/uploads\/2022\/06\/Enedina-Alves-Marques--768x492.jpeg 768w, https:\/\/revistacienciaecultura.org.br\/wp-content\/uploads\/2022\/06\/Enedina-Alves-Marques--18x12.jpeg 18w, https:\/\/revistacienciaecultura.org.br\/wp-content\/uploads\/2022\/06\/Enedina-Alves-Marques--800x512.jpeg 800w\" sizes=\"(max-width: 400px) 100vw, 400px\" \/><br \/>\n<strong>Enedina Alves Marques<\/strong><br \/>\n(Reprodu\u00e7\u00e3o)<\/h6>\n<h3 id=\"enedina-alves-marques\"><strong>Enedina Alves Marques\u00a0<\/strong><\/h3>\n<p>Primeira engenheira negra do Brasil, formou-se em engenharia civil pela Universidade Federal do Paran\u00e1 (UFPR) em 1945. Foi professora, trabalhou como chefe em obras p\u00fablicas e no desenvolvimento do Plano Hidrel\u00e9trico do Paran\u00e1.<\/p>\n<h6 id=\"graziela-maciel-barrosoreproducao\"><img loading=\"lazy\" class=\"alignnone wp-image-2510\" src=\"https:\/\/revistacienciaecultura.org.br\/wp-content\/uploads\/2022\/06\/Graziela-Maciel-Barroso-.jpeg\" alt=\"\" width=\"400\" height=\"225\" srcset=\"https:\/\/revistacienciaecultura.org.br\/wp-content\/uploads\/2022\/06\/Graziela-Maciel-Barroso-.jpeg 700w, https:\/\/revistacienciaecultura.org.br\/wp-content\/uploads\/2022\/06\/Graziela-Maciel-Barroso--300x169.jpeg 300w, https:\/\/revistacienciaecultura.org.br\/wp-content\/uploads\/2022\/06\/Graziela-Maciel-Barroso--18x10.jpeg 18w\" sizes=\"(max-width: 400px) 100vw, 400px\" \/><br \/>\n<strong>Graziela Maciel Barroso<\/strong><br \/>\n(Reprodu\u00e7\u00e3o)<\/h6>\n<h3 id=\"graziela-maciel-barroso\"><strong>Graziela Maciel Barroso\u00a0<\/strong><\/h3>\n<p>Naturalista e bot\u00e2nica brasileira, foi aprovada em segundo lugar no concurso de naturalista do Jardim Bot\u00e2nico do Rio de Janeiro mesmo sem curso superior. Ingressou no curso de biologia na Universidade Estadual do Rio de Janeiro (UERJ) aos 47 anos e defendeu seu doutorado aos 60. Tornou-se a maior taxonomista de plantas no Brasil, tendo mais de 25 esp\u00e9cies batizadas em seu nome e sendo a \u00fanica brasileira a receber a medalha internacional <em>Millenium Botany Award<\/em>.<\/p>\n<h6 id=\"jaqueline-goesreproducao\"><img loading=\"lazy\" class=\"alignnone wp-image-2511\" src=\"https:\/\/revistacienciaecultura.org.br\/wp-content\/uploads\/2022\/06\/jaqueline-goes.jpg\" alt=\"\" width=\"400\" height=\"267\" srcset=\"https:\/\/revistacienciaecultura.org.br\/wp-content\/uploads\/2022\/06\/jaqueline-goes.jpg 600w, https:\/\/revistacienciaecultura.org.br\/wp-content\/uploads\/2022\/06\/jaqueline-goes-300x200.jpg 300w, https:\/\/revistacienciaecultura.org.br\/wp-content\/uploads\/2022\/06\/jaqueline-goes-18x12.jpg 18w\" sizes=\"(max-width: 400px) 100vw, 400px\" \/><br \/>\n<strong>Jaqueline Goes<\/strong><br \/>\n(Reprodu\u00e7\u00e3o)<\/h6>\n<h3 id=\"jaqueline-goes\"><strong>Jaqueline Goes <\/strong><\/h3>\n<p>Doutora em patologia humana e experimental pela Universidade Federal da Bahia (UFBA), a cientista e sua equipe identificaram os primeiros genomas do novo coronav\u00edrus apenas 48 horas depois da confirma\u00e7\u00e3o do primeiro caso de Covid-19 no Brasil. Desenvolve pesquisas na \u00e1rea de arboviroses emergentes em n\u00edvel de p\u00f3s-doutorado no Instituto de Medicina Tropical de S\u00e3o Paulo da Universidade de S\u00e3o Paulo (IMT\/USP).<\/p>\n<h6 id=\"katemari-diogo-rosareproducao\"><img loading=\"lazy\" class=\"alignnone wp-image-2512\" src=\"https:\/\/revistacienciaecultura.org.br\/wp-content\/uploads\/2022\/06\/katemari.jpg\" alt=\"\" width=\"400\" height=\"267\" srcset=\"https:\/\/revistacienciaecultura.org.br\/wp-content\/uploads\/2022\/06\/katemari.jpg 810w, https:\/\/revistacienciaecultura.org.br\/wp-content\/uploads\/2022\/06\/katemari-300x200.jpg 300w, https:\/\/revistacienciaecultura.org.br\/wp-content\/uploads\/2022\/06\/katemari-768x512.jpg 768w, https:\/\/revistacienciaecultura.org.br\/wp-content\/uploads\/2022\/06\/katemari-18x12.jpg 18w, https:\/\/revistacienciaecultura.org.br\/wp-content\/uploads\/2022\/06\/katemari-800x533.jpg 800w\" sizes=\"(max-width: 400px) 100vw, 400px\" \/><br \/>\n<strong>Katemari Diogo Rosa<\/strong><br \/>\n(Reprodu\u00e7\u00e3o)<\/h6>\n<h3 id=\"katemari-diogo-rosa\"><strong>Katemari Diogo Rosa<\/strong><\/h3>\n<p>Professora da Universidade Federal da Bahia (UFBA) e doutora em <em>Science Education<\/em> pela Universidade de Columbia (EUA), suas pesquisas envolvem ensino de f\u00edsica e debates sobre g\u00eanero, sexualidade, ra\u00e7a e status socioecon\u00f4mico no ensino das ci\u00eancias. Integrante da Sociedade Brasileira de F\u00edsica (SBF), tamb\u00e9m faz parte da <em>National Organization of Gay and Lesbian Scientists and Technical Professionals<\/em> e da Associa\u00e7\u00e3o Brasileira de Pesquisadoras\/es Negras\/os (ABPN).<\/p>\n<h6 id=\"leila-gonzalezreproducao\"><img loading=\"lazy\" class=\"alignnone wp-image-2513\" src=\"https:\/\/revistacienciaecultura.org.br\/wp-content\/uploads\/2022\/06\/Lelia-Gonzalez-.jpeg\" alt=\"\" width=\"400\" height=\"271\" srcset=\"https:\/\/revistacienciaecultura.org.br\/wp-content\/uploads\/2022\/06\/Lelia-Gonzalez-.jpeg 273w, https:\/\/revistacienciaecultura.org.br\/wp-content\/uploads\/2022\/06\/Lelia-Gonzalez--18x12.jpeg 18w\" sizes=\"(max-width: 400px) 100vw, 400px\" \/><br \/>\n<strong>Leila Gonzalez<\/strong><br \/>\n(Reprodu\u00e7\u00e3o)<\/h6>\n<h3 id=\"lelia-gonzalez\"><strong>Lelia Gonzalez\u00a0<\/strong><\/h3>\n<p>Pioneira nas ci\u00eancias sociais no que se refere aos estudos sobre cultura negra no pa\u00eds. Doutora em antropologia, co-fundou o Instituto de Pesquisas das Culturas Negras do Rio de Janeiro. Seu pensamento atravessa filosofia, candombl\u00e9 e psican\u00e1lise, propondo uma vis\u00e3o afro-latino-americana do feminismo.<\/p>\n<h6 id=\"maria-jose-deanereproducao\"><img loading=\"lazy\" class=\"alignnone wp-image-2514\" src=\"https:\/\/revistacienciaecultura.org.br\/wp-content\/uploads\/2022\/06\/Maria-Jose\u0301-Deane-.jpeg\" alt=\"\" width=\"311\" height=\"400\" srcset=\"https:\/\/revistacienciaecultura.org.br\/wp-content\/uploads\/2022\/06\/Maria-Jose\u0301-Deane-.jpeg 198w, https:\/\/revistacienciaecultura.org.br\/wp-content\/uploads\/2022\/06\/Maria-Jose\u0301-Deane--9x12.jpeg 9w\" sizes=\"(max-width: 311px) 100vw, 311px\" \/><br \/>\n<strong>Maria Jos\u00e9 Deane<\/strong><br \/>\n(Reprodu\u00e7\u00e3o)<\/h6>\n<h3 id=\"maria-jose-deane\"><strong>Maria Jos\u00e9 Deane\u00a0<\/strong><\/h3>\n<p>M\u00e9dica parasit\u00f3loga, formou-se na Faculdade de Medicina e Cirurgia do Par\u00e1, em 1937, e viajou o Brasil estudando doen\u00e7as causadas por parasitas. Foi chefe do departamento de protozoologia da Fiocruz e na d\u00e9cada de 1980 e, mais tarde, vice-diretora da institui\u00e7\u00e3o. Suas pesquisas contribu\u00edram para a erradica\u00e7\u00e3o de epidemias causadas por parasita.<\/p>\n<h6 id=\"marcia-barbosareproducao\"><img loading=\"lazy\" class=\"alignnone wp-image-2515\" src=\"https:\/\/revistacienciaecultura.org.br\/wp-content\/uploads\/2022\/06\/marcia-barbosa.jpg\" alt=\"\" width=\"400\" height=\"264\" srcset=\"https:\/\/revistacienciaecultura.org.br\/wp-content\/uploads\/2022\/06\/marcia-barbosa.jpg 800w, https:\/\/revistacienciaecultura.org.br\/wp-content\/uploads\/2022\/06\/marcia-barbosa-300x198.jpg 300w, https:\/\/revistacienciaecultura.org.br\/wp-content\/uploads\/2022\/06\/marcia-barbosa-768x507.jpg 768w, https:\/\/revistacienciaecultura.org.br\/wp-content\/uploads\/2022\/06\/marcia-barbosa-18x12.jpg 18w\" sizes=\"(max-width: 400px) 100vw, 400px\" \/><br \/>\n<strong>M\u00e1rcia Barbosa<\/strong><br \/>\n(Reprodu\u00e7\u00e3o)<\/h6>\n<h3 id=\"marcia-barbosa\"><strong>M\u00e1rcia Barbosa<\/strong><\/h3>\n<p>Diretora da Academia Brasileira de Ci\u00eancias (ABC), integrante da Academia Mundial de Ci\u00eancias, professora e pesquisadora do Instituto de F\u00edsica da Universidade Federal do Rio Grande do Sul (UFRGS). Especialista em estudos relacionados \u00e0 \u00e1gua, em 2020, foi eleita pela Forbes uma das 20 mulheres mais poderosas do Brasil.<\/p>\n<h6 id=\"margareth-dalcolmoreproducao\"><img loading=\"lazy\" class=\"alignnone wp-image-2516\" src=\"https:\/\/revistacienciaecultura.org.br\/wp-content\/uploads\/2022\/06\/margareth.jpg\" alt=\"\" width=\"400\" height=\"365\" srcset=\"https:\/\/revistacienciaecultura.org.br\/wp-content\/uploads\/2022\/06\/margareth.jpg 1140w, https:\/\/revistacienciaecultura.org.br\/wp-content\/uploads\/2022\/06\/margareth-300x274.jpg 300w, https:\/\/revistacienciaecultura.org.br\/wp-content\/uploads\/2022\/06\/margareth-1024x934.jpg 1024w, https:\/\/revistacienciaecultura.org.br\/wp-content\/uploads\/2022\/06\/margareth-768x701.jpg 768w, https:\/\/revistacienciaecultura.org.br\/wp-content\/uploads\/2022\/06\/margareth-13x12.jpg 13w, https:\/\/revistacienciaecultura.org.br\/wp-content\/uploads\/2022\/06\/margareth-800x730.jpg 800w\" sizes=\"(max-width: 400px) 100vw, 400px\" \/><br \/>\n<strong>Margareth Dalcolmo<\/strong><br \/>\n(Reprodu\u00e7\u00e3o)<\/h6>\n<h3 id=\"margareth-dalcolmo\"><strong>Margareth Dalcolmo<\/strong><\/h3>\n<p>M\u00e9dica pneumologista, \u00e9 professora da PUC-Rio e pesquisadora da Fiocruz. Durante a pandemia, destacou-se em seu engajamento no combate as fake news e na divulga\u00e7\u00e3o de informa\u00e7\u00f5es sobre cuidados e vacina\u00e7\u00e3o.<\/p>\n<h6 id=\"maria-beatriz-do-nascimentoreproducao\"><img loading=\"lazy\" class=\"alignnone wp-image-2517\" src=\"https:\/\/revistacienciaecultura.org.br\/wp-content\/uploads\/2022\/06\/Maria-Beatriz-do-Nascimento-.jpeg\" alt=\"\" width=\"371\" height=\"400\" srcset=\"https:\/\/revistacienciaecultura.org.br\/wp-content\/uploads\/2022\/06\/Maria-Beatriz-do-Nascimento-.jpeg 216w, https:\/\/revistacienciaecultura.org.br\/wp-content\/uploads\/2022\/06\/Maria-Beatriz-do-Nascimento--11x12.jpeg 11w\" sizes=\"(max-width: 371px) 100vw, 371px\" \/><br \/>\n<strong>Maria Beatriz do Nascimento<\/strong><br \/>\n(Reprodu\u00e7\u00e3o)<\/h6>\n<h3 id=\"maria-beatriz-do-nascimento\"><strong>Maria Beatriz do Nascimento\u00a0<\/strong><\/h3>\n<p>Considerada uma das grandes pesquisadoras dos estudos \u00e9tnicos sobre o negro no pa\u00eds. Historiadora e ativista dos direitos humanos, Sua obra mais conhecida \u00e9 o document\u00e1rio Ori, de 1989.<\/p>\n<h6 id=\"mayana-zatzreproducao\"><img loading=\"lazy\" class=\"alignnone wp-image-2518\" src=\"https:\/\/revistacienciaecultura.org.br\/wp-content\/uploads\/2022\/06\/Mayana-Zatz.jpeg\" alt=\"\" width=\"400\" height=\"267\" srcset=\"https:\/\/revistacienciaecultura.org.br\/wp-content\/uploads\/2022\/06\/Mayana-Zatz.jpeg 1600w, https:\/\/revistacienciaecultura.org.br\/wp-content\/uploads\/2022\/06\/Mayana-Zatz-300x200.jpeg 300w, https:\/\/revistacienciaecultura.org.br\/wp-content\/uploads\/2022\/06\/Mayana-Zatz-1024x682.jpeg 1024w, https:\/\/revistacienciaecultura.org.br\/wp-content\/uploads\/2022\/06\/Mayana-Zatz-768x512.jpeg 768w, https:\/\/revistacienciaecultura.org.br\/wp-content\/uploads\/2022\/06\/Mayana-Zatz-1536x1023.jpeg 1536w, https:\/\/revistacienciaecultura.org.br\/wp-content\/uploads\/2022\/06\/Mayana-Zatz-18x12.jpeg 18w, https:\/\/revistacienciaecultura.org.br\/wp-content\/uploads\/2022\/06\/Mayana-Zatz-800x533.jpeg 800w, https:\/\/revistacienciaecultura.org.br\/wp-content\/uploads\/2022\/06\/Mayana-Zatz-1160x773.jpeg 1160w\" sizes=\"(max-width: 400px) 100vw, 400px\" \/><br \/>\n<strong>Mayana Zatz<\/strong><br \/>\n(Reprodu\u00e7\u00e3o)<\/h6>\n<h3 id=\"mayana-zatz\"><strong>Mayana Zatz<\/strong><\/h3>\n<p>Refer\u00eancia na \u00e1rea da pesquisa em gen\u00e9tica humana, reconhecida mundialmente. Em 1981, fundou a Associa\u00e7\u00e3o Brasileira de Distrofia Muscular.<\/p>\n<h6 id=\"mellanie-fontes-drutrareproducao\"><img loading=\"lazy\" class=\"alignnone wp-image-2519\" src=\"https:\/\/revistacienciaecultura.org.br\/wp-content\/uploads\/2022\/06\/Mellanie-Fontes-Dutra.jpeg\" alt=\"\" width=\"400\" height=\"400\" srcset=\"https:\/\/revistacienciaecultura.org.br\/wp-content\/uploads\/2022\/06\/Mellanie-Fontes-Dutra.jpeg 225w, https:\/\/revistacienciaecultura.org.br\/wp-content\/uploads\/2022\/06\/Mellanie-Fontes-Dutra-150x150.jpeg 150w, https:\/\/revistacienciaecultura.org.br\/wp-content\/uploads\/2022\/06\/Mellanie-Fontes-Dutra-12x12.jpeg 12w, https:\/\/revistacienciaecultura.org.br\/wp-content\/uploads\/2022\/06\/Mellanie-Fontes-Dutra-80x80.jpeg 80w\" sizes=\"(max-width: 400px) 100vw, 400px\" \/><br \/>\n<strong>Mellanie Fontes-Drutra<\/strong><br \/>\n(Reprodu\u00e7\u00e3o)<\/h6>\n<h3 id=\"mellanie-fontes-dutra\"><strong>Mellanie Fontes-Dutra<\/strong><\/h3>\n<p>Graduada em biomedicina pela Universidade Federal do Rio Grande do Sul (UFRGS), doutora em neuroci\u00eancia e p\u00f3s-doutora em bioqu\u00edmica. Com apenas 29 anos, organizou a Rede An\u00e1lise Covid-19, grupo formado por profissionais de diversas \u00e1reas que divulgam informa\u00e7\u00f5es cient\u00edficas para o enfrentamento \u00e0 Covid-19 em linguagem acess\u00edvel.<\/p>\n<h6 id=\"nadia-ayadreproducao\"><img loading=\"lazy\" class=\"alignnone wp-image-2520\" src=\"https:\/\/revistacienciaecultura.org.br\/wp-content\/uploads\/2022\/06\/Nadia-Ayad.jpeg\" alt=\"\" width=\"400\" height=\"400\" srcset=\"https:\/\/revistacienciaecultura.org.br\/wp-content\/uploads\/2022\/06\/Nadia-Ayad.jpeg 550w, https:\/\/revistacienciaecultura.org.br\/wp-content\/uploads\/2022\/06\/Nadia-Ayad-300x300.jpeg 300w, https:\/\/revistacienciaecultura.org.br\/wp-content\/uploads\/2022\/06\/Nadia-Ayad-150x150.jpeg 150w, https:\/\/revistacienciaecultura.org.br\/wp-content\/uploads\/2022\/06\/Nadia-Ayad-12x12.jpeg 12w, https:\/\/revistacienciaecultura.org.br\/wp-content\/uploads\/2022\/06\/Nadia-Ayad-80x80.jpeg 80w\" sizes=\"(max-width: 400px) 100vw, 400px\" \/><br \/>\n<strong>Nadia Ayad<\/strong><br \/>\n(Reprodu\u00e7\u00e3o)<\/h6>\n<h3 id=\"nadia-ayad\"><strong>Nadia Ayad<\/strong><\/h3>\n<p>Formada em engenharia de materiais pelo Instituto Militar de Engenharia (IME), doutoranda em bioengenharia pela Universidade de Berkeley, nos Estados Unidos e l\u00edder da Funda\u00e7\u00e3o Estudar. Recebeu o pr\u00eamio internacional <em>Global Graphene Challenge Competition <\/em>por criar um mecanismo sustent\u00e1vel que torna a \u00e1gua pot\u00e1vel usando a dessaliniza\u00e7\u00e3o a partir do grafeno.<\/p>\n<h6 id=\"natalia-pasternakreproducao\"><img loading=\"lazy\" class=\"alignnone wp-image-2521\" src=\"https:\/\/revistacienciaecultura.org.br\/wp-content\/uploads\/2022\/06\/Nata\u0301lia-Pasternak.jpeg\" alt=\"\" width=\"400\" height=\"400\" srcset=\"https:\/\/revistacienciaecultura.org.br\/wp-content\/uploads\/2022\/06\/Nata\u0301lia-Pasternak.jpeg 400w, https:\/\/revistacienciaecultura.org.br\/wp-content\/uploads\/2022\/06\/Nata\u0301lia-Pasternak-300x300.jpeg 300w, https:\/\/revistacienciaecultura.org.br\/wp-content\/uploads\/2022\/06\/Nata\u0301lia-Pasternak-150x150.jpeg 150w, https:\/\/revistacienciaecultura.org.br\/wp-content\/uploads\/2022\/06\/Nata\u0301lia-Pasternak-12x12.jpeg 12w, https:\/\/revistacienciaecultura.org.br\/wp-content\/uploads\/2022\/06\/Nata\u0301lia-Pasternak-80x80.jpeg 80w\" sizes=\"(max-width: 400px) 100vw, 400px\" \/><br \/>\n<strong>Nat\u00e1lia Pasternak<\/strong><br \/>\n(Reprodu\u00e7\u00e3o)<\/h6>\n<h3 id=\"natalia-pasternak\"><strong>Nat\u00e1lia Pasternak<\/strong><\/h3>\n<p>Diretora do Instituto Quest\u00e3o de Ci\u00eancia, teve papel fundamental na divulga\u00e7\u00e3o da ci\u00eancia durante a pandemia. Em 2020, organizou o primeiro curso de especializa\u00e7\u00e3o em comunica\u00e7\u00e3o p\u00fablica da ci\u00eancia na cidade de S\u00e3o Paulo e recebeu o pr\u00eamio Navalha de Ockham da publica\u00e7\u00e3o brit\u00e2nica \u201cThe Skeptic Reason with Compassion\u201d pelos esfor\u00e7os no combate \u00e0 desinforma\u00e7\u00e3o durante a crise sanit\u00e1ria.<\/p>\n<h6 id=\"simone-maia-evaristoreproducao\"><img loading=\"lazy\" class=\"alignnone wp-image-2522\" src=\"https:\/\/revistacienciaecultura.org.br\/wp-content\/uploads\/2022\/06\/Simone-Maia-Evaristo.jpeg\" alt=\"\" width=\"400\" height=\"267\" srcset=\"https:\/\/revistacienciaecultura.org.br\/wp-content\/uploads\/2022\/06\/Simone-Maia-Evaristo.jpeg 1000w, https:\/\/revistacienciaecultura.org.br\/wp-content\/uploads\/2022\/06\/Simone-Maia-Evaristo-300x200.jpeg 300w, https:\/\/revistacienciaecultura.org.br\/wp-content\/uploads\/2022\/06\/Simone-Maia-Evaristo-768x512.jpeg 768w, https:\/\/revistacienciaecultura.org.br\/wp-content\/uploads\/2022\/06\/Simone-Maia-Evaristo-18x12.jpeg 18w, https:\/\/revistacienciaecultura.org.br\/wp-content\/uploads\/2022\/06\/Simone-Maia-Evaristo-800x534.jpeg 800w\" sizes=\"(max-width: 400px) 100vw, 400px\" \/><br \/>\n<strong>Simone Maia Evaristo<\/strong><br \/>\n(Reprodu\u00e7\u00e3o)<\/h6>\n<h3 id=\"simone-maia-evaristo\"><strong>Simone Maia Evaristo<\/strong><\/h3>\n<p>Bi\u00f3loga formada pela Universidade Gama Filho, no Rio de Janeiro, e especializada em Citologia Cl\u00ednica pela Universidade Federal do Rio de Janeiro (UFRJ). \u00c9 presidente da Associa\u00e7\u00e3o Nacional de Citotecnologia (Anacito) e supervisora na \u00e1rea de ensino t\u00e9cnico do Instituto Nacional do C\u00e2ncer (INCA).<\/p>\n<h6 id=\"sonia-guimaraesreproducao\"><img loading=\"lazy\" class=\"alignnone wp-image-2523\" src=\"https:\/\/revistacienciaecultura.org.br\/wp-content\/uploads\/2022\/06\/Sonia-Guimara\u0303es.jpeg\" alt=\"\" width=\"400\" height=\"267\" srcset=\"https:\/\/revistacienciaecultura.org.br\/wp-content\/uploads\/2022\/06\/Sonia-Guimara\u0303es.jpeg 2560w, https:\/\/revistacienciaecultura.org.br\/wp-content\/uploads\/2022\/06\/Sonia-Guimara\u0303es-300x200.jpeg 300w, https:\/\/revistacienciaecultura.org.br\/wp-content\/uploads\/2022\/06\/Sonia-Guimara\u0303es-1024x683.jpeg 1024w, https:\/\/revistacienciaecultura.org.br\/wp-content\/uploads\/2022\/06\/Sonia-Guimara\u0303es-768x512.jpeg 768w, https:\/\/revistacienciaecultura.org.br\/wp-content\/uploads\/2022\/06\/Sonia-Guimara\u0303es-1536x1024.jpeg 1536w, https:\/\/revistacienciaecultura.org.br\/wp-content\/uploads\/2022\/06\/Sonia-Guimara\u0303es-2048x1366.jpeg 2048w, https:\/\/revistacienciaecultura.org.br\/wp-content\/uploads\/2022\/06\/Sonia-Guimara\u0303es-18x12.jpeg 18w, https:\/\/revistacienciaecultura.org.br\/wp-content\/uploads\/2022\/06\/Sonia-Guimara\u0303es-800x533.jpeg 800w, https:\/\/revistacienciaecultura.org.br\/wp-content\/uploads\/2022\/06\/Sonia-Guimara\u0303es-1160x773.jpeg 1160w\" sizes=\"(max-width: 400px) 100vw, 400px\" \/><br \/>\n<strong>Sonia Guimar\u00e3es<\/strong><br \/>\n(Reprodu\u00e7\u00e3o)<\/h6>\n<h3 id=\"sonia-guimaraes\"><strong>Sonia Guimar\u00e3es<\/strong><\/h3>\n<p>Primeira mulher negra doutora em f\u00edsica e tamb\u00e9m primeira mulher negra a lecionar no Instituto Tecnol\u00f3gico de Aeron\u00e1utica (ITA). \u00c9 ativista na luta contra o racismo e a discrimina\u00e7\u00e3o de g\u00eanero.<\/p>\n<h6 id=\"sonja-ashauerreproducao\"><img loading=\"lazy\" class=\"alignnone wp-image-2524\" src=\"https:\/\/revistacienciaecultura.org.br\/wp-content\/uploads\/2022\/06\/Sonja-Ashauer-.jpeg\" alt=\"\" width=\"400\" height=\"400\" srcset=\"https:\/\/revistacienciaecultura.org.br\/wp-content\/uploads\/2022\/06\/Sonja-Ashauer-.jpeg 612w, https:\/\/revistacienciaecultura.org.br\/wp-content\/uploads\/2022\/06\/Sonja-Ashauer--300x300.jpeg 300w, https:\/\/revistacienciaecultura.org.br\/wp-content\/uploads\/2022\/06\/Sonja-Ashauer--150x150.jpeg 150w, https:\/\/revistacienciaecultura.org.br\/wp-content\/uploads\/2022\/06\/Sonja-Ashauer--12x12.jpeg 12w, https:\/\/revistacienciaecultura.org.br\/wp-content\/uploads\/2022\/06\/Sonja-Ashauer--80x80.jpeg 80w\" sizes=\"(max-width: 400px) 100vw, 400px\" \/><br \/>\n<strong>Sonja Ashauer<\/strong><br \/>\n(Reprodu\u00e7\u00e3o)<\/h6>\n<h3 id=\"sonja-ashauer\"><strong>Sonja Ashauer<\/strong><\/h3>\n<p>Primeira mulher brasileira a concluir o doutorado em f\u00edsica pela Universidade de Cambridge, na Inglaterra. Pesquisou v\u00e1rios problemas relacionados \u00e0 mec\u00e2nica qu\u00e2ntica.<\/p>\n<h6 id=\"thelma-krugreproducao\"><img loading=\"lazy\" class=\"alignnone wp-image-2525\" src=\"https:\/\/revistacienciaecultura.org.br\/wp-content\/uploads\/2022\/06\/Thelma-Krug.jpeg\" alt=\"\" width=\"400\" height=\"258\" srcset=\"https:\/\/revistacienciaecultura.org.br\/wp-content\/uploads\/2022\/06\/Thelma-Krug.jpeg 279w, https:\/\/revistacienciaecultura.org.br\/wp-content\/uploads\/2022\/06\/Thelma-Krug-18x12.jpeg 18w\" sizes=\"(max-width: 400px) 100vw, 400px\" \/><br \/>\n<strong>Thelma Krug<\/strong><br \/>\n(Reprodu\u00e7\u00e3o)<\/h6>\n<h3 id=\"thelma-krug\"><strong>Thelma Krug<\/strong><\/h3>\n<p>Matem\u00e1tica, professora e pesquisadora com atua\u00e7\u00e3o na \u00e1rea de mudan\u00e7as clim\u00e1ticas. Pesquisadora aposentada do Instituto Nacional de Pesquisas Espaciais (Inpe) e vice-presidente do sigla em ingl\u00eas para o Painel Intergovernamental sobre Mudan\u00e7as Clim\u00e1ticas (IPCC), organiza\u00e7\u00e3o da ONU Graduou-se e fez mestrado na Roosevelt University, nos Estados Unidos, concluindo o doutorado em estat\u00edstica espacial pela Universidade de Sheffield, na Inglaterra.<\/p>\n<h6 id=\"vivian-miranda-reproducao\"><img loading=\"lazy\" class=\"alignnone wp-image-2526\" src=\"https:\/\/revistacienciaecultura.org.br\/wp-content\/uploads\/2022\/06\/Vivian-Miranda.jpeg\" alt=\"\" width=\"354\" height=\"400\" srcset=\"https:\/\/revistacienciaecultura.org.br\/wp-content\/uploads\/2022\/06\/Vivian-Miranda.jpeg 1770w, https:\/\/revistacienciaecultura.org.br\/wp-content\/uploads\/2022\/06\/Vivian-Miranda-266x300.jpeg 266w, https:\/\/revistacienciaecultura.org.br\/wp-content\/uploads\/2022\/06\/Vivian-Miranda-906x1024.jpeg 906w, https:\/\/revistacienciaecultura.org.br\/wp-content\/uploads\/2022\/06\/Vivian-Miranda-768x868.jpeg 768w, https:\/\/revistacienciaecultura.org.br\/wp-content\/uploads\/2022\/06\/Vivian-Miranda-1359x1536.jpeg 1359w, https:\/\/revistacienciaecultura.org.br\/wp-content\/uploads\/2022\/06\/Vivian-Miranda-11x12.jpeg 11w, https:\/\/revistacienciaecultura.org.br\/wp-content\/uploads\/2022\/06\/Vivian-Miranda-800x904.jpeg 800w, https:\/\/revistacienciaecultura.org.br\/wp-content\/uploads\/2022\/06\/Vivian-Miranda-1160x1311.jpeg 1160w\" sizes=\"(max-width: 354px) 100vw, 354px\" \/><br \/>\n<strong>Vivian Miranda\u00a0<\/strong><br \/>\n(Reprodu\u00e7\u00e3o)<\/h6>\n<h3 id=\"vivian-miranda\"><strong>Vivian Miranda<\/strong><\/h3>\n<p>\u00danica brasileira a trabalhar em um projeto da Nasa para desenvolver um sat\u00e9lite avaliado em US$ 3,5 bilh\u00f5es (R$ 16,74 bilh\u00f5es). Graduada em f\u00edsica pela Universidade Federal do Rio de Janeiro (UFRJ) \u00e9 a primeira transexual a cursar p\u00f3s-doutorado em astrof\u00edsica na Universidade do Arizona (EUA), onde tamb\u00e9m \u00e9 pesquisadora.<\/p>\n<h6 id=\"viviane-dos-santosreproducao\"><img loading=\"lazy\" class=\"alignnone wp-image-2527 size-full\" src=\"https:\/\/revistacienciaecultura.org.br\/wp-content\/uploads\/2022\/06\/viviane.jpg\" alt=\"\" width=\"400\" height=\"271\" srcset=\"https:\/\/revistacienciaecultura.org.br\/wp-content\/uploads\/2022\/06\/viviane.jpg 400w, https:\/\/revistacienciaecultura.org.br\/wp-content\/uploads\/2022\/06\/viviane-300x203.jpg 300w, https:\/\/revistacienciaecultura.org.br\/wp-content\/uploads\/2022\/06\/viviane-18x12.jpg 18w\" sizes=\"(max-width: 400px) 100vw, 400px\" \/><br \/>\n<strong>Viviane dos Santos<\/strong><br \/>\n(Reprodu\u00e7\u00e3o)<\/h6>\n<h3 id=\"viviane-dos-santos\"><strong>Viviane dos Santos<\/strong><\/h3>\n<p>Desenvolveu um produto catalisador que reduz emiss\u00e3o de gases poluentes, recebendo premia\u00e7\u00e3o m\u00e1xima em 2010 em uma confer\u00eancia na Finl\u00e2ndia, onde concorreu com 800 pesquisadores. Estudou bioqu\u00edmica e engenharia qu\u00edmica na Delft University of Technology.<\/p>\n","protected":false},"excerpt":{"rendered":"Apesar de todos os desafios e preconceitos, \u00e9 cada vez mais marcante&hellip;\n","protected":false},"author":19,"featured_media":2528,"comment_status":"open","ping_status":"open","sticky":false,"template":"","format":"standard","meta":[],"categories":[1,2],"tags":[],"acf":[],"_links":{"self":[{"href":"https:\/\/revistacienciaecultura.org.br\/index.php?rest_route=\/wp\/v2\/posts\/2502"}],"collection":[{"href":"https:\/\/revistacienciaecultura.org.br\/index.php?rest_route=\/wp\/v2\/posts"}],"about":[{"href":"https:\/\/revistacienciaecultura.org.br\/index.php?rest_route=\/wp\/v2\/types\/post"}],"author":[{"embeddable":true,"href":"https:\/\/revistacienciaecultura.org.br\/index.php?rest_route=\/wp\/v2\/users\/19"}],"replies":[{"embeddable":true,"href":"https:\/\/revistacienciaecultura.org.br\/index.php?rest_route=%2Fwp%2Fv2%2Fcomments&post=2502"}],"version-history":[{"count":4,"href":"https:\/\/revistacienciaecultura.org.br\/index.php?rest_route=\/wp\/v2\/posts\/2502\/revisions"}],"predecessor-version":[{"id":2530,"href":"https:\/\/revistacienciaecultura.org.br\/index.php?rest_route=\/wp\/v2\/posts\/2502\/revisions\/2530"}],"wp:featuredmedia":[{"embeddable":true,"href":"https:\/\/revistacienciaecultura.org.br\/index.php?rest_route=\/wp\/v2\/media\/2528"}],"wp:attachment":[{"href":"https:\/\/revistacienciaecultura.org.br\/index.php?rest_route=%2Fwp%2Fv2%2Fmedia&parent=2502"}],"wp:term":[{"taxonomy":"category","embeddable":true,"href":"https:\/\/revistacienciaecultura.org.br\/index.php?rest_route=%2Fwp%2Fv2%2Fcategories&post=2502"},{"taxonomy":"post_tag","embeddable":true,"href":"https:\/\/revistacienciaecultura.org.br\/index.php?rest_route=%2Fwp%2Fv2%2Ftags&post=2502"}],"curies":[{"name":"wp","href":"https:\/\/api.w.org\/{rel}","templated":true}]}}